{"id":324324,"date":"2025-05-25T10:00:16","date_gmt":"2025-05-25T08:00:16","guid":{"rendered":"https:\/\/www.luxor.cz\/blog\/nezarazene\/64307-tahle-kniha-je-naprosta-pecka\/"},"modified":"2025-05-25T10:00:16","modified_gmt":"2025-05-25T08:00:16","slug":"64307-tahle-kniha-je-naprosta-pecka","status":"publish","type":"post","link":"https:\/\/www.luxor.cz\/blog\/recenze\/64307-tahle-kniha-je-naprosta-pecka\/","title":{"rendered":"Tahle kniha je naprost\u00e1 pecka!"},"content":{"rendered":"<p style=\"font-weight: 400;\">Wow. No \u0159ekn\u011bte sami, nen\u00ed tohle za\u010d\u00e1tek, kter\u00fd upout\u00e1 pozornost \u010dten\u00e1\u0159e? Mou si tedy rozhodn\u011b z\u00edskal.<\/p>\n<p style=\"font-weight: 400;\">Juliette je d\u00edvka se zvl\u00e1\u0161tn\u00ed schopnost\u00ed \u2013 jej\u00ed dotek je pro ostatn\u00ed lidi smrt\u00edc\u00ed. V\u0161ichni se j\u00ed proto cel\u00fd \u017eivot vyh\u00fdbali. Jej\u00ed rodi\u010de se j\u00ed b\u00e1li, ve \u0161kole nem\u011bla kamar\u00e1dy. A kdy\u017e ve \u010dtrn\u00e1cti letech n\u011bkoho ne\u0161\u0165astnou n\u00e1hodou zabila, skon\u010dila v\u00a0p\u00e9\u010di \u00fa\u0159ad\u016f. L\u00e9ka\u0159i ji zkoumali a testovali, aby nakonec zjistili, \u017ee se j\u00ed ned\u00e1 pomoci, a zav\u0159eli ji do \u00fastavu, kter\u00fd jako by vypadl z\u00a0hororu.<\/p>\n<p style=\"font-weight: 400;\">A tady za\u010d\u00edn\u00e1 p\u0159\u00edb\u011bh knihy <em>Jsem rozt\u0159\u00ed\u0161t\u011bn\u00e1<\/em>. Juliette se nach\u00e1z\u00ed ve sv\u00e9m \u201epokoji\u201c u\u017e dlouh\u00e9 m\u011bs\u00edce, kdy\u017e najednou dostane spolubydl\u00edc\u00edho. Kluka. Zprvu je z\u00a0n\u011bj vyd\u011b\u0161en\u00e1, ale i kdy\u017e spolu neza\u010dali zrovna nejl\u00e9pe, p\u0159esto se mu sna\u017e\u00ed pomoci. A brzy v\u00a0n\u011bm nav\u00edc pozn\u00e1 Adama, spolu\u017e\u00e1ka, kter\u00fd se na ni jako jedin\u00fd d\u00edval jako na \u010dlov\u011bka.<\/p>\n<p style=\"font-weight: 400;\">A najednou se jej\u00ed \u017eivot \u00fapln\u011b zm\u011bn\u00ed. Z\u00a0\u00fastavu ji odvedou voj\u00e1ci a Juliette zjist\u00ed, \u017ee Adam je jedn\u00edm z\u00a0nich. M\u011bl otestovat jej\u00ed p\u0159\u00ed\u010detnost, ne\u017e se setk\u00e1 s\u00a0jeho velitelem, psychopatick\u00fdm mlad\u00edkem Warnerem. Ten je Juliette uchv\u00e1cen\u00fd a tou\u017e\u00ed ji z\u00edskat na svou stranu. P\u0159eje si, aby pro n\u011bj mu\u010dila a zab\u00edjela. Co\u017e ona kv\u016fli sv\u00fdm mor\u00e1ln\u00edm z\u00e1sad\u00e1m odm\u00edt\u00e1.<\/p>\n<p style=\"font-weight: 400;\">A nav\u00edc je tu Adam, kter\u00fd tvrd\u00ed, \u017ee v\u011bci nejsou tak, jak se zdaj\u00ed. Adam, kter\u00fd se j\u00ed jako jedin\u00fd m\u016f\u017ee dotknout! Anebo nen\u00ed jedin\u00fd?<\/p>\n<p style=\"font-weight: 400;\">Cel\u00fd p\u0159\u00edb\u011bh se odehr\u00e1v\u00e1 v\u00a0postapokalyptick\u00e9m sv\u011bt\u011b. Lidstvo vym\u00edr\u00e1. Obloha u\u017e nen\u00ed modr\u00e1. Kv\u011btiny prakticky zmizely. Pt\u00e1ci u\u017e jsou pouze poh\u00e1dkou. A do t\u00e9to reality p\u0159i\u0161la Obnova, skupina, kter\u00e1 slibovala, \u017ee sv\u011bt naprav\u00ed. Slibovala lidem lep\u0161\u00ed, bezpe\u010dnou budoucnost. Jak u\u017e to ale \u010dasto b\u00fdv\u00e1, nad\u011bje se prom\u011bnila v\u00a0drsnou diktaturu. Obnova se sna\u017e\u00ed jen pos\u00edlit svou moc a udr\u017eet si ji. Vra\u017ed\u00ed sv\u00e9 odp\u016frce, p\u00e1l\u00ed knihy a um\u011bleck\u00e1 d\u00edla a o pomoc lidem se nezaj\u00edm\u00e1. Warner \u017eije v\u00a0luxusu, kter\u00fd nab\u00edz\u00ed i Juliette, zat\u00edmco civilist\u00e9 hladov\u00ed.<\/p>\n<p style=\"font-weight: 400;\">J\u00e1 osobn\u011b dystopick\u00e9 p\u0159\u00edb\u011bhy miluju. L\u00edb\u00ed se mi zp\u016fsoby, jimi\u017e auto\u0159i zkoumaj\u00ed a posuzuj\u00ed na\u0161i lidskost. A tento p\u0159\u00edb\u011bh rozhodn\u011b nen\u00ed v\u00fdjimkou. Vzbuzuje mnoho ot\u00e1zek. Jak bychom se zachovali na m\u00edst\u011b Juliette? Na m\u00edst\u011b Adama nebo Juliettin\u00fdch rodi\u010d\u016f? Psychologie postav je za m\u011b moc dob\u0159e vykreslen\u00e1 a Warner se \u0159ad\u00ed k\u00a0nejl\u00e9pe napsan\u00fdm psychopat\u016fm, na kter\u00e9 jsem kdy v\u00a0knize narazila.<\/p>\n<p style=\"font-weight: 400;\">Co na p\u0159\u00edb\u011bhu nesm\u00edrn\u011b oce\u0148uji, je autor\u010din origin\u00e1ln\u00ed styl. Tahereh Mafi m\u011b zde \u00fapln\u011b okouzlila. Zp\u016fsob, jak\u00fdm si hraje s\u00a0metaforami nebo jen se slovy jako takov\u00fdmi, je neskute\u010dn\u00fd. Sama na za\u010d\u00e1tku vysv\u011btluje, \u017ee styl psan\u00ed odr\u00e1\u017e\u00ed chaos v\u00a0Juliettin\u011b hlav\u011b a s\u00a0t\u00edm, jak se hrdinka vyv\u00edj\u00ed a m\u011bn\u00ed, se m\u011bn\u00ed i ten. Setk\u00e1me se zde s\u00a0p\u0159e\u0161krtan\u00fdmi v\u00fdrazy i cel\u00fdmi v\u011btami, s\u00a0opakov\u00e1n\u00edm a posedlost\u00ed \u010d\u00edsly. Juliette skoro rok nemluvila s\u00a0\u017eivou du\u0161\u00ed, tak\u017ee d\u00e1v\u00e1 dokonal\u00fd smysl, \u017ee je jej\u00ed vyjad\u0159ov\u00e1n\u00ed trochu neortodoxn\u00ed. J\u00e1 sama jsem nav\u00edc milovnice rozmanit\u00fdch popis\u016f, zvl\u00e1\u0161tn\u00edch vyj\u00e1d\u0159en\u00ed a hr\u00e1tek s\u00a0jazykem, tud\u00ed\u017e jsem si tuhle str\u00e1nku knihy neskute\u010dn\u011b u\u017e\u00edvala.<\/p>\n<p style=\"font-weight: 400;\">To ale nen\u00ed v\u0161echno, proto\u017ee bez po\u0159\u00e1dn\u00e9ho p\u0159\u00edb\u011bhu by v\u0161echna ta pr\u00e1ce p\u0159i\u0161la vnive\u010d. Co\u017e se ale na\u0161t\u011bst\u00ed nestalo, proto\u017ee p\u0159\u00edb\u011bh m\u011b pohltil \u00fapln\u011b stejn\u011b jako autor\u010din styl vypr\u00e1v\u011bn\u00ed. Bavil m\u011b od prvn\u00ed do posledn\u00ed str\u00e1nky. Doslova jsem se od knihy nemohla odtrhnout. A u\u017e se stra\u0161n\u011b t\u011b\u0161\u00edm na dal\u0161\u00ed d\u00edl.<\/p>\n<p style=\"font-weight: 400;\">Nov\u00e9 vyd\u00e1n\u00ed knihy m\u00e1 kr\u00e1snou ob\u00e1lku i o\u0159\u00edzku, kter\u00e1 p\u016fsob\u00ed velmi jemn\u011b a melancholicky. B\u00e1je\u010dn\u011b se ke knize hod\u00ed. Jen bych na ob\u00e1lku je\u0161t\u011b p\u0159idala b\u00edl\u00e9ho pt\u00e1ka s\u00a0korunkou ze zlat\u00fdch p\u00edrek \u2013 kdo \u010detl, v\u00ed pro\u010d.<\/p>\n<p style=\"font-weight: 400;\">Pokud stejn\u011b jako j\u00e1 milujete dystopie, tuhle si rozhodn\u011b mus\u00edte p\u0159e\u010d\u00edst. V\u011b\u0159te mi, stoj\u00ed to za to.<\/p>\n<p style=\"font-weight: 400;\">\u00a0<\/p>\n<p style=\"font-weight: 400;\">\u00a0<\/p>\n<p style=\"font-weight: 400;\">Petra Kamlachov\u00e1<\/p>\n<p>Autor:\u00a0Petra Kamlachov\u00e1<\/p>\n","protected":false},"excerpt":{"rendered":"<p>Jsem zav\u0159en\u00e1 u\u017e 264 dn\u00ed. Za 264 dn\u00ed v\u00a0izolaci jsem nevyslovila ani jedno z\u00a042 p\u00edsmen abecedy. Od okam\u017eiku, kdy jsem se naposledy dotkla lidsk\u00e9 bytosti, m\u011b d\u011bl\u00ed 6336 hodin.<\/p>\n","protected":false},"author":2,"featured_media":324325,"comment_status":"open","ping_status":"open","sticky":false,"template":"","format":"standard","meta":{"_acf_changed":false,"_monsterinsights_skip_tracking":false,"_monsterinsights_sitenote_active":false,"_monsterinsights_sitenote_note":"","_monsterinsights_sitenote_category":0,"_EventAllDay":false,"_EventTimezone":"","_EventStartDate":"","_EventEndDate":"","_EventStartDateUTC":"","_EventEndDateUTC":"","_EventShowMap":false,"_EventShowMapLink":false,"_EventURL":"","_EventCost":"","_EventCostDescription":"","_EventCurrencySymbol":"","_EventCurrencyCode":"","_EventCurrencyPosition":"","_EventDateTimeSeparator":"","_EventTimeRangeSeparator":"","_EventOrganizerID":[],"_EventVenueID":[],"_OrganizerEmail":"","_OrganizerPhone":"","_OrganizerWebsite":"","_VenueAddress":"","_VenueCity":"","_VenueCountry":"","_VenueProvince":"","_VenueState":"","_VenueZip":"","_VenuePhone":"","_VenueURL":"","_VenueStateProvince":"","_VenueLat":"","_VenueLng":"","_VenueShowMap":false,"_VenueShowMapLink":false,"twitterCardType":"","cardImageID":0,"cardImage":"","cardTitle":"","cardDesc":"","cardImageAlt":"","cardPlayer":"","cardPlayerWidth":0,"cardPlayerHeight":0,"cardPlayerStream":"","cardPlayerCodec":"","footnotes":""},"categories":[7],"tags":[21832],"class_list":["post-324324","post","type-post","status-publish","format-standard","has-post-thumbnail","hentry","category-recenze","tag-literarni-kavarna"],"acf":{"related_products":null},"_links":{"self":[{"href":"https:\/\/www.luxor.cz\/blog\/wp-json\/wp\/v2\/posts\/324324","targetHints":{"allow":["GET"]}}],"collection":[{"href":"https:\/\/www.luxor.cz\/blog\/wp-json\/wp\/v2\/posts"}],"about":[{"href":"https:\/\/www.luxor.cz\/blog\/wp-json\/wp\/v2\/types\/post"}],"author":[{"embeddable":true,"href":"https:\/\/www.luxor.cz\/blog\/wp-json\/wp\/v2\/users\/2"}],"replies":[{"embeddable":true,"href":"https:\/\/www.luxor.cz\/blog\/wp-json\/wp\/v2\/comments?post=324324"}],"version-history":[{"count":0,"href":"https:\/\/www.luxor.cz\/blog\/wp-json\/wp\/v2\/posts\/324324\/revisions"}],"wp:featuredmedia":[{"embeddable":true,"href":"https:\/\/www.luxor.cz\/blog\/wp-json\/wp\/v2\/media\/324325"}],"wp:attachment":[{"href":"https:\/\/www.luxor.cz\/blog\/wp-json\/wp\/v2\/media?parent=324324"}],"wp:term":[{"taxonomy":"category","embeddable":true,"href":"https:\/\/www.luxor.cz\/blog\/wp-json\/wp\/v2\/categories?post=324324"},{"taxonomy":"post_tag","embeddable":true,"href":"https:\/\/www.luxor.cz\/blog\/wp-json\/wp\/v2\/tags?post=324324"}],"curies":[{"name":"wp","href":"https:\/\/api.w.org\/{rel}","templated":true}]}}