{"id":324320,"date":"2025-05-29T10:00:05","date_gmt":"2025-05-29T08:00:05","guid":{"rendered":"https:\/\/www.luxor.cz\/blog\/nezarazene\/64309-tak-zatracene-sexy\/"},"modified":"2025-05-29T10:00:05","modified_gmt":"2025-05-29T08:00:05","slug":"64309-tak-zatracene-sexy","status":"publish","type":"post","link":"https:\/\/www.luxor.cz\/blog\/recenze\/64309-tak-zatracene-sexy\/","title":{"rendered":"Tak zatracen\u011b sexy"},"content":{"rendered":"<p style=\"font-weight: 400;\">Cade Eaton je nabru\u010den\u00fd u\u017e p\u011bkn\u011b dlouho. Neexistuje snad jedin\u00fd zp\u016fsob, jak by mohl za\u010d\u00edt, by\u0165 jen uva\u017eovat nad t\u00edm, \u017ee by znovu mohl m\u00edt r\u00e1d \u017eeny. Ta proklet\u00e1 stvo\u0159en\u00ed, kter\u00e1 si d\u011blaj\u00ed, co cht\u011bj\u00ed a na ni\u010dem jin\u00e9m jim snad ani nez\u00e1le\u017e\u00ed.<\/p>\n<p style=\"font-weight: 400;\">Jen\u017ee chyba l\u00e1vky. Cade m\u00e1 p\u011btilet\u00e9ho syna Luka a pokud se mu nepoda\u0159\u00ed naj\u00edt pro n\u011bj ch\u016fvu, nebude st\u00edhat nic dal\u0161\u00edho. Na farm\u011b je v\u0161ak tolik pr\u00e1ce, \u017ee se prakticky nezastav\u00ed.<\/p>\n<p style=\"font-weight: 400;\">Cadeova budouc\u00ed \u0161vagrov\u00e1 Summer u\u017e hl\u00eddat nem\u016f\u017ee. Jeho t\u00e1ta by sice r\u00e1d, ale co si budeme pov\u00eddat, zvl\u00e1dat celodenn\u011b mal\u00e9 d\u00edt\u011b, nen\u00ed zrovna proch\u00e1zka r\u016f\u017eovou zahradou. Je to n\u00e1ro\u010dn\u00e9.<\/p>\n<p style=\"font-weight: 400;\">Ka\u017ed\u00e1 sle\u010dna, kter\u00e1 dorazila na pohovor kv\u016fli nov\u00e9 pr\u00e1ci, se v\u0161ak jev\u00ed jako beznad\u011bjn\u00fd p\u0159\u00edpad. Bu\u010f je naprosto jasn\u00e9, \u017ee maj\u00ed z\u00e1jem sp\u00ed\u0161 o sexy ran\u010dera, ne\u017e o v\u00fdchovu jeho syna, nebo se najde v\u017edy n\u011bjak\u00fd d\u016fvod, pro\u010d je nep\u0159ijmout. Ot\u00e1zka je, d\u011bl\u00e1 to Cade snad schv\u00e1ln\u011b?<\/p>\n<p style=\"font-weight: 400;\">Willa je z naprosto jin\u00e9ho t\u011bsta. Uvoln\u011bn\u00e1, temperamentn\u00ed, spont\u00e1nn\u00ed, vesel\u00e1 a hodn\u011b upov\u00eddan\u00e1 m\u011bstsk\u00e1 holka. Nav\u00edc tak\u00e9 o dost mlad\u0161\u00ed, ale komu by to vadilo? Ne\u010dekan\u011b z\u00edskala volno na cel\u00e9 l\u00e9to, a tak p\u0159em\u00fd\u0161l\u00ed, co v\u0161echno by cht\u011bla podniknout. To, \u017ee j\u00ed k sob\u011b pozvala jej\u00ed kamar\u00e1dka Summer, se zrovna docela hod\u00ed.<\/p>\n<p style=\"font-weight: 400;\">Jen kdyby Willa tu\u0161ila, co se na ni chyst\u00e1.<\/p>\n<p style=\"font-weight: 400;\">Ze za\u010d\u00e1tku knihy jsem m\u011bla probl\u00e9m, kdy\u017e byla kapitola z pohledu Cadea. Netu\u0161\u00edm pro\u010d, ale po\u0159\u00e1d jsem si musela p\u0159ipom\u00ednat, \u017ee to nejsou my\u0161lenky \u017eeny, ale jsou mu\u017ee. Nav\u00edc tak zatracen\u011b sexy kovboje. Mo\u017en\u00e1 to bylo stylem psan\u00ed autorky, na kterou nejsem zvykl\u00e1.<\/p>\n<p style=\"font-weight: 400;\">Kniha sama o sob\u011b je opravdu \u010dtiv\u00e1. Kapitoly se st\u0159\u00eddaj\u00ed v pohledu Willou a pohledu Cadea. Hned od jejich sezn\u00e1men\u00ed mus\u00ed b\u00fdt \u010dten\u00e1\u0159i jasn\u00e9, \u017ee to nez\u016fstane bez n\u00e1sledk\u016f. Jisk\u0159\u00ed to mezi nimi je\u0161t\u011b d\u0159\u00edv, ne\u017e si stihnou poprv\u00e9 promluvit.<\/p>\n<p style=\"font-weight: 400;\">Jasn\u011b, p\u0159\u00edb\u011bh je docela p\u0159edv\u00eddateln\u00fd, ale rozhodn\u011b stoj\u00ed za p\u0159e\u010dten\u00ed. Pobav\u00ed a u sarkastick\u00fdch pozn\u00e1mek se \u010dten\u00e1\u0159 \u010dasto zasm\u011bje. Zde se jasn\u011b potvrzuje pravidlo, \u017ee co se \u0161k\u00e1dl\u00edv\u00e1, to se r\u00e1do m\u00edv\u00e1. Protiklady se zkr\u00e1tka mohou p\u0159itahovat.<\/p>\n<p style=\"font-weight: 400;\">O erotick\u00e9 nap\u011bt\u00ed, v\u00e1\u0161e\u0148 a touhu nen\u00ed v knize nouze. Nejen Willou mus\u00ed z\u00e1pasit sama se sebou, proto\u017ee kdo by necht\u011bl potkat n\u011bkoho tak f\u00e9rov\u00e9ho, loaj\u00e1ln\u00edho, pracovit\u00e9ho, a tak neskute\u010dn\u011b pohledn\u00e9ho?<\/p>\n<p style=\"font-weight: 400;\">Kniha Bezcitn\u011b od autorky Elsie Silver je ji\u017e druh\u00fd d\u00edl ze s\u00e9rie Chestnut Springs. Prvn\u00ed knihu jste si u n\u00e1s mohli p\u0159e\u010d\u00edst pod n\u00e1zvem Bezchybn\u011b. Romantick\u00fd p\u0159\u00edb\u011bh je p\u0159\u00edjemnou oddechovkou, kterou chcete \u010d\u00edst na dovolen\u00e9 nebo po n\u00e1ro\u010dn\u00e9m dni v pr\u00e1ci.<\/p>\n<p style=\"font-weight: 400;\">\u00a0<\/p>\n<p style=\"font-weight: 400;\">\u00a0<\/p>\n<p style=\"font-weight: 400;\">Eva Mare\u0161ov\u00e1<\/p>\n<p>Autor:\u00a0Eva Mare\u0161ov\u00e1<\/p>\n","protected":false},"excerpt":{"rendered":"<p>Sj\u00ed\u017ed\u011bl pohledem po jej\u00edm \u017ehav\u00e9m t\u011ble. Je tak dokonal\u00e1 a jej\u00ed hlas\u2026 Doh\u00e1n\u011bla ho k \u0161\u00edlenstv\u00ed, a to v\u016fbec netu\u0161il, o koho se jedn\u00e1. Ne\u017e j\u00ed cosi vypadlo z kabelky. Nemohl uv\u011b\u0159it tomu, na co se d\u00edv\u00e1. Pro\u010d jen se rozhodl sehnout a podat j\u00ed to?<\/p>\n","protected":false},"author":2,"featured_media":324321,"comment_status":"open","ping_status":"open","sticky":false,"template":"","format":"standard","meta":{"_acf_changed":false,"_monsterinsights_skip_tracking":false,"_monsterinsights_sitenote_active":false,"_monsterinsights_sitenote_note":"","_monsterinsights_sitenote_category":0,"_EventAllDay":false,"_EventTimezone":"","_EventStartDate":"","_EventEndDate":"","_EventStartDateUTC":"","_EventEndDateUTC":"","_EventShowMap":false,"_EventShowMapLink":false,"_EventURL":"","_EventCost":"","_EventCostDescription":"","_EventCurrencySymbol":"","_EventCurrencyCode":"","_EventCurrencyPosition":"","_EventDateTimeSeparator":"","_EventTimeRangeSeparator":"","_EventOrganizerID":[],"_EventVenueID":[],"_OrganizerEmail":"","_OrganizerPhone":"","_OrganizerWebsite":"","_VenueAddress":"","_VenueCity":"","_VenueCountry":"","_VenueProvince":"","_VenueState":"","_VenueZip":"","_VenuePhone":"","_VenueURL":"","_VenueStateProvince":"","_VenueLat":"","_VenueLng":"","_VenueShowMap":false,"_VenueShowMapLink":false,"twitterCardType":"","cardImageID":0,"cardImage":"","cardTitle":"","cardDesc":"","cardImageAlt":"","cardPlayer":"","cardPlayerWidth":0,"cardPlayerHeight":0,"cardPlayerStream":"","cardPlayerCodec":"","footnotes":""},"categories":[7],"tags":[21832],"class_list":["post-324320","post","type-post","status-publish","format-standard","has-post-thumbnail","hentry","category-recenze","tag-literarni-kavarna"],"acf":{"related_products":null},"_links":{"self":[{"href":"https:\/\/www.luxor.cz\/blog\/wp-json\/wp\/v2\/posts\/324320","targetHints":{"allow":["GET"]}}],"collection":[{"href":"https:\/\/www.luxor.cz\/blog\/wp-json\/wp\/v2\/posts"}],"about":[{"href":"https:\/\/www.luxor.cz\/blog\/wp-json\/wp\/v2\/types\/post"}],"author":[{"embeddable":true,"href":"https:\/\/www.luxor.cz\/blog\/wp-json\/wp\/v2\/users\/2"}],"replies":[{"embeddable":true,"href":"https:\/\/www.luxor.cz\/blog\/wp-json\/wp\/v2\/comments?post=324320"}],"version-history":[{"count":0,"href":"https:\/\/www.luxor.cz\/blog\/wp-json\/wp\/v2\/posts\/324320\/revisions"}],"wp:featuredmedia":[{"embeddable":true,"href":"https:\/\/www.luxor.cz\/blog\/wp-json\/wp\/v2\/media\/324321"}],"wp:attachment":[{"href":"https:\/\/www.luxor.cz\/blog\/wp-json\/wp\/v2\/media?parent=324320"}],"wp:term":[{"taxonomy":"category","embeddable":true,"href":"https:\/\/www.luxor.cz\/blog\/wp-json\/wp\/v2\/categories?post=324320"},{"taxonomy":"post_tag","embeddable":true,"href":"https:\/\/www.luxor.cz\/blog\/wp-json\/wp\/v2\/tags?post=324320"}],"curies":[{"name":"wp","href":"https:\/\/api.w.org\/{rel}","templated":true}]}}