{"id":324316,"date":"2025-06-02T10:00:29","date_gmt":"2025-06-02T08:00:29","guid":{"rendered":"https:\/\/www.luxor.cz\/blog\/nezarazene\/64311-byt-ci-nebyt-matkou\/"},"modified":"2025-06-02T10:00:29","modified_gmt":"2025-06-02T08:00:29","slug":"64311-byt-ci-nebyt-matkou","status":"publish","type":"post","link":"https:\/\/www.luxor.cz\/blog\/recenze\/64311-byt-ci-nebyt-matkou\/","title":{"rendered":"B\u00fdt \u010di neb\u00fdt matkou"},"content":{"rendered":"<p style=\"font-weight: 400;\">Ema je mlad\u00e1 a divok\u00e1, chce si u\u017e\u00edvat \u017eivota. Ale najednou p\u0159ijde zlom a do jej\u00edho \u017eivota vstoup\u00ed touha. Touha m\u00edt d\u00edt\u011b. Av\u0161ak cesta k\u00a0vysn\u011bn\u00e9mu mate\u0159stv\u00ed b\u00fdv\u00e1 trnit\u00e1 a n\u011bkdy nen\u00ed l\u00e9pe ani kdy\u017e se kone\u010dn\u011b poda\u0159\u00ed ot\u011bhotn\u011bt. Hyperemesis gravidarum. Tento latinsk\u00fd n\u00e1zev zn\u00ed d\u011bsiv\u011b a stejn\u011b hrozn\u011b se c\u00edt\u00ed \u017eena, kter\u00e1 touto nadm\u011brnou t\u011bhotenskou nevolnost\u00ed trp\u00ed.<\/p>\n<p style=\"font-weight: 400;\">Kniha n\u00e1m p\u0159in\u00e1\u0161\u00ed t\u00e9ma, kter\u00e9 bude v\u017edy aktu\u00e1ln\u00ed, dokud tu bude lidstvo. A mo\u017en\u00e1 st\u00e1le aktu\u00e1ln\u011bj\u0161\u00ed, nebo\u0165 se \u010dast\u011bji mus\u00ed \u0159e\u0161it to, zda \u017eena v\u016fbec m\u016f\u017ee ot\u011bhotn\u011bt a jak j\u00ed m\u016f\u017eou v\u011bda a l\u00e9ka\u0159i pomoci.<\/p>\n<p style=\"font-weight: 400;\">Od za\u010d\u00e1tku je kniha \u010dtiv\u00e1, nemohla jsem se od n\u00ed odtrhnout. Je tu zaj\u00edmav\u011b pospojovan\u00e1 p\u0159\u00edtomnost a minulost, kdy postupn\u011b odhalujeme, co se hlavn\u00ed hrdince p\u0159ihodilo, co ji\u017e pro\u017eila a pro\u010d je te\u010f takov\u00e1, jak\u00e1 je. Ema je tu pops\u00e1na tak, \u017ee jsem m\u011bla pocit, \u017ee ji zn\u00e1m, \u017ee je moje kamar\u00e1dka a rozum\u00edm j\u00ed. D\u00edky tomu, se m\u011b v\u00edce dotkly v\u0161echny jej\u00ed \u017eivotn\u00ed situace. L\u00e9pe jsem ch\u00e1pala jej\u00ed rozhodnut\u00ed a nejrad\u011bji bych se za n\u00ed vypravila, abych j\u00ed pomohla.<\/p>\n<p style=\"font-weight: 400;\">P\u0159\u00edb\u011bh p\u0159in\u00e1\u0161\u00ed i spoustu ot\u00e1zek o tom, zda b\u00fdt matkou. Chci to skute\u010dn\u011b j\u00e1, nebo se to ode m\u011b jen o\u010dek\u00e1v\u00e1? Bude to takov\u00e9, jak\u00e9 jsem si vysnila? A je tento mu\u017e ten prav\u00fd? Najdete tu i odpov\u011bdi, a to nejen z\u00a0pohledu Emy. Jak\u00e1 je v\u0161ak spr\u00e1vn\u00e1, na to si ka\u017ed\u00fd \u010dten\u00e1\u0159, nebo l\u00e9pe \u0159e\u010deno \u010dten\u00e1\u0159ka, mus\u00ed odpov\u011bd\u011bt s\u00e1m.<\/p>\n<p style=\"font-weight: 400;\">\u00a0<\/p>\n<p style=\"font-weight: 400;\">\u00a0<\/p>\n<p style=\"font-weight: 400;\">Eva Francov\u00e1<\/p>\n<p>Autor:\u00a0Eva Francov\u00e1<\/p>\n","protected":false},"excerpt":{"rendered":"<p>T\u011bhotenstv\u00ed a mate\u0159stv\u00ed. V\u00a0\u017eivot\u011b \u017eeny naprosto z\u00e1sadn\u00ed obdob\u00ed. A to a\u0165 ta napln\u011bn\u00e1 a cht\u011bn\u00e1, tak i ta, kter\u00e1 nep\u0159ijdou \u010di p\u0159ij\u00edt nemaj\u00ed.<\/p>\n","protected":false},"author":2,"featured_media":324317,"comment_status":"open","ping_status":"open","sticky":false,"template":"","format":"standard","meta":{"_acf_changed":false,"_monsterinsights_skip_tracking":false,"_monsterinsights_sitenote_active":false,"_monsterinsights_sitenote_note":"","_monsterinsights_sitenote_category":0,"_EventAllDay":false,"_EventTimezone":"","_EventStartDate":"","_EventEndDate":"","_EventStartDateUTC":"","_EventEndDateUTC":"","_EventShowMap":false,"_EventShowMapLink":false,"_EventURL":"","_EventCost":"","_EventCostDescription":"","_EventCurrencySymbol":"","_EventCurrencyCode":"","_EventCurrencyPosition":"","_EventDateTimeSeparator":"","_EventTimeRangeSeparator":"","_EventOrganizerID":[],"_EventVenueID":[],"_OrganizerEmail":"","_OrganizerPhone":"","_OrganizerWebsite":"","_VenueAddress":"","_VenueCity":"","_VenueCountry":"","_VenueProvince":"","_VenueState":"","_VenueZip":"","_VenuePhone":"","_VenueURL":"","_VenueStateProvince":"","_VenueLat":"","_VenueLng":"","_VenueShowMap":false,"_VenueShowMapLink":false,"twitterCardType":"","cardImageID":0,"cardImage":"","cardTitle":"","cardDesc":"","cardImageAlt":"","cardPlayer":"","cardPlayerWidth":0,"cardPlayerHeight":0,"cardPlayerStream":"","cardPlayerCodec":"","footnotes":""},"categories":[7],"tags":[21832],"class_list":["post-324316","post","type-post","status-publish","format-standard","has-post-thumbnail","hentry","category-recenze","tag-literarni-kavarna"],"acf":{"related_products":null},"_links":{"self":[{"href":"https:\/\/www.luxor.cz\/blog\/wp-json\/wp\/v2\/posts\/324316","targetHints":{"allow":["GET"]}}],"collection":[{"href":"https:\/\/www.luxor.cz\/blog\/wp-json\/wp\/v2\/posts"}],"about":[{"href":"https:\/\/www.luxor.cz\/blog\/wp-json\/wp\/v2\/types\/post"}],"author":[{"embeddable":true,"href":"https:\/\/www.luxor.cz\/blog\/wp-json\/wp\/v2\/users\/2"}],"replies":[{"embeddable":true,"href":"https:\/\/www.luxor.cz\/blog\/wp-json\/wp\/v2\/comments?post=324316"}],"version-history":[{"count":0,"href":"https:\/\/www.luxor.cz\/blog\/wp-json\/wp\/v2\/posts\/324316\/revisions"}],"wp:featuredmedia":[{"embeddable":true,"href":"https:\/\/www.luxor.cz\/blog\/wp-json\/wp\/v2\/media\/324317"}],"wp:attachment":[{"href":"https:\/\/www.luxor.cz\/blog\/wp-json\/wp\/v2\/media?parent=324316"}],"wp:term":[{"taxonomy":"category","embeddable":true,"href":"https:\/\/www.luxor.cz\/blog\/wp-json\/wp\/v2\/categories?post=324316"},{"taxonomy":"post_tag","embeddable":true,"href":"https:\/\/www.luxor.cz\/blog\/wp-json\/wp\/v2\/tags?post=324316"}],"curies":[{"name":"wp","href":"https:\/\/api.w.org\/{rel}","templated":true}]}}