{"id":324312,"date":"2025-06-21T10:00:12","date_gmt":"2025-06-21T08:00:12","guid":{"rendered":"https:\/\/www.luxor.cz\/blog\/nezarazene\/64315-da-se-odpustit\/"},"modified":"2025-06-21T10:00:12","modified_gmt":"2025-06-21T08:00:12","slug":"64315-da-se-odpustit","status":"publish","type":"post","link":"https:\/\/www.luxor.cz\/blog\/recenze\/64315-da-se-odpustit\/","title":{"rendered":"D\u00e1 se odpustit?"},"content":{"rendered":"<p style=\"font-weight: 400;\">G\u00e1bina si za\u0159\u00eddila sv\u016fj \u017eivot tak, jak si v\u017edycky p\u0159\u00e1la \u2013 miluj\u00edc\u00ed rodina, d\u011bti, dobr\u00e1 pr\u00e1ce. Nikdo by proto nep\u0159edpokl\u00e1dal, \u017ee vyr\u016fstala s\u00a0otcem alkoholikem, b\u00e1la se jeho n\u00e1vrat\u016f dom\u016f a \u017eila v\u00a0celkov\u011b toxick\u00e9m prost\u0159ed\u00ed. Kdy\u017e se dozv\u00ed, \u017ee jej\u00ed otec um\u00edr\u00e1, hled\u00e1 v\u00a0sob\u011b odvahu potkat se s\u00a0n\u00edm op\u011bt po letech a t\u0159eba i odpustit.<\/p>\n<p style=\"font-weight: 400;\">Toto je kniha, kter\u00e1 ve v\u00e1s probud\u00ed emoce. Prvn\u00ed \u0159\u00e1dky jsou \u0161okuj\u00edc\u00ed, t\u00edm v\u00e1s p\u0159\u00edb\u011bh vt\u00e1hne a vy prost\u011b budete pot\u0159ebovat v\u011bd\u011bt v\u00edc. Nav\u00edc je tu tajemstv\u00ed, kter\u00e9 postupn\u011b odkr\u00fdv\u00e1me, co\u017e v\u00e1m ned\u00e1 sp\u00e1t a nedovol\u00ed kn\u00ed\u017eku odlo\u017eit.<\/p>\n<p style=\"font-weight: 400;\">M\u00e1me tu linku z\u00a0minulosti, kdy G\u00e1bina vzpom\u00edn\u00e1 na sv\u00e9 nejhor\u0161\u00ed z\u00e1\u017eitky ze sv\u00e9ho dosp\u00edv\u00e1n\u00ed. Linka ze sou\u010dasnosti n\u00e1m ukazuje G\u00e1binu jako dosp\u011blou \u017eenu, kter\u00e1 mus\u00ed \u0159e\u0161it dilema, jak se zachovat.<\/p>\n<p style=\"font-weight: 400;\">\u017divot s\u00a0alkoholikem nen\u00ed snadn\u00fd a mus\u00edm \u0159\u00edct, \u017ee autorka tu jednotliv\u00e9 situace l\u00ed\u010d\u00ed naprosto v\u011brohodn\u011b, syrov\u011b a bez p\u0159\u00edkras. Je to smutn\u00e9 a bolav\u00e9 \u010dten\u00ed, kter\u00e9 u n\u011bkoho m\u016f\u017ee otev\u0159\u00edt i star\u00e9 r\u00e1ny.<\/p>\n<p style=\"font-weight: 400;\">Iva Geckov\u00e1 je autorkou t\u00e9m\u011b\u0159 dvaceti kn\u00ed\u017eek pro d\u011bti a toto je jej\u00ed prvotina pro dosp\u011bl\u00e9 \u010dten\u00e1\u0159e. Mus\u00edm \u0159\u00edci, \u017ee je to rozhodn\u011b poveden\u00fd start v\u00a0t\u00e9to oblasti a j\u00e1 se u\u017e te\u010f t\u011b\u0161\u00edm, s\u00a0\u010d\u00edm n\u00e1s zaujme p\u0159\u00ed\u0161t\u011b.<\/p>\n<p style=\"font-weight: 400;\">\u00a0<\/p>\n<p style=\"font-weight: 400;\">\u00a0<\/p>\n<p style=\"font-weight: 400;\">Eva Francov\u00e1<\/p>\n<p>Autor:\u00a0Eva Francov\u00e1<\/p>\n","protected":false},"excerpt":{"rendered":"<p>Va\u0161e pro\u017eitky z\u00a0d\u011btstv\u00ed a ml\u00e1d\u00ed v\u00e1s ovlivn\u00ed natolik, \u017ee ud\u011blat n\u011bjakou zm\u011bnu \u010di jin\u00e9 rozhodnut\u00ed v\u00a0dosp\u011blosti, nebude v\u016fbec jednoduch\u00e9. P\u0159\u00edb\u011bh G\u00e1biny je toho d\u016fkazem\u2026<\/p>\n","protected":false},"author":2,"featured_media":324313,"comment_status":"open","ping_status":"open","sticky":false,"template":"","format":"standard","meta":{"_acf_changed":false,"_monsterinsights_skip_tracking":false,"_monsterinsights_sitenote_active":false,"_monsterinsights_sitenote_note":"","_monsterinsights_sitenote_category":0,"_EventAllDay":false,"_EventTimezone":"","_EventStartDate":"","_EventEndDate":"","_EventStartDateUTC":"","_EventEndDateUTC":"","_EventShowMap":false,"_EventShowMapLink":false,"_EventURL":"","_EventCost":"","_EventCostDescription":"","_EventCurrencySymbol":"","_EventCurrencyCode":"","_EventCurrencyPosition":"","_EventDateTimeSeparator":"","_EventTimeRangeSeparator":"","_EventOrganizerID":[],"_EventVenueID":[],"_OrganizerEmail":"","_OrganizerPhone":"","_OrganizerWebsite":"","_VenueAddress":"","_VenueCity":"","_VenueCountry":"","_VenueProvince":"","_VenueState":"","_VenueZip":"","_VenuePhone":"","_VenueURL":"","_VenueStateProvince":"","_VenueLat":"","_VenueLng":"","_VenueShowMap":false,"_VenueShowMapLink":false,"twitterCardType":"","cardImageID":0,"cardImage":"","cardTitle":"","cardDesc":"","cardImageAlt":"","cardPlayer":"","cardPlayerWidth":0,"cardPlayerHeight":0,"cardPlayerStream":"","cardPlayerCodec":"","footnotes":""},"categories":[7],"tags":[21832],"class_list":["post-324312","post","type-post","status-publish","format-standard","has-post-thumbnail","hentry","category-recenze","tag-literarni-kavarna"],"acf":{"related_products":null},"_links":{"self":[{"href":"https:\/\/www.luxor.cz\/blog\/wp-json\/wp\/v2\/posts\/324312","targetHints":{"allow":["GET"]}}],"collection":[{"href":"https:\/\/www.luxor.cz\/blog\/wp-json\/wp\/v2\/posts"}],"about":[{"href":"https:\/\/www.luxor.cz\/blog\/wp-json\/wp\/v2\/types\/post"}],"author":[{"embeddable":true,"href":"https:\/\/www.luxor.cz\/blog\/wp-json\/wp\/v2\/users\/2"}],"replies":[{"embeddable":true,"href":"https:\/\/www.luxor.cz\/blog\/wp-json\/wp\/v2\/comments?post=324312"}],"version-history":[{"count":0,"href":"https:\/\/www.luxor.cz\/blog\/wp-json\/wp\/v2\/posts\/324312\/revisions"}],"wp:featuredmedia":[{"embeddable":true,"href":"https:\/\/www.luxor.cz\/blog\/wp-json\/wp\/v2\/media\/324313"}],"wp:attachment":[{"href":"https:\/\/www.luxor.cz\/blog\/wp-json\/wp\/v2\/media?parent=324312"}],"wp:term":[{"taxonomy":"category","embeddable":true,"href":"https:\/\/www.luxor.cz\/blog\/wp-json\/wp\/v2\/categories?post=324312"},{"taxonomy":"post_tag","embeddable":true,"href":"https:\/\/www.luxor.cz\/blog\/wp-json\/wp\/v2\/tags?post=324312"}],"curies":[{"name":"wp","href":"https:\/\/api.w.org\/{rel}","templated":true}]}}