{"id":324306,"date":"2025-06-27T10:00:08","date_gmt":"2025-06-27T08:00:08","guid":{"rendered":"https:\/\/www.luxor.cz\/blog\/nezarazene\/64318-vrat-se-zpatky\/"},"modified":"2025-06-27T10:00:08","modified_gmt":"2025-06-27T08:00:08","slug":"64318-vrat-se-zpatky","status":"publish","type":"post","link":"https:\/\/www.luxor.cz\/blog\/recenze\/64318-vrat-se-zpatky\/","title":{"rendered":"Vra\u0165 se zp\u00e1tky"},"content":{"rendered":"<p style=\"font-weight: 400;\">Doporu\u010duji nep\u0159ehl\u00e9dnout pozn\u00e1mku autorky, kterou najdete v lev\u00e9 doln\u00ed \u010d\u00e1sti za\u010d\u00e1tku knihy. V m\u00edst\u011b, kde se v\u011bt\u0161inou uv\u00e1d\u00ed p\u0159ekladatel, rok vyd\u00e1n\u00ed a n\u00e1zev knihy v origin\u00e1lu. Vlastn\u011b mysl\u00edm, \u017ee m\u011b nikdy ani nenapadlo se na toto m\u00edsto knihy n\u011bjak soust\u0159edit a v\u011bt\u0161inou jsem ho automaticky p\u0159ehl\u00e9dla. Byla n\u00e1hoda, \u017ee jsem si uv\u011bdomila, \u017ee je tentokr\u00e1t text del\u0161\u00ed a mohlo by se v n\u011bm skr\u00fdvat n\u011bco d\u016fle\u017eit\u00e9ho. O \u010dem\u017e se nezapome\u0148te p\u0159esv\u011bd\u010dit, proto\u017ee zrovna tato pozn\u00e1mka vn\u00e1\u0161\u00ed do knihy \u00fapln\u011b jin\u00fd vhled.<\/p>\n<p style=\"font-weight: 400;\">Ruth milovala matematiku. Dok\u00e1zala by se j\u00ed v\u011bnovat bez p\u0159est\u00e1n\u00ed, kdyby to nebylo tak moc nevhodn\u00e9. M\u011bla velk\u00e9 \u0161t\u011bst\u00ed, \u017ee se na univerzitu v\u016fbec dostala. V\u017edy\u0165 je\u0161t\u011b nebylo zrovna b\u011b\u017en\u00e9, aby studovaly i \u017eeny. Jedno je jist\u00e9, jej\u00ed mysl pohltila v\u011bda.<\/p>\n<p style=\"font-weight: 400;\">Sta\u010d\u00ed to ale k \u017eivotu?<\/p>\n<p style=\"font-weight: 400;\">Jak \u010das b\u011b\u017eel, nedalo se p\u0159ehl\u00e9dnout, \u017ee pravideln\u00e9 sch\u016fzky s panem Doranem se staly zvykem. Takovou jejich malou tradic\u00ed. Samoz\u0159ejm\u011b ve v\u0161\u00ed po\u010destnosti. Nebylo by slu\u0161n\u00e9, aby si vychovan\u00e1 d\u00edvka pomyslela na cokoliv jin\u00e9ho. Ani my\u0161lenkou by si nedovolila h\u0159e\u0161it.<\/p>\n<p style=\"font-weight: 400;\">Pan Doran byl slu\u0161n\u00fd \u010dlov\u011bk, konzervativn\u00ed, zaji\u0161t\u011bn\u00fd a uzn\u00e1vaj\u00edc\u00ed tradi\u010dn\u00ed hodnoty. Co v\u00edc by se \u017eena mohla p\u0159\u00e1t?<\/p>\n<p style=\"font-weight: 400;\">Thomas Bradley nebyl po\u0161etil\u00fd. V\u011bd\u011bl moc dob\u0159e, co si o n\u011bm lid\u00e9 budou myslet a \u0159\u00edkat. Cht\u00edt zkoumat \u017eivot po \u017eivot\u011b, to zn\u011blo jako velk\u00e9 bl\u00e1znovstv\u00ed. Nebyl v\u0161ak bl\u00e1znem. Poh\u00e1n\u011bla ho touha po v\u011bd\u011bn\u00ed. Smysl \u017eivota vid\u011bl v posouv\u00e1n\u00ed hranic a p\u0159ekra\u010dov\u00e1n\u00ed hranic tam, kde se o to je\u0161t\u011b nikdo nepokusil. Respektive, nepokusil seri\u00f3zn\u011b. Pronajmout si laborato\u0159 byl za\u010d\u00e1tek. Kde ale sehnat vhodn\u00e9ho asistenta? N\u011bkoho s minim\u00e1ln\u011b stejn\u00fdm z\u00e1palem, jak\u00fd m\u00e1 on s\u00e1m? Rozhodn\u011b na inzer\u00e1t a hned.<\/p>\n<p style=\"font-weight: 400;\">V\u0161e se zd\u00e1lo na dobr\u00e9 cest\u011b, ne\u017e p\u0159i\u0161la ta osudov\u00e1 r\u00e1na. Jak moc se pak v\u0161echno zm\u011bn\u00ed?<\/p>\n<p style=\"font-weight: 400;\">Spiritistickou tabulku u\u017e d\u0159\u00edv pou\u017eily nap\u0159. tzv. \u010darod\u011bjky ze Salemu. I kdy\u017e v\u0161ichni v\u00edme, \u017ee to \u017e\u00e1dn\u00e9 \u010darod\u011bjky nebyly. D\u00e1 se j\u00ed ale v\u011b\u0159it? Jsou spiritistick\u00e9 seance skute\u010dn\u00e9 nebo pouhou snahou v\u011b\u0159it n\u011b\u010demu, \u010demu bu\u010f nerozum\u00edme nebo to v\u016fbec neexistuje? Thomasovi se kr\u00e1t\u00ed \u010das. Budou si muset posp\u00ed\u0161it.<\/p>\n<p style=\"font-weight: 400;\">Kam a\u017e spolu budou moci zaj\u00edt?<\/p>\n<p style=\"font-weight: 400;\">\u00c1sa Avdic, autorka knihy O \u017eivot nav\u00edc, kter\u00e1 ve v\u00e1s zanech\u00e1 hlubokou stopu d\u00e1vn\u00e9 (z\u00e1le\u017e\u00ed na \u00fahlu pohledu) minulosti, moc dob\u0159e trefila styl psan\u00ed, kter\u00fd je tak bl\u00edzk\u00fd v\u011bt\u0161in\u011b \u010dten\u00e1\u0159\u016f. Nejedn\u00e1 se v\u0161ak o autor\u010dinu prvotinu. V roce 2012 vydala ji\u017e knihu Dob\u0159e ti tak \u2013 st\u00e1v\u00e1\u0161 se \u00fasp\u011b\u0161n\u00fdm konzumentem. Pozd\u011bji slavila \u00fasp\u011bch s rom\u00e1nem Hra na smrt, kter\u00fd vy\u0161el ve t\u0159in\u00e1cti zem\u00edch. Nen\u00ed se tak \u010demu divit, pokud se V\u00e1m zd\u00e1 jm\u00e9no autorky pov\u011bdom\u00e9.<\/p>\n<p style=\"font-weight: 400;\">P\u0159\u00edb\u011bh, kter\u00fd d\u00e1 \u010dten\u00e1\u0159i nahl\u00e9dnout do sv\u011bta duch\u016f, v\u011bdy, ale i loajality, stoj\u00ed rozhodn\u011b za p\u0159e\u010dten\u00ed. Svou vnit\u0159n\u00ed silou, \u00factou, trp\u011blivost\u00ed, nad\u011bj\u00ed a odhodl\u00e1n\u00edm, kter\u00fdmi protagonist\u00e9 rom\u00e1nu disponuj\u00ed, v\u00e1s budou fascinovat je\u0161t\u011b dlouho po do\u010dten\u00ed knihy.<\/p>\n<p style=\"font-weight: 400;\">\u00a0<\/p>\n<p style=\"font-weight: 400;\">\u00a0<\/p>\n<p style=\"font-weight: 400;\">Eva Mare\u0161ov\u00e1<\/p>\n<p>Autor:\u00a0Eva Mare\u0161ov\u00e1<\/p>\n","protected":false},"excerpt":{"rendered":"<p>P\u0159\u00edb\u011bh matky t\u0159\u00ed d\u011bt\u00ed Ruth, pana Dorana i spiritualisty a v\u011bdce Thomase Bradleyho si zamilujete pro jeho ok\u00e1zalost a autenti\u010dnost. Brilantn\u011b napsan\u00fd rom\u00e1n ze vzdaluj\u00edc\u00ed se doby, kdy je\u0161t\u011b slovo m\u011blo velkou v\u00e1hu.<\/p>\n","protected":false},"author":2,"featured_media":324307,"comment_status":"open","ping_status":"open","sticky":false,"template":"","format":"standard","meta":{"_acf_changed":false,"_monsterinsights_skip_tracking":false,"_monsterinsights_sitenote_active":false,"_monsterinsights_sitenote_note":"","_monsterinsights_sitenote_category":0,"_EventAllDay":false,"_EventTimezone":"","_EventStartDate":"","_EventEndDate":"","_EventStartDateUTC":"","_EventEndDateUTC":"","_EventShowMap":false,"_EventShowMapLink":false,"_EventURL":"","_EventCost":"","_EventCostDescription":"","_EventCurrencySymbol":"","_EventCurrencyCode":"","_EventCurrencyPosition":"","_EventDateTimeSeparator":"","_EventTimeRangeSeparator":"","_EventOrganizerID":[],"_EventVenueID":[],"_OrganizerEmail":"","_OrganizerPhone":"","_OrganizerWebsite":"","_VenueAddress":"","_VenueCity":"","_VenueCountry":"","_VenueProvince":"","_VenueState":"","_VenueZip":"","_VenuePhone":"","_VenueURL":"","_VenueStateProvince":"","_VenueLat":"","_VenueLng":"","_VenueShowMap":false,"_VenueShowMapLink":false,"twitterCardType":"","cardImageID":0,"cardImage":"","cardTitle":"","cardDesc":"","cardImageAlt":"","cardPlayer":"","cardPlayerWidth":0,"cardPlayerHeight":0,"cardPlayerStream":"","cardPlayerCodec":"","footnotes":""},"categories":[7],"tags":[21832],"class_list":["post-324306","post","type-post","status-publish","format-standard","has-post-thumbnail","hentry","category-recenze","tag-literarni-kavarna"],"acf":{"related_products":null},"_links":{"self":[{"href":"https:\/\/www.luxor.cz\/blog\/wp-json\/wp\/v2\/posts\/324306","targetHints":{"allow":["GET"]}}],"collection":[{"href":"https:\/\/www.luxor.cz\/blog\/wp-json\/wp\/v2\/posts"}],"about":[{"href":"https:\/\/www.luxor.cz\/blog\/wp-json\/wp\/v2\/types\/post"}],"author":[{"embeddable":true,"href":"https:\/\/www.luxor.cz\/blog\/wp-json\/wp\/v2\/users\/2"}],"replies":[{"embeddable":true,"href":"https:\/\/www.luxor.cz\/blog\/wp-json\/wp\/v2\/comments?post=324306"}],"version-history":[{"count":0,"href":"https:\/\/www.luxor.cz\/blog\/wp-json\/wp\/v2\/posts\/324306\/revisions"}],"wp:featuredmedia":[{"embeddable":true,"href":"https:\/\/www.luxor.cz\/blog\/wp-json\/wp\/v2\/media\/324307"}],"wp:attachment":[{"href":"https:\/\/www.luxor.cz\/blog\/wp-json\/wp\/v2\/media?parent=324306"}],"wp:term":[{"taxonomy":"category","embeddable":true,"href":"https:\/\/www.luxor.cz\/blog\/wp-json\/wp\/v2\/categories?post=324306"},{"taxonomy":"post_tag","embeddable":true,"href":"https:\/\/www.luxor.cz\/blog\/wp-json\/wp\/v2\/tags?post=324306"}],"curies":[{"name":"wp","href":"https:\/\/api.w.org\/{rel}","templated":true}]}}