{"id":324304,"date":"2025-07-02T10:00:22","date_gmt":"2025-07-02T08:00:22","guid":{"rendered":"https:\/\/www.luxor.cz\/blog\/nezarazene\/64320-mene-znama-historie\/"},"modified":"2025-07-02T10:00:22","modified_gmt":"2025-07-02T08:00:22","slug":"64320-mene-znama-historie","status":"publish","type":"post","link":"https:\/\/www.luxor.cz\/blog\/recenze\/64320-mene-znama-historie\/","title":{"rendered":"M\u00e9n\u011b zn\u00e1m\u00e1 historie"},"content":{"rendered":"<p style=\"font-weight: 400;\">Jednoho dne se hlavn\u00ed hrdinka, spisovatelka, rozjede na p\u0159\u00e1n\u00ed kamar\u00e1dky na ostrov \u010ced\u017eu, aby se v\u00a0jej\u00edm dom\u011b postarala o papou\u0161ka. Po n\u00e1ro\u010dn\u00e9 cest\u011b ve sn\u011bhov\u00e9 v\u00e1nici se dost\u00e1v\u00e1 do horsk\u00e9 vesnice, kde postupn\u011b odhaluje historii kamar\u00e1d\u010diny rodiny. T\u00edm se dost\u00e1v\u00e1 do doby po\u010d\u00e1tk\u016f Korejsk\u00e9 republiky, kdy do\u0161lo k\u00a0masakr\u016fm p\u0159i povst\u00e1n\u00ed pr\u00e1v\u011b na ostrov\u011b \u010ced\u017eu.<\/p>\n<p style=\"font-weight: 400;\">Moje prvn\u00ed setk\u00e1n\u00ed s\u00a0autorkou dopadlo na v\u00fdbornou a v\u00edm, \u017ee si od n\u00ed pot\u0159ebuji p\u0159e\u010d\u00edst i dal\u0161\u00ed knihy. Pou\u017e\u00edv\u00e1 kr\u00e1sn\u00fd jazyk, a to i kdy\u017e poukazuje na smutn\u00e9 a krut\u00e9 historick\u00e9 ud\u00e1losti.<\/p>\n<p style=\"font-weight: 400;\">P\u0159\u00edb\u011bh je poskl\u00e1dan\u00fd ze vzpom\u00ednek, ze sou\u010dasnosti, ze sn\u016f i z p\u0159edstav. Chce to \u010d\u00edst pozorn\u011b, aby v\u00e1m nic neuteklo. Postupn\u011b si budete skl\u00e1dat jednotliv\u00e9 st\u0159\u00edpky a vznikne p\u0159ed v\u00e1mi obraz. Obraz historie, kter\u00e1 se neust\u00e1le odr\u00e1\u017e\u00ed i v\u00a0p\u0159\u00edtomnosti.<\/p>\n<p style=\"font-weight: 400;\">M\u011bla jsem pocit, \u017ee \u010d\u00edm d\u00e1l se v\u00a0knize dost\u00e1v\u00e1m, t\u00edm v\u00edce m\u011b cel\u00fd p\u0159\u00edb\u011bh pohlcuje a uchvacuje. Ke konci jsem se ji\u017e nemohla od textu odtrhnout, nechala jsem se autorkou v\u00e9st a v\u011b\u0159ila ji ka\u017ed\u00e9 slovo, i kdy\u017e by se n\u011bco mohlo zd\u00e1t zmaten\u00e9 a neuchopiteln\u00e9.<\/p>\n<p style=\"font-weight: 400;\">Skute\u010dn\u00e9 historick\u00e9 ud\u00e1losti jsou tu zpracov\u00e1ny zase trochu jinak, ne\u017e jsme v\u00a0p\u0159\u00edb\u011bz\u00edch zvykl\u00ed. Je to tajemn\u00e9, n\u011bkdy na pomez\u00ed mezi nebem a zem\u00ed, z\u00e1rove\u0148 tu jsou \u010d\u00e1sti a\u017e jakoby dokument\u00e1rn\u00ed.<\/p>\n<p style=\"font-weight: 400;\">Skv\u011ble je tu seps\u00e1n i doslov, kter\u00fd v\u00e1m prozrad\u00ed v\u00edce o tragick\u00e9 kapitole korejsk\u00fdch d\u011bjin.<\/p>\n<p style=\"font-weight: 400;\">Rozhodn\u011b zaj\u00edmav\u00e1 kniha a j\u00e1 se moc t\u011b\u0161\u00edm i na dal\u0161\u00ed autor\u010diny knihy.<\/p>\n<p style=\"font-weight: 400;\">\u00a0<\/p>\n<p style=\"font-weight: 400;\">\u00a0<\/p>\n<p style=\"font-weight: 400;\">Eva Francov\u00e1<\/p>\n<p>Autor:\u00a0Eva Francov\u00e1<\/p>\n","protected":false},"excerpt":{"rendered":"<p>Han Kang je \u010derstv\u00e1 nositelka Nobelovy ceny za literaturu. A pr\u00e1vem. Ve sv\u00e9 novince se zab\u00fdv\u00e1 skute\u010dnou histori\u00ed Koreje. P\u00ed\u0161e kr\u00e1sn\u011b, a\u017e snov\u011b, a p\u0159itom p\u0159edkl\u00e1d\u00e1 krutou pravdu.<\/p>\n","protected":false},"author":2,"featured_media":324305,"comment_status":"open","ping_status":"open","sticky":false,"template":"","format":"standard","meta":{"_acf_changed":false,"_monsterinsights_skip_tracking":false,"_monsterinsights_sitenote_active":false,"_monsterinsights_sitenote_note":"","_monsterinsights_sitenote_category":0,"_EventAllDay":false,"_EventTimezone":"","_EventStartDate":"","_EventEndDate":"","_EventStartDateUTC":"","_EventEndDateUTC":"","_EventShowMap":false,"_EventShowMapLink":false,"_EventURL":"","_EventCost":"","_EventCostDescription":"","_EventCurrencySymbol":"","_EventCurrencyCode":"","_EventCurrencyPosition":"","_EventDateTimeSeparator":"","_EventTimeRangeSeparator":"","_EventOrganizerID":[],"_EventVenueID":[],"_OrganizerEmail":"","_OrganizerPhone":"","_OrganizerWebsite":"","_VenueAddress":"","_VenueCity":"","_VenueCountry":"","_VenueProvince":"","_VenueState":"","_VenueZip":"","_VenuePhone":"","_VenueURL":"","_VenueStateProvince":"","_VenueLat":"","_VenueLng":"","_VenueShowMap":false,"_VenueShowMapLink":false,"twitterCardType":"","cardImageID":0,"cardImage":"","cardTitle":"","cardDesc":"","cardImageAlt":"","cardPlayer":"","cardPlayerWidth":0,"cardPlayerHeight":0,"cardPlayerStream":"","cardPlayerCodec":"","footnotes":""},"categories":[7],"tags":[21832],"class_list":["post-324304","post","type-post","status-publish","format-standard","has-post-thumbnail","hentry","category-recenze","tag-literarni-kavarna"],"acf":{"related_products":null},"_links":{"self":[{"href":"https:\/\/www.luxor.cz\/blog\/wp-json\/wp\/v2\/posts\/324304","targetHints":{"allow":["GET"]}}],"collection":[{"href":"https:\/\/www.luxor.cz\/blog\/wp-json\/wp\/v2\/posts"}],"about":[{"href":"https:\/\/www.luxor.cz\/blog\/wp-json\/wp\/v2\/types\/post"}],"author":[{"embeddable":true,"href":"https:\/\/www.luxor.cz\/blog\/wp-json\/wp\/v2\/users\/2"}],"replies":[{"embeddable":true,"href":"https:\/\/www.luxor.cz\/blog\/wp-json\/wp\/v2\/comments?post=324304"}],"version-history":[{"count":0,"href":"https:\/\/www.luxor.cz\/blog\/wp-json\/wp\/v2\/posts\/324304\/revisions"}],"wp:featuredmedia":[{"embeddable":true,"href":"https:\/\/www.luxor.cz\/blog\/wp-json\/wp\/v2\/media\/324305"}],"wp:attachment":[{"href":"https:\/\/www.luxor.cz\/blog\/wp-json\/wp\/v2\/media?parent=324304"}],"wp:term":[{"taxonomy":"category","embeddable":true,"href":"https:\/\/www.luxor.cz\/blog\/wp-json\/wp\/v2\/categories?post=324304"},{"taxonomy":"post_tag","embeddable":true,"href":"https:\/\/www.luxor.cz\/blog\/wp-json\/wp\/v2\/tags?post=324304"}],"curies":[{"name":"wp","href":"https:\/\/api.w.org\/{rel}","templated":true}]}}