{"id":324300,"date":"2025-07-06T10:00:56","date_gmt":"2025-07-06T08:00:56","guid":{"rendered":"https:\/\/www.luxor.cz\/blog\/nezarazene\/64322-vize-kterou-nechcete-zazit\/"},"modified":"2025-07-06T10:00:56","modified_gmt":"2025-07-06T08:00:56","slug":"64322-vize-kterou-nechcete-zazit","status":"publish","type":"post","link":"https:\/\/www.luxor.cz\/blog\/recenze\/64322-vize-kterou-nechcete-zazit\/","title":{"rendered":"Vize, kterou nechcete za\u017e\u00edt"},"content":{"rendered":"<p style=\"font-weight: 400;\">Eilish se mus\u00ed zni\u010dehonic sama postarat o celou rodinu v\u00a0dob\u011b, kdy spole\u010dnost ztr\u00e1c\u00ed sv\u016fj \u0159\u00e1d, mnoho lid\u00ed je odvedeno, nikdo nev\u00ed kam. Zem\u011b je na pokraji ob\u010dansk\u00e9 v\u00e1lky. Pom\u016f\u017ee j\u00ed mate\u0159sk\u00e1 l\u00e1ska a oby\u010dejn\u00e1 lidsk\u00e1 laskavost? I p\u0159es nelidsk\u00e9 podm\u00ednky mus\u00ed bojovat do posledn\u00edho dechu. P\u0159eneste se do irsk\u00e9ho Dublinu a p\u0159e\u010dt\u011bte si o tom, co by se t\u0159eba jednou mohlo (podle autora) st\u00e1t.<\/p>\n<p style=\"font-weight: 400;\">Toto byl tak d\u011bsiv\u00fd a z\u00e1rove\u0148 tak kr\u00e1sn\u00fd p\u0159\u00edb\u011bh. Cel\u00e9 to bylo natolik re\u00e1ln\u00e9, \u017ee budete m\u00edt nutk\u00e1n\u00ed pod\u00edvat se na zpr\u00e1vy, abyste zjistili nov\u00e9 informace. Na\u0161t\u011bst\u00ed je to smy\u0161len\u00e9, ale bohu\u017eel a\u017e moc snadno si \u010dten\u00e1\u0159 dok\u00e1\u017ee p\u0159edstavit, \u017ee by se to cel\u00e9 mohlo opravdu st\u00e1t.<\/p>\n<p style=\"font-weight: 400;\">Na prvn\u00ed pohled v\u00e1s v\u00a0knize zaujme text. Spousta textu. Autor p\u00ed\u0161e opravdu dlouh\u00e9 v\u011bty, chyb\u00ed odstavce, nepou\u017e\u00edv\u00e1 uvozovky, je to jedna velk\u00e1 lavina textu, kter\u00e1 v\u00e1s okam\u017eit\u011b strhne sebou, pohlt\u00ed a u\u017e nepust\u00ed.<\/p>\n<p style=\"font-weight: 400;\">Je tu zpracov\u00e1no velmi v\u00e1\u017en\u00e9 t\u00e9ma, ztr\u00e1ta svobody, ob\u010dansk\u00e1 v\u00e1lka, ale p\u0159itom je to tak neskute\u010dn\u011b skv\u011ble, a\u017e m\u00edsty poeticky, popsan\u00e9. To, jak autor pou\u017e\u00edv\u00e1 p\u0159irovn\u00e1n\u00ed, m\u011b v\u00a0textu poka\u017ed\u00e9 tak mile p\u0159ekvapilo.<\/p>\n<p style=\"font-weight: 400;\">Skv\u011ble vykreslen\u00e1 atmosf\u00e9ra na v\u00e1s p\u0159enese ve\u0161ker\u00e9 emoce. Spole\u010dn\u011b s\u00a0Eilish jsem pro\u017e\u00edvala jej\u00ed nelehk\u00e9 chv\u00edle. Bylo mi smutno, c\u00edtila jsem bezmoc a opravdu jsem se cel\u00e1 pono\u0159ila do p\u0159\u00edb\u011bhu.<\/p>\n<p style=\"font-weight: 400;\">Tato kniha obdr\u017eela Bookerovu cenu za rok 2023 a to rozhodn\u011b pr\u00e1vem. \u010cten\u00ed pro m\u011b tentokr\u00e1t bylo skv\u011bl\u00fdm liter\u00e1rn\u00edm z\u00e1\u017eitkem.<\/p>\n<p style=\"font-weight: 400;\">\u00a0<\/p>\n<p style=\"font-weight: 400;\">\u00a0<\/p>\n<p style=\"font-weight: 400;\">Eva Francov\u00e1<\/p>\n<p>Autor:\u00a0Eva Francov\u00e1<\/p>\n","protected":false},"excerpt":{"rendered":"<p>Co by se stalo, kdyby se Irsko zm\u011bnilo v\u00a0totalitu? Kdyby zmizela demokracie? Svoboda? Jak by takov\u00fd \u017eivot prob\u00edhal? Na takov\u00e9 ot\u00e1zky n\u00e1m odpov\u00ed Paul Lynch ve sv\u00e9 nov\u00e9 knize.<\/p>\n","protected":false},"author":2,"featured_media":324301,"comment_status":"open","ping_status":"open","sticky":false,"template":"","format":"standard","meta":{"_acf_changed":false,"_monsterinsights_skip_tracking":false,"_monsterinsights_sitenote_active":false,"_monsterinsights_sitenote_note":"","_monsterinsights_sitenote_category":0,"_EventAllDay":false,"_EventTimezone":"","_EventStartDate":"","_EventEndDate":"","_EventStartDateUTC":"","_EventEndDateUTC":"","_EventShowMap":false,"_EventShowMapLink":false,"_EventURL":"","_EventCost":"","_EventCostDescription":"","_EventCurrencySymbol":"","_EventCurrencyCode":"","_EventCurrencyPosition":"","_EventDateTimeSeparator":"","_EventTimeRangeSeparator":"","_EventOrganizerID":[],"_EventVenueID":[],"_OrganizerEmail":"","_OrganizerPhone":"","_OrganizerWebsite":"","_VenueAddress":"","_VenueCity":"","_VenueCountry":"","_VenueProvince":"","_VenueState":"","_VenueZip":"","_VenuePhone":"","_VenueURL":"","_VenueStateProvince":"","_VenueLat":"","_VenueLng":"","_VenueShowMap":false,"_VenueShowMapLink":false,"twitterCardType":"","cardImageID":0,"cardImage":"","cardTitle":"","cardDesc":"","cardImageAlt":"","cardPlayer":"","cardPlayerWidth":0,"cardPlayerHeight":0,"cardPlayerStream":"","cardPlayerCodec":"","footnotes":""},"categories":[7],"tags":[21832],"class_list":["post-324300","post","type-post","status-publish","format-standard","has-post-thumbnail","hentry","category-recenze","tag-literarni-kavarna"],"acf":{"related_products":null},"_links":{"self":[{"href":"https:\/\/www.luxor.cz\/blog\/wp-json\/wp\/v2\/posts\/324300","targetHints":{"allow":["GET"]}}],"collection":[{"href":"https:\/\/www.luxor.cz\/blog\/wp-json\/wp\/v2\/posts"}],"about":[{"href":"https:\/\/www.luxor.cz\/blog\/wp-json\/wp\/v2\/types\/post"}],"author":[{"embeddable":true,"href":"https:\/\/www.luxor.cz\/blog\/wp-json\/wp\/v2\/users\/2"}],"replies":[{"embeddable":true,"href":"https:\/\/www.luxor.cz\/blog\/wp-json\/wp\/v2\/comments?post=324300"}],"version-history":[{"count":0,"href":"https:\/\/www.luxor.cz\/blog\/wp-json\/wp\/v2\/posts\/324300\/revisions"}],"wp:featuredmedia":[{"embeddable":true,"href":"https:\/\/www.luxor.cz\/blog\/wp-json\/wp\/v2\/media\/324301"}],"wp:attachment":[{"href":"https:\/\/www.luxor.cz\/blog\/wp-json\/wp\/v2\/media?parent=324300"}],"wp:term":[{"taxonomy":"category","embeddable":true,"href":"https:\/\/www.luxor.cz\/blog\/wp-json\/wp\/v2\/categories?post=324300"},{"taxonomy":"post_tag","embeddable":true,"href":"https:\/\/www.luxor.cz\/blog\/wp-json\/wp\/v2\/tags?post=324300"}],"curies":[{"name":"wp","href":"https:\/\/api.w.org\/{rel}","templated":true}]}}