{"id":324296,"date":"2025-07-18T10:00:58","date_gmt":"2025-07-18T08:00:58","guid":{"rendered":"https:\/\/www.luxor.cz\/blog\/nezarazene\/64324-temny-a-zvraceny-takovy-je-pan-loutek-od-sam-holland\/"},"modified":"2025-07-18T10:00:58","modified_gmt":"2025-07-18T08:00:58","slug":"64324-temny-a-zvraceny-takovy-je-pan-loutek-od-sam-holland","status":"publish","type":"post","link":"https:\/\/www.luxor.cz\/blog\/recenze\/64324-temny-a-zvraceny-takovy-je-pan-loutek-od-sam-holland\/","title":{"rendered":"Temn\u00fd a zvr\u00e1cen\u00fd&#8230; takov\u00fd je P\u00e1n loutek od Sam Holland"},"content":{"rendered":"<p style=\"font-weight: 400;\">V\u0161e za\u010d\u00edn\u00e1 sebevra\u017edou mlad\u00e9ho chlapce, kter\u00fd sko\u010d\u00ed pod vlak. Obvykle takov\u00e9 vy\u0161et\u0159ov\u00e1n\u00ed spad\u00e1 pod dopravn\u00ed policii, ale matka mlad\u00edka prohla\u0161uje, \u017ee by se s\u00e1m nezabil a Ca\u0159e, hlavn\u00ed vy\u0161et\u0159ovatelce z odd\u011blen\u00ed vra\u017ed, se na tomto p\u0159\u00edpadu tak\u00e9 n\u011bco nezd\u00e1\u2026.<\/p>\n<p style=\"font-weight: 400;\">Mlad\u00edk trp\u011bl du\u0161evn\u00ed poruchou, p\u0159i kter\u00e9 nevych\u00e1zel z domu, nikdy a za \u017e\u00e1dn\u00fdch okolnost\u00ed. Pro\u010d se tedy ocitl na vlakov\u00e9m n\u00e1dra\u017e\u00ed p\u0159i rann\u00ed \u0161pi\u010dce? A opravdu sko\u010dil v\u011bdom\u011b do koleji\u0161t\u011b?\u00a0\u00a0\u00a0<\/p>\n<p style=\"font-weight: 400;\">O kousek d\u00e1l Griffin, Ca\u0159in bratr, kter\u00fd d\u0159\u00edve pracoval u policie, se bohu\u017eel tak\u00e9 ocitne v bl\u00edzkosti podivn\u00e9 sebevra\u017edy. Jedn\u00e1 se o dceru jeho nyn\u011bj\u0161\u00edho zam\u011bstnavatele. Psychicky naru\u0161en\u00e1, se \u0161patn\u00fdmi vzpom\u00ednkami na d\u011btstv\u00ed, ale odhodlan\u00e1 zm\u011bnit sv\u016fj \u017eivot. Vzep\u0159\u00edt se osudu, studovat a n\u011bco v \u017eivot\u011b dok\u00e1zat&#8230; Pro\u010d si tedy vzala \u017eivot? Jej\u00ed otec nev\u011b\u0159\u00ed, \u017ee se sama zabila i p\u0159esto, \u017ee nic jin\u00e9ho tomu nenasv\u011bd\u010duje. Spolykala pln\u00e9 hrsti l\u00e9k\u016f, kter\u00e9 mohutn\u011b zapila alkoholem. O ni\u010dem jin\u00e9m ne\u017e o sebevra\u017ed\u011b, nem\u016f\u017ee b\u00fdt tedy \u0159e\u010d. Nebo snad ano? Griffin sl\u00edb\u00ed, \u017ee zjist\u00ed pravdu. Vrac\u00ed se zp\u011bt k policii a rozj\u00ed\u017ed\u00ed vy\u0161et\u0159ov\u00e1n\u00ed.<\/p>\n<p style=\"font-weight: 400;\">Sebevra\u017ed p\u0159ib\u00fdv\u00e1 a jedna je podivn\u011bj\u0161\u00ed ne\u017e druh\u00e1. Jak ale dok\u00e1zat, \u017ee za t\u011bmito sebevra\u017edami stoj\u00ed n\u011bkdo jin\u00fd? A jak doty\u010dn\u00fd dok\u00e1\u017ee ob\u011bti zmanipulovat, aby si sami s\u00e1hli na \u017eivot? Nav\u00edc ob\u011bti na prvn\u00ed pohled v\u016fbec nic nespojuje.<\/p>\n<p style=\"font-weight: 400;\">P\u0159ed Carou a jej\u00edm t\u00fdmem stoj\u00ed velk\u00e1 v\u00fdzva a nesnadn\u00fd \u00fakol. Nav\u00edc mus\u00ed jednat extr\u00e9mn\u011b rychle, ka\u017ed\u00fd den toti\u017e p\u0159ib\u00fdv\u00e1 dal\u0161\u00ed ob\u011b\u0165. Ka\u017ed\u00fd den tento s\u00e9riov\u00fd vrah zma\u0159\u00ed dal\u0161\u00ed lidsk\u00fd \u017eivot. Dal\u0161\u00edho \u010dlov\u011bka do\u017eene k sebevra\u017ed\u011b\u2026<\/p>\n<p style=\"font-weight: 400;\">Hned od sam\u00e9ho za\u010d\u00e1tku v\u00e1s kniha zcela pohlt\u00ed. Dostane se v\u00e1m pod k\u016f\u017ei a nastol\u00ed u v\u00e1s brut\u00e1ln\u00ed atmosf\u00e9ru strachu a paranoie. (Tak schv\u00e1ln\u011b, kolikr\u00e1t p\u0159i \u010dten\u00ed p\u016fjdete zkusit, zda jste opravdu ty dve\u0159e zamkli?) Sc\u00e9ny jsou drsn\u00e9, v n\u011bkter\u00fdch p\u0159\u00edpadech a\u017e sadistick\u00e9 a ka\u017ed\u00fdm oto\u010den\u00edm str\u00e1nky je p\u0159\u00edb\u011bh mraziv\u011bj\u0161\u00ed a je z n\u011bj c\u00edtit pocit bezmoci a zoufalstv\u00ed. Vrah m\u00e1 nad ka\u017edou svou ob\u011bt\u00ed silnou psychickou p\u0159evahu. Jednodu\u0161e tah\u00e1 za nitky a jeho loutka d\u011bl\u00e1 p\u0159esn\u011b to, co on m\u011bl v pl\u00e1nu. Kr\u00e1tk\u00e9 a svi\u017en\u00e9 kapitoly v\u00e1s nut\u00ed \u010d\u00edst a\u017e do pozdn\u00edch no\u010dn\u00edch hodin, a\u017e do sam\u00e9ho z\u00e1v\u011bru, kdy v\u00e1s ne\u010dek\u00e1 nic jin\u00e9ho, ne\u017e p\u0159ekvapuj\u00edc\u00ed odhalen\u00ed a naprosto strhuj\u00edc\u00ed fin\u00e1le.<\/p>\n<p style=\"font-weight: 400;\">\u00a0<\/p>\n<p style=\"font-weight: 400;\">\u00a0<\/p>\n<p style=\"font-weight: 400;\">Mark\u00e9ta Posp\u00ed\u0161ilov\u00e1<\/p>\n<p>Autor:\u00a0Mark\u00e9ta Posp\u00ed\u0161ilov\u00e1<\/p>\n","protected":false},"excerpt":{"rendered":"<p>Autorka Kop\u00edr\u00e1ka napsala dal\u0161\u00ed drsn\u00fd thriller. Tentokr\u00e1t \u0159\u00e1d\u00ed ve m\u011bst\u011b s\u00e9riov\u00fd vrah, kter\u00fd um\u00ed proniknout ob\u011btem do hlavy a dohnat je k sebevra\u017ed\u011b. Jak snadno dok\u00e1\u017ee lidi zmanipulovat k tak \u0161\u00edlen\u00e9mu \u010dinu?<\/p>\n","protected":false},"author":2,"featured_media":324297,"comment_status":"open","ping_status":"open","sticky":false,"template":"","format":"standard","meta":{"_acf_changed":false,"_monsterinsights_skip_tracking":false,"_monsterinsights_sitenote_active":false,"_monsterinsights_sitenote_note":"","_monsterinsights_sitenote_category":0,"_EventAllDay":false,"_EventTimezone":"","_EventStartDate":"","_EventEndDate":"","_EventStartDateUTC":"","_EventEndDateUTC":"","_EventShowMap":false,"_EventShowMapLink":false,"_EventURL":"","_EventCost":"","_EventCostDescription":"","_EventCurrencySymbol":"","_EventCurrencyCode":"","_EventCurrencyPosition":"","_EventDateTimeSeparator":"","_EventTimeRangeSeparator":"","_EventOrganizerID":[],"_EventVenueID":[],"_OrganizerEmail":"","_OrganizerPhone":"","_OrganizerWebsite":"","_VenueAddress":"","_VenueCity":"","_VenueCountry":"","_VenueProvince":"","_VenueState":"","_VenueZip":"","_VenuePhone":"","_VenueURL":"","_VenueStateProvince":"","_VenueLat":"","_VenueLng":"","_VenueShowMap":false,"_VenueShowMapLink":false,"twitterCardType":"","cardImageID":0,"cardImage":"","cardTitle":"","cardDesc":"","cardImageAlt":"","cardPlayer":"","cardPlayerWidth":0,"cardPlayerHeight":0,"cardPlayerStream":"","cardPlayerCodec":"","footnotes":""},"categories":[7],"tags":[21832],"class_list":["post-324296","post","type-post","status-publish","format-standard","has-post-thumbnail","hentry","category-recenze","tag-literarni-kavarna"],"acf":{"related_products":null},"_links":{"self":[{"href":"https:\/\/www.luxor.cz\/blog\/wp-json\/wp\/v2\/posts\/324296","targetHints":{"allow":["GET"]}}],"collection":[{"href":"https:\/\/www.luxor.cz\/blog\/wp-json\/wp\/v2\/posts"}],"about":[{"href":"https:\/\/www.luxor.cz\/blog\/wp-json\/wp\/v2\/types\/post"}],"author":[{"embeddable":true,"href":"https:\/\/www.luxor.cz\/blog\/wp-json\/wp\/v2\/users\/2"}],"replies":[{"embeddable":true,"href":"https:\/\/www.luxor.cz\/blog\/wp-json\/wp\/v2\/comments?post=324296"}],"version-history":[{"count":1,"href":"https:\/\/www.luxor.cz\/blog\/wp-json\/wp\/v2\/posts\/324296\/revisions"}],"predecessor-version":[{"id":325850,"href":"https:\/\/www.luxor.cz\/blog\/wp-json\/wp\/v2\/posts\/324296\/revisions\/325850"}],"wp:featuredmedia":[{"embeddable":true,"href":"https:\/\/www.luxor.cz\/blog\/wp-json\/wp\/v2\/media\/324297"}],"wp:attachment":[{"href":"https:\/\/www.luxor.cz\/blog\/wp-json\/wp\/v2\/media?parent=324296"}],"wp:term":[{"taxonomy":"category","embeddable":true,"href":"https:\/\/www.luxor.cz\/blog\/wp-json\/wp\/v2\/categories?post=324296"},{"taxonomy":"post_tag","embeddable":true,"href":"https:\/\/www.luxor.cz\/blog\/wp-json\/wp\/v2\/tags?post=324296"}],"curies":[{"name":"wp","href":"https:\/\/api.w.org\/{rel}","templated":true}]}}