{"id":2933,"date":"2015-05-03T20:48:00","date_gmt":"2015-05-03T18:48:00","guid":{"rendered":"https:\/\/www.luxor.cz\/blog\/nezarazene\/pojdme-s-nami-na-predpremieru-zabijaku-v-praze-brne-hradci-kralove-a-ve-zline\/"},"modified":"2023-01-06T16:09:56","modified_gmt":"2023-01-06T15:09:56","slug":"pojdme-s-nami-na-predpremieru-zabijaku-v-praze-brne-hradci-kralove-a-ve-zline-989","status":"publish","type":"post","link":"https:\/\/www.luxor.cz\/blog\/souteze\/pojdme-s-nami-na-predpremieru-zabijaku-v-praze-brne-hradci-kralove-a-ve-zline-989\/","title":{"rendered":"Poj\u010fte s n\u00e1mi na p\u0159edpremi\u00e9ru Zabij\u00e1k\u016f v Praze, Brn\u011b, Hradci Kr\u00e1lov\u00e9 a ve Zl\u00edn\u011b"},"content":{"rendered":"<\/p>\n<p>Kdo stoj\u00ed za 20 let starou s\u00e9ri\u00ed vra\u017ed\u00a0a zn\u00e1siln\u011bn\u00ed? V\u0161echny stopy vedou ke skupin\u011b student\u016f presti\u017en\u00ed intern\u00e1tn\u00ed \u0161koly, jako pachatel byl v\u0161ak odsouzen m\u00edstn\u00ed podiv\u00edn. Slo\u017eka\u00a0s p\u0159\u00edpadem se dost\u00e1v\u00e1 do speci\u00e1ln\u00edho krimin\u00e1ln\u00edho odd\u011blen\u00ed\u00a0Q na st\u016fl detektiva Carla M\u00f8rcka (Nikolaj Lie Kaas). Carl\u00a0a jeho asistent Assad (Fares Fares) okam\u017eit\u011b poznaj\u00ed, \u017ee\u00a0v p\u0159\u00edpadu n\u011bco nesed\u00ed\u00a0a znovu jej otev\u0159ou. Ve slo\u017ece najdou pozn\u00e1mku\u00a0o t\u00eds\u0148ov\u00e9m vol\u00e1n\u00ed zoufal\u00e9 mlad\u00e9 d\u00edvky. Ta v\u0161ak zmizela beze stopy. Brzy se uk\u00e1\u017ee, \u017ee Carl\u00a0a Assad nejsou jedin\u00ed, kdo se sna\u017e\u00ed naj\u00edt d\u00edvku, jej\u00ed\u017e sv\u011bdectv\u00ed by mohlo nep\u0159\u00edjemn\u011b zas\u00e1hnout ty nejvy\u0161\u0161\u00ed vrstvy uhlazen\u00e9 d\u00e1nsk\u00e9 spole\u010dnosti. Po <i>\u017den\u011b\u00a0v kleci<\/i> p\u0159ich\u00e1zej\u00ed re\u017eis\u00e9r Mikkel N\u00f8rgaard\u00a0a sc\u00e9n\u00e1rista Nikolaj Arcel (<i>Mu\u017ei, kte\u0159\u00ed nen\u00e1vid\u00ed \u017eeny<\/i>, <i>Kr\u00e1lovsk\u00e1 af\u00e9ra<\/i>)\u00a0s druh\u00fdm d\u00edlem detektivky podle bestseller\u016f Jussiho Adler-Olsena.\u00a0<\/p>\n<p>\u201cZ\u00e1plava skandin\u00e1vsk\u00fdch detektivek za\u010d\u00edn\u00e1 b\u00fdt popravd\u011b trochu nep\u0159ehledn\u00e1. D\u00e1nsk\u00fd spisovatel Jussi Adler-Olsen ale jednozna\u010dn\u011b pat\u0159\u00ed ke st\u00e1lic\u00edm tohoto \u017e\u00e1nru nejen\u00a0u n\u00e1s, ale\u00a0i\u00a0v zahrani\u010d\u00ed,\u00a0o \u010dem\u017e sv\u011bd\u010d\u00ed jeho po\u010detn\u00e1 fanou\u0161kovsk\u00e1 z\u00e1kladna. Kdy\u017e se v\u00fdborn\u00e9 p\u0159edlohy ujmou zku\u0161en\u00ed filma\u0159i, nem\u016f\u017ee vzniknout nic jin\u00e9ho ne\u017e kvalitn\u00ed \u017e\u00e1nrov\u00e1 pod\u00edvan\u00e1\u00a0s tou spr\u00e1vnou d\u00e1vkou ponur\u00e9 atmosf\u00e9ry, kterou maj\u00ed fanou\u0161ci skandin\u00e1vsk\u00fdch detektivek tak r\u00e1di.\u201d\u00a0Radka Urbancov\u00e1, Aerofilms<\/p>\n<p><\/p>\n<\/p>\n<p><a href=\"http:\/\/neoluxor.cz\/beletrie\/zabijaci-druhy-pripad-komisare-carla-mo--172004\/\" target=\"_blank\" rel=\"noopener\"><\/a><\/p>\n<p>Prvn\u00ed d\u00edl kni\u017en\u00ed s\u00e9rie o Odd\u011blen\u00ed Q spisovatele Jussiho Adlera-Olsena (<i>\u017dena v kleci<\/i>) spat\u0159il sv\u011btlo sv\u011bta v roce 2007 a dosud se do\u010dkal p\u011bti pokra\u010dov\u00e1n\u00ed, jejich\u017e \u00fast\u0159edn\u00ed postavou je v\u017edy komisa\u0159 Carl M\u00f8rck z Odd\u011blen\u00ed Q. Kni\u017en\u00ed s\u00e9rie z\u00edskala \u0159adu ocen\u011bn\u00ed a stala se d\u00e1nsk\u00fdm i celosv\u011btov\u00fdm bestsellerem. V \u0159\u00edjnu 2012 obdr\u017eel Adler-Olsen americk\u00e9 ocen\u011bn\u00ed Barry Award za nejlep\u0161\u00ed rom\u00e1n roku a v srpnu 2012 se <i>\u017dena v kleci<\/i> dostala i na \u017eeb\u0159\u00ed\u010dek bestseller\u016f \u010dasopisu New Yorker.\u00a0<span style=\"line-height: 1.45em: background-color: initial:\">Knihy t\u00e9to s\u00e9rie vy\u0161ly ve v\u00edce ne\u017e 35 zem\u00edch a celosv\u011btov\u011b se jich prodalo v\u00edce ne\u017e 7 milion\u016f v\u00fdtisk\u016f.\u00a0<\/span><\/p>\n<p>V \u010cesk\u00e9 republice s\u00e9rii o Odd\u011blen\u00ed Q vyd\u00e1v\u00e1 nakladatelstv\u00ed Host. Dosud posledn\u00ed, \u0161est\u00fd d\u00edl s\u00e9rie nazvan\u00fd <a href=\"http:\/\/neoluxor.cz\/pripravujeme\/nesmirny--1804\/\" target=\"_blank\" rel=\"noopener\">Nesm\u00edrn\u00fd<\/a> vyjde v \u010cR na podzim 2015. Ka\u017ed\u00e9ho d\u00edlu kni\u017en\u00ed s\u00e9rie se prod\u00e1 okolo 15-20 tis\u00edc v\u00fdtisk\u016f.\u00a0<\/p>\n<p>Za\u010d\u00e1tkem dubna 2015 vy\u0161li <i>Zabij\u00e1ci<\/i> tak\u00e9 jako <a href=\"http:\/\/neoluxor.cz\/audio\/zabijaci-cdmp3-cte-igor-bares--227814\/\" target=\"_blank\" rel=\"noopener\">audiokniha<\/a> u vydavatelstv\u00ed OneHotBook. Audioknihu na\u010detl Igor Bare\u0161.<\/p>\n<h1>Sout\u011b\u017e (ukon\u010dena)<\/h1>\n<p><a href=\"http:\/\/neoluxor.cz\/files\/pravidla_souteze_zabijaci.pdf\" target=\"_blank\" rel=\"noopener\">\u00dapln\u00e1 pravidla sout\u011b\u017ee<\/a><\/p>\n","protected":false},"excerpt":{"rendered":"<p>Vyhrajte l\u00edstky na exkluzivn\u00ed p\u0159edpremi\u00e9ru filmu Zabij\u00e1ci nato\u010den\u00e9ho podle stejnojmenn\u00e9 knihy Jussiho Adler-Olsena. V\u00edt\u011bzi se stanou ti, kte\u0159\u00ed bez chyby projdou kv\u00edzem a na posledn\u00ed ot\u00e1zku vymysl\u00ed co nejkreativn\u011bj\u0161\u00ed odpov\u011b\u010f, podle kter\u00e9 budeme nakonec vyb\u00edrat. Sout\u011b\u017e kon\u010d\u00ed 10. kv\u011btna 2015, dal\u0161\u00ed den kontaktujeme v\u00fdherce. Prom\u00edt\u00e1me 12. kv\u011btna od 20:30 v kin\u011b Sv\u011btozor v Praze a 13. kv\u011btna od 20:30 v kin\u011b Scala v Brn\u011b a Bio Central v Hradci Kr\u00e1lov\u00e9, od 18:00 v Golden Apple Cinema ve Zl\u00edn\u011b.<\/p>\n","protected":false},"author":2,"featured_media":0,"comment_status":"open","ping_status":"open","sticky":false,"template":"","format":"standard","meta":{"_acf_changed":false,"_monsterinsights_skip_tracking":false,"_monsterinsights_sitenote_active":false,"_monsterinsights_sitenote_note":"","_monsterinsights_sitenote_category":0,"_EventAllDay":false,"_EventTimezone":"","_EventStartDate":"","_EventEndDate":"","_EventStartDateUTC":"","_EventEndDateUTC":"","_EventShowMap":false,"_EventShowMapLink":false,"_EventURL":"","_EventCost":"","_EventCostDescription":"","_EventCurrencySymbol":"","_EventCurrencyCode":"","_EventCurrencyPosition":"","_EventDateTimeSeparator":"","_EventTimeRangeSeparator":"","_EventOrganizerID":[],"_EventVenueID":[],"_OrganizerEmail":"","_OrganizerPhone":"","_OrganizerWebsite":"","_VenueAddress":"","_VenueCity":"","_VenueCountry":"","_VenueProvince":"","_VenueState":"","_VenueZip":"","_VenuePhone":"","_VenueURL":"","_VenueStateProvince":"","_VenueLat":"","_VenueLng":"","_VenueShowMap":false,"_VenueShowMapLink":false,"twitterCardType":"","cardImageID":0,"cardImage":"","cardTitle":"","cardDesc":"","cardImageAlt":"","cardPlayer":"","cardPlayerWidth":0,"cardPlayerHeight":0,"cardPlayerStream":"","cardPlayerCodec":"","footnotes":""},"categories":[9],"tags":[],"class_list":["post-2933","post","type-post","status-publish","format-standard","hentry","category-souteze"],"acf":{"related_products":null},"_links":{"self":[{"href":"https:\/\/www.luxor.cz\/blog\/wp-json\/wp\/v2\/posts\/2933","targetHints":{"allow":["GET"]}}],"collection":[{"href":"https:\/\/www.luxor.cz\/blog\/wp-json\/wp\/v2\/posts"}],"about":[{"href":"https:\/\/www.luxor.cz\/blog\/wp-json\/wp\/v2\/types\/post"}],"author":[{"embeddable":true,"href":"https:\/\/www.luxor.cz\/blog\/wp-json\/wp\/v2\/users\/2"}],"replies":[{"embeddable":true,"href":"https:\/\/www.luxor.cz\/blog\/wp-json\/wp\/v2\/comments?post=2933"}],"version-history":[{"count":0,"href":"https:\/\/www.luxor.cz\/blog\/wp-json\/wp\/v2\/posts\/2933\/revisions"}],"wp:attachment":[{"href":"https:\/\/www.luxor.cz\/blog\/wp-json\/wp\/v2\/media?parent=2933"}],"wp:term":[{"taxonomy":"category","embeddable":true,"href":"https:\/\/www.luxor.cz\/blog\/wp-json\/wp\/v2\/categories?post=2933"},{"taxonomy":"post_tag","embeddable":true,"href":"https:\/\/www.luxor.cz\/blog\/wp-json\/wp\/v2\/tags?post=2933"}],"curies":[{"name":"wp","href":"https:\/\/api.w.org\/{rel}","templated":true}]}}