{"id":2932,"date":"2015-05-03T21:13:00","date_gmt":"2015-05-03T19:13:00","guid":{"rendered":"https:\/\/www.luxor.cz\/blog\/nezarazene\/letem-kniznim-svetem-18-tyden-2015\/"},"modified":"2023-01-06T16:09:56","modified_gmt":"2023-01-06T15:09:56","slug":"letem-kniznim-svetem-18-tyden-2015-988","status":"publish","type":"post","link":"https:\/\/www.luxor.cz\/blog\/nezarazene\/letem-kniznim-svetem-18-tyden-2015-988\/","title":{"rendered":"Letem kni\u017en\u00edm sv\u011btem (18. t\u00fdden 2015)"},"content":{"rendered":"<\/p>\n<\/p>\n<\/p>\n<\/p>\n<p>Byly vyhl\u00e1\u0161eni v\u00edt\u011bzov\u00e9\u00a0Edgar Award 2015. Cenu za nejlep\u0161\u00ed knihu vyhr\u00e1l Stephen King s rom\u00e1nem <a href=\"http:\/\/neoluxor.cz\/beletrie\/pan-mercedes--221747\/\" target=\"_blank\" rel=\"noopener\">Pan Mercedes<\/a>.<\/p>\n<p>Jak\u00e9 knihy se nejv\u00edce kradou v knihkupectv\u00edch ve Velk\u00e9 Brit\u00e1nii? Ty od Terryho Pratchetta.<\/p>\n<p>Na webu pr\u00e1v\u011b <a href=\"http:\/\/nlx.cz\/zabijaci-predpremiera\" target=\"_blank\" rel=\"noopener\">sout\u011b\u017e\u00edme o vstupy na p\u0159edpremi\u00e9ru filmu Zabij\u00e1ci<\/a> v Praze, Brn\u011b, Hradci Kr\u00e1lov\u00e9 a ve Zl\u00edn\u011b.<\/p>\n<p>V r\u00e1mci\u00a0BookConu bylo zve\u0159ejn\u011bno 12 exkluzivn\u00edch uk\u00e1zek z o\u010dek\u00e1van\u00fdch knih t\u00e9to sez\u00f3ny \u2013 nap\u0159. <i>Carry On<\/i>\u00a0od Rainbow Rowell, <i>Another Day<\/i> od Davida Levithana, <i>Soundless<\/i> od Richelle Mead, <i>The Rest of Us Just Live Here<\/i> od Patricka Nesse, <i>Off the Page<\/i> od Jodi Picoult a dal\u0161\u00ed. V\u0161echny uk\u00e1zky jsou k dispozici na <a href=\"http:\/\/www.itunes.com\/thebookcon\" target=\"_blank\" rel=\"noopener\">iBooks<\/a>.<\/p>\n<p>Nakladatelstv\u00ed Kniha Zl\u00edn zpracovalo \u010d\u00e1st sv\u00e9ho jarn\u00edho edi\u010dn\u00edho pl\u00e1nu do opravdu origin\u00e1ln\u00ed formy a p\u0159edstavuje videoedi\u010d\u00e1k.<\/p>\n<p><\/p>\n<p><span style=\"color: rgb(0, 0, 0): font-size: 30px: font-weight: bold: line-height: 38px: background-color: initial:\">P\u0159ipravovan\u00e9 knihy<\/span><\/p>\n<p>Pod\u00edvejte se do sekce <a href=\"http:\/\/neoluxor.cz\/pripravujeme\/\" target=\"_blank\" rel=\"noopener\">P\u0159ipravujeme<\/a> a projd\u011bte si celou nab\u00eddku chystan\u00fdch knih.\u00a0<\/p>\n<ul>\n<li>Nakladatelstv\u00ed Host vydalo podzimn\u00ed edi\u010dn\u00ed pl\u00e1n. Prohl\u00e9dnout si ho m\u016f\u017eete na <a href=\"http:\/\/issuu.com\/hostbrno\/docs\/edicni-plan--02-2015\/17?e=1453111\/12559437\" target=\"_blank\" rel=\"noopener\">Issuu<\/a>. T\u011b\u0161it se m\u016f\u017eete nejen na pokra\u010dov\u00e1n\u00ed <i>Mil\u00e9nia<\/i> s n\u00e1zvem <a href=\"http:\/\/neoluxor.cz\/pripravujeme\/divka-v-pavouci-siti--1751\/\" target=\"_blank\" rel=\"noopener\">D\u00edvka v pavou\u010d\u00ed s\u00edti<\/a>, ale tak\u00e9 na \u0161est\u00fd p\u0159\u00edpad odd\u011blen\u00ed Q \u2013 <a href=\"http:\/\/neoluxor.cz\/pripravujeme\/nesmirny--1804\/\" target=\"_blank\" rel=\"noopener\">Nesm\u00edrn\u00fd<\/a> \u2013 novou knihu Petera Maye \u2013 <a href=\"http:\/\/neoluxor.cz\/pripravujeme\/ostrov-entry--1805\/\" target=\"_blank\" rel=\"noopener\">Ostrov Entry<\/a> \u2013 a pokra\u010dov\u00e1n\u00ed <i>Kosti\u010dasu<\/i> \u2013\u00a0<a href=\"http:\/\/neoluxor.cz\/pripravujeme\/vidorad--1806\/\" target=\"_blank\" rel=\"noopener\">Vido\u0159\u00e1d<\/a>.<\/li>\n<li>Nov\u00e9ho vyd\u00e1n\u00ed se do\u010dk\u00e1 hned n\u011bkolik kni\u017en\u00edch klasik, nap\u0159.\u00a0<a href=\"http:\/\/neoluxor.cz\/pripravujeme\/devatenact-set-osmdesat-ctyri--1798\/\" target=\"_blank\" rel=\"noopener\">Devaten\u00e1ct set osmdes\u00e1t \u010dty\u0159i<\/a> od George Orwella a\u00a0<a href=\"http:\/\/neoluxor.cz\/pripravujeme\/stoparuv-pruvodce-galaxii-1--1797\/\" target=\"_blank\" rel=\"noopener\">Stopa\u0159\u016fv pr\u016fvodce Galaxi\u00ed 1<\/a>.<\/li>\n<li>40. titul v s\u00e9rii <i>Zem\u011bplocha<\/i> s n\u00e1zvem <a href=\"http:\/\/neoluxor.cz\/pripravujeme\/pod-parou--1796\/\" target=\"_blank\" rel=\"noopener\">Pod parou<\/a> vyjde u\u017e 11. kv\u011btna.<\/li>\n<li>Na za\u010d\u00e1tku z\u00e1\u0159\u00ed vyd\u00e1 Kni\u017en\u00ed klub v edici Sv\u011btov\u00fd bestseller knihu <a href=\"http:\/\/neoluxor.cz\/pripravujeme\/budoucnost--1795\/\" target=\"_blank\" rel=\"noopener\">Budoucnost<\/a>, kter\u00e1 se odehr\u00e1v\u00e1 v Evrop\u011b v roce 2400.\u00a0Od doby, co byla technick\u00fdmi prost\u0159edky pora\u017eena smrt, je cel\u00fd kontinent p\u0159elidn\u011bn\u00fd a zm\u011bnil se v gigantickou megapolis tvo\u0159enou obytn\u00fdmi v\u011b\u017eemi vyp\u00ednaj\u00edc\u00edmi se vysoko do nebe. V t\u011bchto v\u011b\u017e\u00edch panuje brut\u00e1ln\u00ed \u0159\u00e1d.<\/li>\n<li>V z\u00e1\u0159\u00ed vyjde dal\u0161\u00ed rom\u00e1n Paulliny Simonsov\u00e9\u00a0s n\u00e1zvem <a href=\"http:\/\/neoluxor.cz\/pripravujeme\/bellagrand--1794\/\" target=\"_blank\" rel=\"noopener\">Bellagrad<\/a>. D\u011bj p\u0159edch\u00e1z\u00ed ud\u00e1lostem <a href=\"http:\/\/neoluxor.cz\/beletrie\/medeny-jezdec--191255\/\" target=\"_blank\" rel=\"noopener\">M\u011bd\u011bn\u00e9ho jezdce<\/a>\u00a0a hlavn\u00edmi postavami jsou rodi\u010de Alexandera.<\/li>\n<li>Kniha Zl\u00edn ve sv\u00e9 edici TEMA vyd\u00e1 dal\u0161\u00ed tituly o um\u011bn\u00ed a um\u011bleck\u00e9m trhu pro laiky. Dvojici tvo\u0159\u00ed publikace <a href=\"http:\/\/neoluxor.cz\/pripravujeme\/snidane-u-sothebyho-svet-umeni-od-a-do-z--1693\/\" target=\"_blank\" rel=\"noopener\">Sn\u00eddan\u011b u Sothebyho<\/a> a <a href=\"http:\/\/neoluxor.cz\/pripravujeme\/b-jako-bauhaus--1799\/\" target=\"_blank\" rel=\"noopener\">B jako Bauhaus<\/a>, spole\u010dn\u011b s lond\u00fdnsk\u00fdm nakladatelstv\u00edm Phaidon chyst\u00e1 je\u0161t\u011b <a href=\"http:\/\/neoluxor.cz\/pripravujeme\/sbirani-umeni-vasen-investice-a-mnohem-vic--1800\/\" target=\"_blank\" rel=\"noopener\">Sb\u00edr\u00e1n\u00ed um\u011bn\u00ed<\/a>.<\/li>\n<li>Ji\u017e tento t\u00fdden se do\u010dk\u00e1me nov\u00e9 knihy Emila Hakla \u2013 <a href=\"http:\/\/neoluxor.cz\/pripravujeme\/konec-sveta--1801\/\" target=\"_blank\" rel=\"noopener\">Konec sv\u011bta<\/a>, kter\u00e1 nab\u00eddne deset pov\u00eddek, deset p\u0159esn\u00fdch popis\u016f deseti situac\u00ed, deset pro\u017eitk\u016f, kter\u00e9 se bu\u010f odehr\u00e1vaj\u00ed p\u0159\u00edmo uprost\u0159ed magick\u00fdch 90. let, nebo se skrz \u0161pinav\u00e9 sklo p\u0159\u00edtomnosti ohl\u00ed\u017eej\u00ed zp\u011bt na magick\u00e1 l\u00e9ta osmdes\u00e1t\u00e1.<\/li>\n<li>V \u010dervnu vyd\u00e1 Argo rom\u00e1n <a href=\"http:\/\/neoluxor.cz\/pripravujeme\/scotland-yard--1803\/\" target=\"_blank\" rel=\"noopener\">Scotland Yard<\/a>, kter\u00fd se odehr\u00e1v\u00e1 v Lond\u00fdn\u011b roku 1889.\u00a0Hr\u016fzovl\u00e1da Jacka Rozparova\u010de zrovna skon\u010dila, ale dal\u0161\u00ed \u00e9ra nepochopiteln\u00e9ho n\u00e1sil\u00ed pr\u00e1v\u011b za\u010d\u00edn\u00e1.<\/li>\n<li>Kniha <a href=\"http:\/\/neoluxor.cz\/pripravujeme\/praha-u-piva--1802\/\" target=\"_blank\" rel=\"noopener\">Praha u piva<\/a> l\u00ed\u010d\u00ed historii pra\u017esk\u00fdch lidov\u00fdch hostinc\u016f, hospod, \u0161enk\u016f a pivnic zhruba od poloviny 19. do poloviny 20. stolet\u00ed a navazuje na autorovu \u00fasp\u011b\u0161nou monografii Z<i>lat\u00e1 doba \u0161tamgast\u016f pra\u017esk\u00fdch hospod<\/i> (2003), jej\u00ed\u017e n\u00e1klad je rozebr\u00e1n. Nov\u00e1 publikace Karla Altmana vyjde 25. kv\u011btna.<\/li>\n<\/ul>\n<p><span style=\"color: rgb(0, 0, 0): font-size: 30px: font-weight: bold: line-height: 38px: background-color: initial:\">Kni\u017en\u00ed novinky t\u00fddne<\/span><\/p>\n<p>Kompletn\u00ed p\u0159ehled novinek najdete v sekci <a href=\"http:\/\/neoluxor.cz\/nove-knihy\/\" target=\"_blank\" rel=\"noopener\">Nov\u00e9 knihy<\/a>.\u00a0<\/p>\n<\/p>\n<\/p>\n<\/p>\n<p><a href=\"http:\/\/neoluxor.cz\/beletrie\/pan-lemon-a-boruvkovy-kolac--228486\/\" target=\"_blank\" rel=\"noopener\"><\/a><\/p>\n<p><a href=\"http:\/\/neoluxor.cz\/beletrie\/atlantsky-gen--228571\/\" target=\"_blank\" rel=\"noopener\"><\/a><\/p>\n<p><a href=\"http:\/\/neoluxor.cz\/beletrie\/rychle-a-smyslne--228562\/\" target=\"_blank\" rel=\"noopener\"><\/a><\/p>\n<p><a href=\"http:\/\/neoluxor.cz\/detske\/ve-jmenu-husa--228620\/\" target=\"_blank\" rel=\"noopener\"><\/a><\/p>\n<p><a href=\"http:\/\/neoluxor.cz\/detske\/druha-stribrna-kniha-snu--228627\/\" target=\"_blank\" rel=\"noopener\"><\/a><\/p>\n<p><a href=\"http:\/\/neoluxor.cz\/beletrie\/stribrny-jednorozec--228314\/\" target=\"_blank\" rel=\"noopener\"><\/a><\/p>\n<p><a href=\"http:\/\/neoluxor.cz\/popularne-naucna\/holka-a-ne-ledajaka--228313\/\" target=\"_blank\" rel=\"noopener\"><\/a><\/p>\n<p><a href=\"http:\/\/neoluxor.cz\/beletrie\/ty--228312\/\" target=\"_blank\" rel=\"noopener\"><\/a><\/p>\n<p><a href=\"http:\/\/neoluxor.cz\/audio\/cd-boure-mecu-pisen-ledu-a-ohne--228506\/\" target=\"_blank\" rel=\"noopener\"><\/a><\/p>\n<p><a href=\"http:\/\/neoluxor.cz\/beletrie\/republika-uzupis--228276\/\" target=\"_blank\" rel=\"noopener\"><\/a><\/p>\n<p><span style=\"color: rgb(0, 0, 0): font-size: 30px: font-weight: bold: line-height: 38px: background-color: initial:\">Filmov\u00e9 novinky<\/span><\/p>\n<p>Pod\u00edvejte se na nov\u00fd trailer seri\u00e1lov\u00e9 adaptace knihy\u00a0<a href=\"http:\/\/neoluxor.cz\/cizojazycne-knihy\/jonathan-strange-and-mr-norrell--201025\/\" target=\"_blank\" rel=\"noopener\">Jonathan Strange and Mr Norrell<\/a>. V hlavn\u00edch rol\u00edch se p\u0159edstavuj\u00ed\u00a0Bertie Carvel a Eddie Marsan, BBC America za\u010dne sedmid\u00edlnou minis\u00e9rii vys\u00edlat letos v l\u00e9t\u011b.<\/p>\n<p><\/p>\n<\/p>\n<p><span style=\"line-height: 1.45em: background-color: initial:\">Ron Howard zve\u0159ejnil na sv\u00e9m Twitteru prvn\u00ed fotky z nat\u00e1\u010den\u00ed filmov\u00e9 adaptace Brownova <a href=\"http:\/\/neoluxor.cz\/beletrie\/inferno--199136\/\" target=\"_blank\" rel=\"noopener\">Inferna<\/a>. Premi\u00e9ra je pl\u00e1nov\u00e1na na 14. \u0159\u00edjna 2016.<\/span><\/p>\n<p><span style=\"line-height: 1.45em: background-color: initial:\"><\/span><\/p>\n<\/p>\n<p><span style=\"line-height: 1.45em: background-color: initial:\">Pod\u00edvejte se na prvn\u00ed fotky z filmov\u00e9 adaptace <a href=\"http:\/\/neoluxor.cz\/beletrie\/macbeth--87231\/\" target=\"_blank\" rel=\"noopener\">Macbetha<\/a>, kterou nato\u010dil re\u017eis\u00e9r\u00a0Justin Kurzel. V hlavn\u00edch rol\u00edch uvid\u00edme\u00a0Michaela Fassbendera a Marion Cotillard. Sv\u011btovou premi\u00e9ru m\u00e1 film letos v \u0159\u00edjnu.<\/span><\/p>\n<p><span style=\"line-height: 1.45em: background-color: initial:\"><\/span><\/p>\n<\/p>\n<p><span style=\"line-height: 1.45em: background-color: initial:\">Hilary Swank a Tom Wilkinson si zahraj\u00ed ve filmu <i>Denial<\/i> na motivy knihy <a href=\"http:\/\/neoluxor.cz\/popularne-naucna\/historie-pred-soudem--85632\/\" target=\"_blank\" rel=\"noopener\">Historie p\u0159ed soudem<\/a>. Re\u017eie se ujme\u00a0Mick Jackson.<br \/><\/span><\/p>\n<p><span style=\"line-height: 1.45em: background-color: initial:\">Novinky k obsazen\u00ed dal\u0161\u00edch rol\u00ed ve filmov\u00e9 adaptaci <\/span><a href=\"http:\/\/neoluxor.cz\/detske\/aliance--209584\/\" style=\"line-height: 1.45em: background-color: initial:\" target=\"_blank\" rel=\"noopener\">Aliance<\/a><span style=\"line-height: 1.45em: background-color: initial:\">:\u00a0Jeff Daniels byl obsazen do role Davida, ve filmu si zahraje tak\u00e9\u00a0Bill Skarsgard (pravd\u011bpodobn\u011b Matthewa). Posledn\u00ed d\u00edl je rozd\u011blen do dvou film\u016f a prvn\u00ed z nich uvid\u00edme v kinech v b\u0159eznu 2016.<\/span><\/p>\n<p><span style=\"line-height: 1.45em: background-color: initial:\"><\/span><\/p>\n<\/p>\n<p><span style=\"line-height: 1.45em: background-color: initial:\">P\u0159ipravovan\u00fd seri\u00e1l <i>Shadowhunters<\/i>\u00a0na motivy s\u00e9rie <a href=\"http:\/\/neoluxor.cz\/beletrie\/nastroje-smrti-1-mesto-z-kosti--197322\/\" target=\"_blank\" rel=\"noopener\">N\u00e1stroje smrti<\/a> m\u00e1 potvrzen\u00e9 osazen\u00ed dal\u0161\u00edch rol\u00ed. K Dominicovi Sherwoodovi se p\u0159id\u00e1\u00a0Alberto Rosende jako Simon a Emeraude Toubia jako Isabelle.<\/span><\/p>\n<p><span style=\"line-height: 1.45em: background-color: initial:\"><\/span><\/p>\n<\/p>\n<p><span style=\"line-height: 1.45em: background-color: initial:\">Autorka: Olga Zbranek Biern\u00e1tov\u00e1<\/span><\/p>\n<p>Zdroje: Variety.com, Adweek.com, Tor.com, Hollywoodreporter.com, Hypable.com, Collider.com<\/p>\n<p>Na kterou knihu se t\u011b\u0161\u00edte nejv\u00edce? Co \u0159\u00edk\u00e1te na nov\u00fd trailer, fotky a casting? Napi\u0161te n\u00e1m do koment\u00e1\u0159\u016f.<\/p>\n<\/p><\/p>\n","protected":false},"excerpt":{"rendered":"<p>Stephen King vyhr\u00e1l Edgar Award, Kniha Zl\u00edn vydala videoedi\u010d\u00e1k a Host p\u0159edstavuje podzimn\u00ed novinky, pod\u00edvejte se na nov\u00fd trailer seri\u00e1lov\u00e9 adaptace knihy Jonathan Strange and Mr Norrell, m\u00e1me prvn\u00ed fotky z nat\u00e1\u010den\u00ed Inferna a z filmu na motivy Shakespearova Macbetha, zn\u00e1me obsazen\u00ed dal\u0161\u00edch rol\u00ed v Alianci a N\u00e1stroj\u00edch smrti.<\/p>\n","protected":false},"author":2,"featured_media":0,"comment_status":"open","ping_status":"open","sticky":false,"template":"","format":"standard","meta":{"_acf_changed":false,"_monsterinsights_skip_tracking":false,"_monsterinsights_sitenote_active":false,"_monsterinsights_sitenote_note":"","_monsterinsights_sitenote_category":0,"_EventAllDay":false,"_EventTimezone":"","_EventStartDate":"","_EventEndDate":"","_EventStartDateUTC":"","_EventEndDateUTC":"","_EventShowMap":false,"_EventShowMapLink":false,"_EventURL":"","_EventCost":"","_EventCostDescription":"","_EventCurrencySymbol":"","_EventCurrencyCode":"","_EventCurrencyPosition":"","_EventDateTimeSeparator":"","_EventTimeRangeSeparator":"","_EventOrganizerID":[],"_EventVenueID":[],"_OrganizerEmail":"","_OrganizerPhone":"","_OrganizerWebsite":"","_VenueAddress":"","_VenueCity":"","_VenueCountry":"","_VenueProvince":"","_VenueState":"","_VenueZip":"","_VenuePhone":"","_VenueURL":"","_VenueStateProvince":"","_VenueLat":"","_VenueLng":"","_VenueShowMap":false,"_VenueShowMapLink":false,"twitterCardType":"","cardImageID":0,"cardImage":"","cardTitle":"","cardDesc":"","cardImageAlt":"","cardPlayer":"","cardPlayerWidth":0,"cardPlayerHeight":0,"cardPlayerStream":"","cardPlayerCodec":"","footnotes":""},"categories":[1],"tags":[],"class_list":["post-2932","post","type-post","status-publish","format-standard","hentry","category-nezarazene"],"acf":{"related_products":null},"_links":{"self":[{"href":"https:\/\/www.luxor.cz\/blog\/wp-json\/wp\/v2\/posts\/2932","targetHints":{"allow":["GET"]}}],"collection":[{"href":"https:\/\/www.luxor.cz\/blog\/wp-json\/wp\/v2\/posts"}],"about":[{"href":"https:\/\/www.luxor.cz\/blog\/wp-json\/wp\/v2\/types\/post"}],"author":[{"embeddable":true,"href":"https:\/\/www.luxor.cz\/blog\/wp-json\/wp\/v2\/users\/2"}],"replies":[{"embeddable":true,"href":"https:\/\/www.luxor.cz\/blog\/wp-json\/wp\/v2\/comments?post=2932"}],"version-history":[{"count":0,"href":"https:\/\/www.luxor.cz\/blog\/wp-json\/wp\/v2\/posts\/2932\/revisions"}],"wp:attachment":[{"href":"https:\/\/www.luxor.cz\/blog\/wp-json\/wp\/v2\/media?parent=2932"}],"wp:term":[{"taxonomy":"category","embeddable":true,"href":"https:\/\/www.luxor.cz\/blog\/wp-json\/wp\/v2\/categories?post=2932"},{"taxonomy":"post_tag","embeddable":true,"href":"https:\/\/www.luxor.cz\/blog\/wp-json\/wp\/v2\/tags?post=2932"}],"curies":[{"name":"wp","href":"https:\/\/api.w.org\/{rel}","templated":true}]}}