{"id":2856,"date":"2015-03-16T11:47:00","date_gmt":"2015-03-16T10:47:00","guid":{"rendered":"https:\/\/www.luxor.cz\/blog\/nezarazene\/letem-kniznim-svetem-11-tyden-2015\/"},"modified":"2023-01-06T16:11:59","modified_gmt":"2023-01-06T15:11:59","slug":"letem-kniznim-svetem-11-tyden-2015-910","status":"publish","type":"post","link":"https:\/\/www.luxor.cz\/blog\/nezarazene\/letem-kniznim-svetem-11-tyden-2015-910\/","title":{"rendered":"Letem kni\u017en\u00edm sv\u011btem (11. t\u00fdden 2015)"},"content":{"rendered":"<\/p>\n<p>Byly zve\u0159ejn\u011bny nominace na ceny Magnesia Litera 2015, vyb\u00edralo se z 349 knih.<\/p>\n<\/p>\n<p><b>Litera za pr\u00f3zu<\/b><\/p>\n<\/p>\n<p><span style=\"line-height: 1.45em: background-color: initial:\"><a href=\"http:\/\/neoluxor.cz\/beletrie\/vitr-tma-pritomnost--211429\/\" target=\"_blank\" rel=\"noopener\">V\u00e1clav Kahuda: V\u00edtr, tma, p\u0159\u00edtomnost<\/a> (Druh\u00e9 m\u011bsto)<\/span><br \/><span style=\"line-height: 1.45em: background-color: initial:\"><a href=\"http:\/\/neoluxor.cz\/beletrie\/imago-ty-trubko--222246\/\" target=\"_blank\" rel=\"noopener\">Hana Lundiakov\u00e1: IMAGO. Ty trubko!<\/a> (Kniha Zl\u00edn)<\/span><br \/><span style=\"line-height: 1.45em: background-color: initial:\"><a href=\"http:\/\/neoluxor.cz\/beletrie\/predbezna-ohledavani--217917\/\" target=\"_blank\" rel=\"noopener\">Petr Pazdera Payne: P\u0159edb\u011b\u017en\u00e1 ohled\u00e1n\u00ed<\/a> (Cherm)<\/span><br \/><span style=\"line-height: 1.45em: background-color: initial:\"><a href=\"http:\/\/neoluxor.cz\/beletrie\/basnik--210291\/\" target=\"_blank\" rel=\"noopener\">Martin Reiner: B\u00e1sn\u00edk. Rom\u00e1n o Ivanu Blatn\u00e9m<\/a> (Torst)<\/span><br \/><span style=\"line-height: 1.45em: background-color: initial:\"><a href=\"http:\/\/neoluxor.cz\/beletrie\/hagibor--217378\/\" target=\"_blank\" rel=\"noopener\">Milena Slavick\u00e1: Hagibor<\/a> (Torst)<\/span><br \/><span style=\"line-height: 1.45em: background-color: initial:\"><a href=\"http:\/\/neoluxor.cz\/beletrie\/mlyn-na-mumie-broz--220964\/\" target=\"_blank\" rel=\"noopener\">Petr Stan\u010d\u00edk: Ml\u00fdn na mumie<\/a> (Druh\u00e9 m\u011bsto)<\/span><\/p>\n<p><span style=\"line-height: 1.45em: background-color: initial:\"><b>Litera za poezii<\/b><\/span><\/p>\n<p><span style=\"line-height: 1.45em: background-color: initial:\"><a href=\"http:\/\/neoluxor.cz\/beletrie\/sbohem-male-nic--218458\/\" target=\"_blank\" rel=\"noopener\">Dan Jedli\u010dka: Sbohem mal\u00e9 nic<\/a> (Perplex)<br \/><\/span><span style=\"line-height: 1.45em: background-color: initial:\"><a href=\"http:\/\/neoluxor.cz\/beletrie\/tydny--221916\/\" target=\"_blank\" rel=\"noopener\">Olga Stehl\u00edkov\u00e1: T\u00fddny<\/a> (Dauphin)<br \/><\/span><span style=\"line-height: 1.45em: background-color: initial:\"><a href=\"http:\/\/neoluxor.cz\/beletrie\/cerna-bere--220607\/\" target=\"_blank\" rel=\"noopener\">Michal Mar\u0161\u00e1lek: \u010cern\u00e1 bere<\/a> (Dauphin)<\/span><\/p>\n<p><span style=\"line-height: 1.45em: background-color: initial:\"><b>Litera za knihu pro d\u011bti a ml\u00e1de\u017e\u00a0<\/b><\/span><\/p>\n<p><span style=\"line-height: 1.45em: background-color: initial:\"><a href=\"http:\/\/neoluxor.cz\/detske\/proc-obrazy-nepotrebuji-nazvy--221353\/\" target=\"_blank\" rel=\"noopener\">Ond\u0159ej Hor\u00e1k, Ji\u0159\u00ed Franta: Pro\u010d obrazy nepot\u0159ebuj\u00ed n\u00e1zvy<\/a> (Labyrint) <br \/><a href=\"http:\/\/neoluxor.cz\/detske\/muz-z-hodin--212074\/\" target=\"_blank\" rel=\"noopener\">Vratislav Ma\u0148\u00e1k: Mu\u017e z hodin<\/a> (Albatros) <br \/><a href=\"http:\/\/neoluxor.cz\/detske\/skviry--221622\/\" target=\"_blank\" rel=\"noopener\">Marka M\u00edkov\u00e1: \u0160kv\u00edry<\/a> (Argo)\u00a0<br \/><\/span><\/p>\n<p><span style=\"line-height: 1.45em: background-color: initial:\"><b>Litera za literaturu faktu\u00a0<\/b><\/span><\/p>\n<p><span style=\"line-height: 1.45em: background-color: initial:\"><a href=\"http:\/\/neoluxor.cz\/popularne-naucna\/udalosti--220576\/\" target=\"_blank\" rel=\"noopener\">Bohumil Dole\u017eal: Ud\u00e1losti<\/a> (Revolver revue) <br \/><a href=\"http:\/\/neoluxor.cz\/popularne-naucna\/herman-jakub-cernin-i-iidil--218398\/\" target=\"_blank\" rel=\"noopener\">Zden\u011bk Hojda a kol.: He\u0159man Jakub \u010cern\u00edn na cest\u011b za Alpy a Pyreneje<\/a> (NLN\/NG) <br \/><a href=\"http:\/\/neoluxor.cz\/popularne-naucna\/ten-ktery-byl-vladimir-macura-mezi-literaturou-vedou-a-hrou--218444\/\" target=\"_blank\" rel=\"noopener\">Pavel Janou\u0161ek: Ten, kter\u00fd byl. Vladim\u00edr Macura mezi literaturou, v\u011bdou a hrou<\/a> (Academia)\u00a0<br \/><\/span><\/p>\n<p><span style=\"line-height: 1.45em: background-color: initial:\"><b>Litera za nakladatelsk\u00fd \u010din\u00a0<\/b><\/span><\/p>\n<p><span style=\"line-height: 1.45em: background-color: initial:\"><a href=\"http:\/\/neoluxor.cz\/popularne-naucna\/kamil-lhotak-a-kniha--223934\/\" target=\"_blank\" rel=\"noopener\">Jan Dvo\u0159\u00e1k, Robert H\u00e9derv\u00e1ri: Kamil Lhot\u00e1k a kniha<\/a> (Vltav\u00edn) <br \/><a href=\"http:\/\/neoluxor.cz\/beletrie\/dejiny-ceskoslovenskeho-komiksu-20-stoleti--223797\/\" target=\"_blank\" rel=\"noopener\">Tom\u00e1\u0161 Prok\u016fpek, Pavel Ko\u0159\u00ednek a kol.: D\u011bjiny \u010deskoslovensk\u00e9ho komiksu 20. stolet\u00ed<\/a> (Akropolis) <br \/><a href=\"http:\/\/neoluxor.cz\/popularne-naucna\/akademicky-atlas-ceskych-dejiny--213815\/\" target=\"_blank\" rel=\"noopener\">Eva Semotamov\u00e1 a kol.: Akademick\u00fd atlas \u010desk\u00fdch d\u011bjin<\/a> (Academia)\u00a0<br \/><\/span><\/p>\n<p><span style=\"line-height: 1.45em: background-color: initial:\"><b>Litera za p\u0159ekladovou knihu\u00a0<\/b><\/span><\/p>\n<p><span style=\"line-height: 1.45em: background-color: initial:\"><a href=\"http:\/\/neoluxor.cz\/beletrie\/brodeckova-zprava--221384\/\" target=\"_blank\" rel=\"noopener\">Phillipe Claudel: Brodeckova zpr\u00e1va<\/a> (z francouz\u0161tiny p\u0159elo\u017eila Kate\u0159ina Vin\u0161ov\u00e1, Paseka) <br \/><a href=\"http:\/\/neoluxor.cz\/beletrie\/ostrov--217839\/\" target=\"_blank\" rel=\"noopener\">Roy Jacobsen: Ostrov<\/a> (z nor\u0161tiny p\u0159elo\u017eila Jarka Vrbov\u00e1, Pistorius &#038; Ol\u0161ansk\u00e1) <br \/><a href=\"http:\/\/neoluxor.cz\/detske\/jen-jestli-si-nevymejslis--217857\/\" target=\"_blank\" rel=\"noopener\">Shel Silverstein: Jen jestli si nevymej\u0161l\u00ed\u0161<\/a> (z angli\u010dtiny p\u0159elo\u017eili Luk\u00e1\u0161 Nov\u00e1k, Stanislav Rub\u00e1\u0161 a Zuzana \u0160\u0165astn\u00e1, Albatros)<br \/><\/span><\/p>\n<p><span style=\"line-height: 1.45em: background-color: initial:\"><b>DILIA Litera pro objev roku\u00a0<\/b><\/span><\/p>\n<p><span style=\"line-height: 1.45em: background-color: initial:\"><a href=\"http:\/\/neoluxor.cz\/popularne-naucna\/vladimira-cerepkova--218514\/\" target=\"_blank\" rel=\"noopener\">Alice Hor\u00e1\u010dkov\u00e1: Vladim\u00edra \u010cerepkov\u00e1 \u2013 Beatnick\u00e1 femme fatale<\/a> (Argo) <br \/><a href=\"http:\/\/neoluxor.cz\/beletrie\/palenka-prozy-z-banatu--221705\/\" target=\"_blank\" rel=\"noopener\">Mat\u011bj Ho\u0159ava: P\u00e1lenka<\/a> (Host) <br \/>Al\u017eb\u011bta Michalov\u00e1: Z\u0159eteln\u011b nevypr\u00e1v\u00ed\u0161 (fra)\u00a0<\/span><\/p>\n<p><span style=\"line-height: 1.45em: background-color: initial:\">12. b\u0159ezna zem\u0159el v 66 letech spisovatel\u00a0Terry Pratchett, kter\u00fd dlouh\u00e1 l\u00e9ta bojoval s Alzheimerovou chorobou. \u010cten\u00e1\u0159i si jej pamatuj\u00ed a budou nav\u017edy pamatovat d\u00edky <i>\u00da\u017easn\u00e9 Zem\u011bplo\u0161e<\/i>.<\/span><\/p>\n<p><span style=\"line-height: 1.45em: background-color: initial:\"><\/span><\/p>\n<p align=\"center\">\n<\/p>\n<p><span style=\"line-height: 1.45em: background-color: initial:\">Pat\u0159\u00edte-li mezi \u010dten\u00e1\u0159e e-knih, pod\u00edvejte se na na\u0161i nab\u00eddku p\u0159edprodej\u016f. Aktu\u00e1ln\u011b m\u00e1me <a href=\"http:\/\/www.palmknihy.cz\/policie-154735.html?a_box=2aj48k8n\" target=\"_blank\" rel=\"noopener\">posledn\u00ed holeovku s 30% slevou<\/a>, stejnou slevu nab\u00edz\u00edme i na vybran\u00e9 <a href=\"http:\/\/www.palmknihy.cz\/akce-a-slevy\/predprodej.html?a_box=2aj48k8n\" target=\"_blank\" rel=\"noopener\">velko\u010dtvrte\u010dn\u00ed tituly<\/a>.<\/span><\/p>\n<p><span style=\"line-height: 1.45em: background-color: initial:\">Nezapome\u0148te, \u017ee 19. b\u0159ezna je Velk\u00fd kni\u017en\u00ed \u010dtvrtek, kter\u00fd ude\u0159\u00ed s patn\u00e1ctkou jarn\u00edch bestseller\u016f. V knihkupectv\u00ed Neoluxor z\u00edsk\u00e1te k n\u00e1kupu knih z na\u0161\u00ed nab\u00eddky pouk\u00e1zky na dal\u0161\u00ed n\u00e1kup. A oproti minul\u00fdm ro\u010dn\u00edk\u016fm sta\u010d\u00ed koupit jen jednu knihu, abyste si vyslou\u017eili 50 K\u010d pouk\u00e1zku. S dal\u0161\u00edmi knihami pak hodnoty pouk\u00e1zek rostou.<\/span><\/p>\n<p>Tento t\u00fdden v\u00e1s zveme na 4 akce v Pal\u00e1ci knih Luxor a jednu v Chomutov\u011b:<\/p>\n<\/p>\n<ul>\n<li><span style=\"line-height: 1.45em: background-color: initial:\">Pond\u011bl\u00ed, 16. b\u0159ezna od 16:00 \u2013\u00a0<\/span><a href=\"http:\/\/neoluxor.cz\/akce\/krest-knihy-jana-vavrika--539\/\" style=\"line-height: 1.45em: background-color: initial:\" target=\"_blank\" rel=\"noopener\">k\u0159est knihy Koloto\u010d strachu Jana Vav\u0159\u00edka spojen\u00fd s autogrami\u00e1dou<\/a><\/li>\n<li><span style=\"line-height: 1.45em: background-color: initial:\">\u00dater\u00fd, 17. b\u0159ezna od 17:00 \u2013\u00a0<\/span><a href=\"http:\/\/neoluxor.cz\/akce\/krest-knihy-zdenky-ortove--540\/\" style=\"line-height: 1.45em: background-color: initial:\" target=\"_blank\" rel=\"noopener\">k\u0159est knihy Koukejte do v\u00fdst\u0159ih\u016f Zde\u0148ky Ortov\u00e9 spojen\u00fd s autogrami\u00e1dou<\/a><\/li>\n<li><span style=\"line-height: 1.45em: background-color: initial:\">St\u0159eda, 17. b\u0159ezna od 17:00 \u2013\u00a0<\/span><a href=\"http:\/\/neoluxor.cz\/akce\/autogramiada-jana-saudka--546\/\" style=\"line-height: 1.45em: background-color: initial:\" target=\"_blank\" rel=\"noopener\">autogrami\u00e1da sv\u011btov\u011b proslul\u00e9ho \u010desk\u00e9ho fotografa Jana Saudka k jeho monografii Saudek<\/a><\/li>\n<li><span style=\"line-height: 1.45em: background-color: initial:\">\u010ctvrtek, 19. b\u0159ezna od 17:00 \u2013\u00a0<\/span><a href=\"http:\/\/neoluxor.cz\/akce\/autogramiada-medy-mladkove--541\/\" style=\"line-height: 1.45em: background-color: initial:\" target=\"_blank\" rel=\"noopener\">autogrami\u00e1da sb\u011bratelky a mecen\u00e1\u0161ky um\u011bn\u00ed Medy Ml\u00e1dkov\u00e9 k jej\u00ed knize M\u016fj \u00fa\u017easn\u00fd \u017eivot<\/a><\/li>\n<li>Sobota, 21. b\u0159ezna od 13:00 \u2013 <a href=\"http:\/\/neoluxor.cz\/akce\/autogramiada-veroniky-kasakove--547\/\" target=\"_blank\" rel=\"noopener\">autogrami\u00e1da Veroniky Ka\u0161\u00e1kov\u00e9 v r\u00e1mci velk\u00e9 m\u00f3dn\u00ed show v OC Chomutovka<\/a><\/li>\n<\/ul>\n<p><span style=\"color: rgb(0, 0, 0): font-size: 30px: font-weight: bold: line-height: 38px: background-color: initial:\">P\u0159ipravovan\u00e9 knihy<\/span><\/p>\n<p>Pod\u00edvejte se do sekce <a href=\"http:\/\/neoluxor.cz\/pripravujeme\/\" target=\"_blank\" rel=\"noopener\">P\u0159ipravujeme<\/a> a projd\u011bte si celou nab\u00eddku chystan\u00fdch knih.\u00a0<\/p>\n<ul>\n<li>OneHotBook p\u0159ipravuje na kv\u011bten vyd\u00e1n\u00ed audioknihy\u00a0<a href=\"http:\/\/neoluxor.cz\/pripravujeme\/cd-hvezdy-nam-nepraly--1678\/\" target=\"_blank\" rel=\"noopener\">Hv\u011bzdy n\u00e1m nep\u0159\u00e1ly<\/a>. V roli Hazel se p\u0159edstav\u00ed\u00a0Veronika Kuba\u0159ov\u00e1. St\u00e1le ale chyb\u00ed Gus. Jestli m\u00e1te vlastn\u00ed tip na p\u0159edstavitele hlavn\u00edho hrdiny, napi\u0161te jim na\u00a0<a href=\"https:\/\/www.facebook.com\/pages\/OneHotBook\/160373120804654\" target=\"_blank\" rel=\"noopener\">Facebook<\/a>.<\/li>\n<li>Nakladatelstv\u00ed Fragment chyst\u00e1 na duben 3. d\u00edly dvou obl\u00edben\u00fdch s\u00e9ri\u00ed \u2013 6. dubna vych\u00e1z\u00ed <a href=\"http:\/\/neoluxor.cz\/pripravujeme\/kronika-kambionu-3-polibek-z-temnot--1674\/\" target=\"_blank\" rel=\"noopener\">Kronika Kambion\u016f 3: Polibek z temnot<\/a> a 27. dubna <a href=\"http:\/\/neoluxor.cz\/pripravujeme\/draci-oci-pramen-moci--1673\/\" target=\"_blank\" rel=\"noopener\">Dra\u010d\u00ed o\u010di 3: Pramen noci<\/a>.<\/li>\n<li>Nap\u00ednav\u00e1 cesta do lidsk\u00e9 du\u0161e, dobrodru\u017estv\u00ed pln\u00e9 fantazie a citu, ve kter\u00e9m se m\u00eds\u00ed touha, vd\u011b\u010dnost, spravedlnost, humor a sny, to je kniha <a href=\"http:\/\/neoluxor.cz\/pripravujeme\/samota--1671\/\" target=\"_blank\" rel=\"noopener\">Samota<\/a> od Natalia Gruesa, kter\u00e1 vyjde v Hostu na konci dubna.<\/li>\n<li>Pokra\u010dov\u00e1n\u00ed rom\u00e1nu <a href=\"http:\/\/neoluxor.cz\/detske\/zustan-se-mnou--215727\/\" target=\"_blank\" rel=\"noopener\">Z\u016fsta\u0148 se mnou<\/a> od Gayle Formanov\u00e9, kter\u00fd se do\u010dkal i filmov\u00e9ho zpracov\u00e1n\u00ed, vyjde pod n\u00e1zvem <a href=\"http:\/\/neoluxor.cz\/pripravujeme\/kam-jsi-odesla--1675\/\" target=\"_blank\" rel=\"noopener\">Kam jsi ode\u0161la<\/a> v listopadu v nakladatelstv\u00ed YOLI.<\/li>\n<li>Na \u0159\u00edjen se chyst\u00e1 kniha <a href=\"http:\/\/neoluxor.cz\/pripravujeme\/snezi-snezi--1676\/\" target=\"_blank\" rel=\"noopener\">Sn\u011b\u017e\u00ed, sn\u011b\u017e\u00ed&#8230;<\/a>, kterou napsali John\u00a0Green, Maureen Johnson a Lauren Myracle. Jedn\u00e1 se o t\u0159i r\u016fzn\u00e9 p\u0159\u00edb\u011bhy, kter\u00e9 se v\u0161ak navz\u00e1jem propl\u00e9taj\u00ed. Hlavn\u00edmi hrdiny jsou teenage\u0159i, kte\u0159\u00ed b\u011bhem V\u00e1noc pro\u017e\u00edvaj\u00ed sn\u011bhovou bou\u0159i ve m\u011bst\u011b\u00a0Gracetown.<\/li>\n<li>18. kv\u011btna vych\u00e1z\u00ed kniha <a href=\"http:\/\/neoluxor.cz\/pripravujeme\/trinacty-pribeh--1677\/\" target=\"_blank\" rel=\"noopener\">T\u0159in\u00e1ct\u00fd p\u0159\u00edb\u011bh<\/a>, bestseller Diane Setterfieldov\u00e9, kter\u00fd navazuje na nejv\u011bt\u0161\u00ed klasiky \u017eensk\u00e9ho rom\u00e1nu a podobn\u011b jako <i>Jana Eyrov\u00e1<\/i> nebo <i>Na V\u011btrn\u00e9 h\u016frce<\/i> nab\u00edz\u00ed hluboce romantick\u00fd p\u0159\u00edb\u011bh, v n\u011bm\u017e nechyb\u00ed nap\u011bt\u00ed, l\u00e1ska, tajemstv\u00ed ani magick\u00e1 a stra\u0161ideln\u00e1 atmosf\u00e9ra.<\/li>\n<li>Kni\u017en\u00ed klub vyd\u00e1 na konci kv\u011btna <a href=\"http:\/\/neoluxor.cz\/pripravujeme\/prirucka-stazisty--1679\/\" target=\"_blank\" rel=\"noopener\">P\u0159\u00edru\u010dku st\u00e1\u017eisty<\/a>, divok\u00fd, vra\u017eedn\u011b ironick\u00fd thriller o n\u00e1jemn\u00e9m zabij\u00e1kovi, kter\u00e9ho si zamilujete&#8230; ale nebudete ho nikdy cht\u00edt potkat!<\/li>\n<li>26. kv\u011btna vych\u00e1z\u00ed <a href=\"http:\/\/neoluxor.cz\/pripravujeme\/pokrevni-bratri--1680\/\" target=\"_blank\" rel=\"noopener\">Pokrevn\u00ed brat\u0159i<\/a>.\u00a0Rom\u00e1n, jen\u017e poprv\u00e9 vy\u0161el v roce 1932, je intenzivn\u00edm, ot\u0159esn\u00fdm a autentick\u00fdm sv\u011bdectv\u00edm \u017eivota n\u011bkolika mladistv\u00fdch bezdomovc\u016f v Berl\u00edn\u011b na po\u010d\u00e1tku t\u0159ic\u00e1t\u00fdch let 20. stolet\u00ed.<\/li>\n<\/ul>\n<p><span style=\"color: rgb(0, 0, 0): font-size: 30px: font-weight: bold: line-height: 38px: background-color: initial:\">Kni\u017en\u00ed novinky t\u00fddne<\/span><\/p>\n<p>Kompletn\u00ed p\u0159ehled novinek najdete v sekci <a href=\"http:\/\/neoluxor.cz\/nove-knihy\/\" target=\"_blank\" rel=\"noopener\">Nov\u00e9 knihy<\/a>.\u00a0<\/p>\n<\/p>\n<\/p>\n<\/p>\n<\/p>\n<\/p>\n<\/p>\n<\/p>\n<\/p>\n<\/p>\n<p><a href=\"http:\/\/neoluxor.cz\/beletrie\/hotel-v-parizi-pokoj-c-2--224684\/\" target=\"_blank\" rel=\"noopener\"><\/a><\/p>\n<\/p>\n<\/p>\n<p><a href=\"http:\/\/neoluxor.cz\/beletrie\/trofej--225768\/\" target=\"_blank\" rel=\"noopener\"><\/a><\/p>\n<p><a href=\"http:\/\/neoluxor.cz\/beletrie\/bourneovo-dilema--225754\/\" target=\"_blank\" rel=\"noopener\"><\/a><\/p>\n<p><a href=\"http:\/\/neoluxor.cz\/beletrie\/ztracene-utery--225770\/\" target=\"_blank\" rel=\"noopener\"><\/a><\/p>\n<p><a href=\"http:\/\/neoluxor.cz\/beletrie\/bezbarvy-cukuru-tazaki-a-jeho-leta-putovani--225713\/\" target=\"_blank\" rel=\"noopener\"><\/a><\/p>\n<p><a href=\"http:\/\/neoluxor.cz\/beletrie\/muchachas-mucacas--225918\/\" target=\"_blank\" rel=\"noopener\"><\/a><\/p>\n<p><a href=\"http:\/\/neoluxor.cz\/beletrie\/ruda-sibir--225977\/\" target=\"_blank\" rel=\"noopener\"><\/a><\/p>\n<p><a href=\"http:\/\/neoluxor.cz\/beletrie\/jamaica-lane--225670\/\" target=\"_blank\" rel=\"noopener\"><\/a><\/p>\n<p><a href=\"http:\/\/neoluxor.cz\/beletrie\/dum-v-nebi--225669\/\" target=\"_blank\" rel=\"noopener\"><\/a><\/p>\n<p><a href=\"http:\/\/neoluxor.cz\/beletrie\/kez-je-nam-odpusteno--225671\/\" target=\"_blank\" rel=\"noopener\"><\/a><\/p>\n<p><a href=\"http:\/\/neoluxor.cz\/beletrie\/plavec--225660\/\" target=\"_blank\" rel=\"noopener\"><\/a><\/p>\n<p><span style=\"color: rgb(0, 0, 0): font-size: 30px: font-weight: bold: line-height: 38px: background-color: initial:\">Filmov\u00e9 novinky<\/span><\/p>\n<p>Zve\u0159ejn\u011bn byl nov\u00fd trailer 5. \u0159ady seri\u00e1lu <i>Hra o tr\u016fny<\/i> (nato\u010deno podle knih\u00a0<a href=\"http:\/\/neoluxor.cz\/beletrie\/hostina-pro-vrany--172193\/\" target=\"_blank\" rel=\"noopener\">Hostina pro vr\u00e1ny<\/a> a <a href=\"http:\/\/neoluxor.cz\/beletrie\/tanec-s-draky--174093\/\" target=\"_blank\" rel=\"noopener\">Tanec s draky<\/a>) a n\u011bkter\u00e9 z hlavn\u00edch postav um\u00edstil Entertainment na svoji ob\u00e1lku. Premi\u00e9rov\u00fd d\u00edl odvys\u00edl\u00e1 HBO 12. dubna.<\/p>\n<p><\/p>\n<p><span style=\"line-height: 1.45em: background-color: initial:\"><\/span><\/p>\n<p><span style=\"line-height: 1.45em: background-color: initial:\"><\/span><\/p>\n<\/p>\n<p><span style=\"line-height: 1.45em: background-color: initial:\">Pod\u00edvejte se na 3 nov\u00e9 klipy z filmov\u00e9 adaptace <\/span><a href=\"http:\/\/neoluxor.cz\/detske\/rezistence--179406\/\" style=\"line-height: 1.45em: background-color: initial:\" target=\"_blank\" rel=\"noopener\">Rezistence<\/a><span style=\"line-height: 1.45em: background-color: initial:\">. Do kin jde u\u017e tento \u010dtvrtek a vy je\u0161t\u011b dnes a z\u00edtra m\u016f\u017eete\u00a0<\/span><a href=\"http:\/\/neoluxor.cz\/blog\/souteze\/vyhrajte-vstupy-na-premieru-filmu-rezistence--911\/\" style=\"line-height: 1.45em: background-color: initial:\" target=\"_blank\" rel=\"noopener\">sout\u011b\u017eit o vstupy na premi\u00e9ru<\/a><span style=\"line-height: 1.45em: background-color: initial:\">\u00a0v Praze a ve Zl\u00edn\u011b. A kdy\u017e u\u017e jsme u <i>Divergence<\/i>, filmov\u00e9 studio ned\u00e1vno nazna\u010dovalo, \u017ee by r\u00e1do p\u0159ipravilo dal\u0161\u00ed pokra\u010dov\u00e1n\u00ed. Spekulovalo se o adaptaci knihy <a href=\"http:\/\/neoluxor.cz\/detske\/ctyrka--220886\/\" target=\"_blank\" rel=\"noopener\">\u010cty\u0159ka<\/a>, to v\u0161ak producent filmu vyvr\u00e1til s odkazem na v\u011bk p\u0159edstavitele hlavn\u00edho hrdiny, Thea Jamese.\u00a0<\/span><\/p>\n<p><span style=\"line-height: 1.45em: background-color: initial:\"><br \/><\/span><\/p>\n<p><span style=\"line-height: 1.45em: background-color: initial:\"><br \/><\/span><\/p>\n<p><span style=\"line-height: 1.45em: background-color: initial:\"><br \/><\/span><\/p>\n<p><span style=\"line-height: 1.45em: background-color: initial:\">People a Entertainment p\u0159edstavili n\u011bkolik fotek z chystan\u00e9ho filmu <i>Scorch Trials<\/i>, nato\u010den\u00e9ho podle knihy\u00a0<a href=\"http:\/\/neoluxor.cz\/beletrie\/spaleniste-zkouska--222307\/\" target=\"_blank\" rel=\"noopener\">Sp\u00e1leni\u0161t\u011b: Zkou\u0161ka<\/a>. Premi\u00e9ry bychom se m\u011bli do\u010dkat letos na podzim.<br \/><\/span><\/p>\n<p><span style=\"line-height: 1.45em: background-color: initial:\"><\/span><\/p>\n<\/p>\n<p><span style=\"line-height: 1.45em: background-color: initial:\">  <\/span><\/p>\n<p>Za\u010dalo nat\u00e1\u010den\u00ed nov\u00e9ho celove\u010dern\u00edho 3D  filmu spole\u010dnosti Warner Bros. Pictures na motivy obl\u00edben\u00e9 klasiky Rudyarda  Kiplinga <i>Kniha d\u017eungl\u00ed. <\/i>V celove\u010dern\u00edm re\u017eijn\u00edm debutu Andyho Serkise, ve  kter\u00e9m se m\u00eds\u00ed hereck\u00e9 v\u00fdkony s\u00a0technikou sn\u00edm\u00e1n\u00ed pohybu, uvid\u00edme hv\u011bzdn\u00e9  obsazen\u00ed, v\u010detn\u011b dr\u017eitel\u016f Oscara.\u00a0<span style=\"line-height: 1.45em: background-color: initial:\">P\u0159edstavitel\u00e9 \u00fast\u0159edn\u00edch zv\u00ed\u0159ec\u00edch  postav filmu jsou: Benedict Cumberbatch jako tygr \u0160\u00e9r Ch\u00e1n, Cate Blanchett jako  had K\u00e1, Christian Bale jako panter Bagh\u00edra, Andy Serkis jako medv\u011bd Bal\u00fa, Peter Mullan jako v\u016fdce vl\u010d\u00ed sme\u010dky Ak\u00e9la, Tom  Hollander jako mrcho\u017eroutsk\u00e1  hyena Tabaki, Naomie Harris jako  vl\u010dice Ni\u0161a, kter\u00e1 Maugl\u00edho adoptovala jako jedno ze sv\u00fdch vl\u010dat, Eddie Marsan jako Ni\u0161in druh Vihan a Jack Reynor jako Maugl\u00edho vl\u010d\u00ed bratr. Postavu Maugl\u00edho, d\u00edt\u011bte  vychovan\u00e9ho vlky, ztv\u00e1rnil mlad\u00fd herec Rohan Chand.\u00a0<\/span><span style=\"line-height: 1.45em: background-color: initial:\">Uveden\u00ed  filmu v\u00a0\u010cR je napl\u00e1nov\u00e1no 5. \u0159\u00edjna 2017.<\/span><\/p>\n<p><span style=\"line-height: 1.45em: background-color: initial:\">Zve\u0159ejn\u011bna byla filmov\u00e1 ob\u00e1lka rom\u00e1nu <a href=\"http:\/\/neoluxor.cz\/beletrie\/papirova-mesta--222243\/\" target=\"_blank\" rel=\"noopener\">Pap\u00edrov\u00e1 m\u011bsta<\/a> od Johna Greena. Kniha vyjde v origin\u00e1le 19. kv\u011btna v nakladatelstv\u00ed\u00a0Penguin.<\/span><\/p>\n<p><span style=\"line-height: 1.45em: background-color: initial:\"><\/span><\/p>\n<p align=\"center\">\n<\/p>\n<p><span style=\"line-height: 1.45em: background-color: initial:\">Dal\u0161\u00edm p\u0159\u00edr\u016fstkem do filmov\u00e9 adaptace <a href=\"http:\/\/neoluxor.cz\/beletrie\/inferno--199136\/\" target=\"_blank\" rel=\"noopener\">Inferna<\/a> je\u00a0Ben Foster, kter\u00fd si zahraje v\u011bdce\u00a0Bertranda Zobrista.<\/span><\/p>\n<p><span style=\"line-height: 1.45em: background-color: initial:\">Jordan Vogt-Roberts se chyst\u00e1 re\u017e\u00edrovat p\u0159ipravovanou filmovou adaptaci knihy\u00a0<a href=\"http:\/\/neoluxor.cz\/beletrie\/hvezdy-muj-osud--92912\/\" target=\"_blank\" rel=\"noopener\">Hv\u011bzdy, m\u016fj osud<\/a>.<br \/><\/span><\/p>\n<p><span style=\"line-height: 1.45em: background-color: initial:\">Zdroje: iDnes.cz,\u00a0Entertainment, Adweek.com, Hypable.com, Hollywoodreporter.com<\/span><\/p>\n<p>Autorka: Olga Zbranek Biern\u00e1tov\u00e1<\/p>\n<p>Kdo podle v\u00e1s vyhraje Magnesii Literu? Na kterou knihu se t\u011b\u0161\u00edte nejv\u00edce? A jak se v\u00e1m l\u00edb\u00ed nov\u00e9 trailery? Napi\u0161te n\u00e1m do koment\u00e1\u0159\u016f.<\/p>\n<\/p><\/p>\n","protected":false},"excerpt":{"rendered":"<p>Zn\u00e1me nominovan\u00e9 na Magnesii Literu, zem\u0159el Terry Pratchett, OneHotBook hled\u00e1 p\u0159edstavitele Guse pro chystanou audioknihu Hv\u011bzdy n\u00e1m nep\u0159\u00e1ly, pod\u00edvejte se na nov\u00fd trailer seri\u00e1lu Hra o tr\u016fny, klipy z Rezistence, prvn\u00ed fotky z adaptace druh\u00e9ho d\u00edlu Labyrintu, filmovou ob\u00e1lku Pap\u00edrov\u00fdch m\u011bst a t\u011b\u0161te se na hv\u011bzdn\u011b obsazenou Knihu d\u017eungl\u00ed.<\/p>\n","protected":false},"author":2,"featured_media":0,"comment_status":"open","ping_status":"open","sticky":false,"template":"","format":"standard","meta":{"_acf_changed":false,"_monsterinsights_skip_tracking":false,"_monsterinsights_sitenote_active":false,"_monsterinsights_sitenote_note":"","_monsterinsights_sitenote_category":0,"_EventAllDay":false,"_EventTimezone":"","_EventStartDate":"","_EventEndDate":"","_EventStartDateUTC":"","_EventEndDateUTC":"","_EventShowMap":false,"_EventShowMapLink":false,"_EventURL":"","_EventCost":"","_EventCostDescription":"","_EventCurrencySymbol":"","_EventCurrencyCode":"","_EventCurrencyPosition":"","_EventDateTimeSeparator":"","_EventTimeRangeSeparator":"","_EventOrganizerID":[],"_EventVenueID":[],"_OrganizerEmail":"","_OrganizerPhone":"","_OrganizerWebsite":"","_VenueAddress":"","_VenueCity":"","_VenueCountry":"","_VenueProvince":"","_VenueState":"","_VenueZip":"","_VenuePhone":"","_VenueURL":"","_VenueStateProvince":"","_VenueLat":"","_VenueLng":"","_VenueShowMap":false,"_VenueShowMapLink":false,"twitterCardType":"","cardImageID":0,"cardImage":"","cardTitle":"","cardDesc":"","cardImageAlt":"","cardPlayer":"","cardPlayerWidth":0,"cardPlayerHeight":0,"cardPlayerStream":"","cardPlayerCodec":"","footnotes":""},"categories":[1],"tags":[],"class_list":["post-2856","post","type-post","status-publish","format-standard","hentry","category-nezarazene"],"acf":{"related_products":null},"_links":{"self":[{"href":"https:\/\/www.luxor.cz\/blog\/wp-json\/wp\/v2\/posts\/2856","targetHints":{"allow":["GET"]}}],"collection":[{"href":"https:\/\/www.luxor.cz\/blog\/wp-json\/wp\/v2\/posts"}],"about":[{"href":"https:\/\/www.luxor.cz\/blog\/wp-json\/wp\/v2\/types\/post"}],"author":[{"embeddable":true,"href":"https:\/\/www.luxor.cz\/blog\/wp-json\/wp\/v2\/users\/2"}],"replies":[{"embeddable":true,"href":"https:\/\/www.luxor.cz\/blog\/wp-json\/wp\/v2\/comments?post=2856"}],"version-history":[{"count":0,"href":"https:\/\/www.luxor.cz\/blog\/wp-json\/wp\/v2\/posts\/2856\/revisions"}],"wp:attachment":[{"href":"https:\/\/www.luxor.cz\/blog\/wp-json\/wp\/v2\/media?parent=2856"}],"wp:term":[{"taxonomy":"category","embeddable":true,"href":"https:\/\/www.luxor.cz\/blog\/wp-json\/wp\/v2\/categories?post=2856"},{"taxonomy":"post_tag","embeddable":true,"href":"https:\/\/www.luxor.cz\/blog\/wp-json\/wp\/v2\/tags?post=2856"}],"curies":[{"name":"wp","href":"https:\/\/api.w.org\/{rel}","templated":true}]}}