{"id":2831,"date":"2015-03-11T20:43:00","date_gmt":"2015-03-11T19:43:00","guid":{"rendered":"https:\/\/www.luxor.cz\/blog\/nezarazene\/kdyz-dojdou-slova-i-dech\/"},"modified":"2023-01-06T16:11:59","modified_gmt":"2023-01-06T15:11:59","slug":"kdyz-dojdou-slova-i-dech-884","status":"publish","type":"post","link":"https:\/\/www.luxor.cz\/blog\/recenze\/kdyz-dojdou-slova-i-dech-884\/","title":{"rendered":"Kdy\u017e dojdou slova i dech"},"content":{"rendered":"<\/p>\n<\/p>\n<p>P\u00ed\u0161e se b\u0159ezen roku 1943 a nacistick\u00e9 N\u011bmecko za\u017e\u00edv\u00e1  potupu. Stalingrad odolal \u00fatoku vojsk a v\u00fdvoj v\u00e1lky nevypad\u00e1 pro N\u011bmce slibn\u011b. Zvrat by zcela jist\u011b mohl nastat d\u00edky n\u00e1lezu v Katy\u0148sk\u00e9m lese nedaleko  Smolenska. V zamrzl\u00e9 p\u016fd\u011b jeobjeveno t\u011blo a dostupn\u00e9 informace  nasv\u011bd\u010duj\u00ed tomu, \u017ee nebude jedin\u00e9. Bernie  G\u00fcnther, p\u0159\u00edslu\u0161n\u00edk \u00da\u0159adu pro vy\u0161et\u0159ov\u00e1n\u00ed v\u00e1le\u010dn\u00fdch zlo\u010din\u016f p\u0159i wehrmachtu, je  proto vysl\u00e1n do Smolenska, aby z\u00edskal co nejv\u00edce informac\u00ed o tom, kdo se v  masov\u00e9m hrob\u011b nal\u00e9z\u00e1. Pokud by se jednalo o  polsk\u00e9 voj\u00e1ky zabit\u00e9 ruskou NKDV, ministerstvo propagandy by to zcela jist\u011b vyu\u017eilo k pokusu o  naru\u0161en\u00ed vztah\u016f mezi Spojenci.  Jak u\u017e to tak ale  b\u00fdv\u00e1, rusk\u00e1 strana se hodl\u00e1 br\u00e1nit v\u0161emi mo\u017en\u00fdmi  zp\u016fsoby. G\u00fcnther je nav\u00edc  postaven p\u0159ed dal\u0161\u00ed z\u00e1va\u017en\u00fd \u00fakol \u2013  vy\u0161et\u0159it vra\u017edudvou  n\u011bmeck\u00fdch voj\u00e1k\u016f. A v\u0161e  nasv\u011bd\u010duje tomu, \u017ee by se p\u0159i p\u00e1tr\u00e1n\u00ed m\u011bl obr\u00e1tit do vlastn\u00edch \u0159ad&#8230;<\/p>\n<p><a href=\"http:\/\/neoluxor.cz\/beletrie\/muz-bez-dechu--225435\/\" target=\"_blank\" rel=\"noopener\">Mu\u017e bez dechu<\/a> nen\u00ed pouhou historickou fikc\u00ed s  detektivn\u00ed z\u00e1pletkou. Autor pojal dobu 2. sv\u011btov\u00e9 v\u00e1lky se v\u0161\u00edm, co k n\u00ed pat\u0159\u00ed, a ve sv\u00e9 nov\u00e9 knize skv\u011ble  vykresluje tehdej\u0161\u00ed atmosf\u00e9ru. D\u00edky postav\u011b sv\u00e9r\u00e1zn\u00e9ho detektiva p\u0159ech\u00e1z\u00ed  hladce mezi jednotliv\u00fdmi ud\u00e1lostmi, kter\u00e9 se na ja\u0159e roku 1943 ud\u00e1ly, a zasv\u011bcuje tak \u010dten\u00e1\u0159e do  temn\u00e9ho obdob\u00ed, kter\u00e9 zm\u00edtalo d\u011bjinami Evropy a na dlouhou dobu ovlivnilo  hranice a osudy jej\u00edch st\u00e1t\u016f. Bernie G\u00fcnther je postavou, u kter\u00e9 je ob\u010das s  podivem, \u017ee je\u0161t\u011b nebyl zadr\u017een gestapem. Jeho n\u00e1zory v\u016f\u010di stran\u011b jsou velmi  striktn\u00ed a sv\u00fdm nadhledem dok\u00e1\u017ee \u010dten\u00e1\u0159e vt\u00e1hnout do d\u011bje a pouk\u00e1zat na  paradoxy, kter\u00e9 se b\u011bhem v\u00e1lky hojn\u011b objevovaly.<\/p>\n<p>Autor vyu\u017e\u00edv\u00e1  historick\u00fdch re\u00e1li\u00ed a poskytuje tak zaj\u00edmav\u00e9 informace, kter\u00e9 v p\u0159\u00edpad\u011b, \u017ee  zn\u00e1te t\u00e9ma pouze ze \u0161koln\u00edch lavic, mohou b\u00fdt ob\u010das  matouc\u00ed. Velk\u00fdm plusem knihy je autor\u016fv doslov, ve kter\u00e9mje\u0159ada informac\u00ed uvedena na pravou m\u00edru  a z\u00e1rove\u0148 \u010dten\u00e1\u0159\u016fm poodhal\u00ed osudy re\u00e1ln\u00fdch postav. Pokud m\u00e1te r\u00e1di obdob\u00ed 2.  sv\u011btov\u00e9 v\u00e1lky a chcete se dozv\u011bd\u011bt v\u00edce o z\u00e1kulisn\u00ed politice, \u010di v\u00e1s bav\u00ed  detektivn\u00ed p\u0159\u00edb\u011bhy s historick\u00fdm pozad\u00edm, nev\u00e1hejte a knihu od Philipa Kerra si  po\u0159i\u010fte. <\/p>\n<h2>Hodnocen\u00ed: 85 %<\/h2>\n<p>Autorka: Ema Krhovsk\u00e1<\/p>\n","protected":false},"excerpt":{"rendered":"<p>Zmrzl\u00e1 p\u016fda Katy\u0148sk\u00e9ho lesa vydala hr\u016fzn\u00fd n\u00e1lez, kter\u00fd by mohl zvr\u00e1tit pr\u016fb\u011bh v\u00e1lky, a tak se detektiv Bernie G\u00fcnther ji\u017e podev\u00e1t\u00e9 pou\u0161t\u00ed do vy\u0161et\u0159ov\u00e1n\u00ed.<\/p>\n","protected":false},"author":2,"featured_media":0,"comment_status":"open","ping_status":"open","sticky":false,"template":"","format":"standard","meta":{"_acf_changed":false,"_monsterinsights_skip_tracking":false,"_monsterinsights_sitenote_active":false,"_monsterinsights_sitenote_note":"","_monsterinsights_sitenote_category":0,"_EventAllDay":false,"_EventTimezone":"","_EventStartDate":"","_EventEndDate":"","_EventStartDateUTC":"","_EventEndDateUTC":"","_EventShowMap":false,"_EventShowMapLink":false,"_EventURL":"","_EventCost":"","_EventCostDescription":"","_EventCurrencySymbol":"","_EventCurrencyCode":"","_EventCurrencyPosition":"","_EventDateTimeSeparator":"","_EventTimeRangeSeparator":"","_EventOrganizerID":[],"_EventVenueID":[],"_OrganizerEmail":"","_OrganizerPhone":"","_OrganizerWebsite":"","_VenueAddress":"","_VenueCity":"","_VenueCountry":"","_VenueProvince":"","_VenueState":"","_VenueZip":"","_VenuePhone":"","_VenueURL":"","_VenueStateProvince":"","_VenueLat":"","_VenueLng":"","_VenueShowMap":false,"_VenueShowMapLink":false,"twitterCardType":"","cardImageID":0,"cardImage":"","cardTitle":"","cardDesc":"","cardImageAlt":"","cardPlayer":"","cardPlayerWidth":0,"cardPlayerHeight":0,"cardPlayerStream":"","cardPlayerCodec":"","footnotes":""},"categories":[7],"tags":[],"class_list":["post-2831","post","type-post","status-publish","format-standard","hentry","category-recenze"],"acf":{"related_products":null},"_links":{"self":[{"href":"https:\/\/www.luxor.cz\/blog\/wp-json\/wp\/v2\/posts\/2831","targetHints":{"allow":["GET"]}}],"collection":[{"href":"https:\/\/www.luxor.cz\/blog\/wp-json\/wp\/v2\/posts"}],"about":[{"href":"https:\/\/www.luxor.cz\/blog\/wp-json\/wp\/v2\/types\/post"}],"author":[{"embeddable":true,"href":"https:\/\/www.luxor.cz\/blog\/wp-json\/wp\/v2\/users\/2"}],"replies":[{"embeddable":true,"href":"https:\/\/www.luxor.cz\/blog\/wp-json\/wp\/v2\/comments?post=2831"}],"version-history":[{"count":0,"href":"https:\/\/www.luxor.cz\/blog\/wp-json\/wp\/v2\/posts\/2831\/revisions"}],"wp:attachment":[{"href":"https:\/\/www.luxor.cz\/blog\/wp-json\/wp\/v2\/media?parent=2831"}],"wp:term":[{"taxonomy":"category","embeddable":true,"href":"https:\/\/www.luxor.cz\/blog\/wp-json\/wp\/v2\/categories?post=2831"},{"taxonomy":"post_tag","embeddable":true,"href":"https:\/\/www.luxor.cz\/blog\/wp-json\/wp\/v2\/tags?post=2831"}],"curies":[{"name":"wp","href":"https:\/\/api.w.org\/{rel}","templated":true}]}}