{"id":2828,"date":"2015-02-16T15:46:00","date_gmt":"2015-02-16T14:46:00","guid":{"rendered":"https:\/\/www.luxor.cz\/blog\/nezarazene\/zenu-v-cernem-nectete-v-noci\/"},"modified":"2023-01-06T16:12:25","modified_gmt":"2023-01-06T15:12:25","slug":"zenu-v-cernem-nectete-v-noci-881","status":"publish","type":"post","link":"https:\/\/www.luxor.cz\/blog\/recenze\/zenu-v-cernem-nectete-v-noci-881\/","title":{"rendered":"\u017denu v \u010dern\u00e9m ne\u010dt\u011bte v noci!"},"content":{"rendered":"<\/p>\n<\/p>\n<p>Hned zkraje se autor\u00a0Martyn Waites hrd\u011b p\u0159izn\u00e1v\u00e1 k tomu, \u017ee  jeho kniha je zalo\u017eena na p\u016fvodn\u00edm n\u00e1padu Susan Hillov\u00e9\u00a0a st\u00e1v\u00e1 se tak  voln\u00fdm pokra\u010dov\u00e1n\u00edm slavn\u00e9ho p\u0159\u00edb\u011bhu. Po p\u0159e\u010dten\u00ed knihy mohu s \u010dist\u00fdm sv\u011bdom\u00edm potvrdit, \u017ee si takov\u00e9 ve\u0159ejn\u00e9 prohl\u00e1\u0161en\u00ed m\u016f\u017ee  dovolit. <a href=\"http:\/\/neoluxor.cz\/beletrie\/zena-v-cernem-andel-smrti--213703\/\" target=\"_blank\" rel=\"noopener\">\u017dena v \u010dern\u00e9m: And\u011bl smrti<\/a>\u00a0ct\u00ed  nejlep\u0161\u00ed tradici klasick\u00e9ho ducha\u0159sk\u00e9ho p\u0159\u00edb\u011bhu. K\u00a0tomu si p\u0159ipo\u010dt\u011bte  modern\u00ed liter\u00e1rn\u00ed styl a svi\u017enost, kter\u00e1 nut\u00ed \u010dten\u00e1\u0159e \u010d\u00edst rychleji a n\u00e1ru\u017eiv\u011bji,  aby u\u017e v\u011bd\u011bl, jak v\u0161e dopadne.<\/p>\n<p>Ocit\u00e1me se ve v\u00e1lkou su\u017eovan\u00e9m  Lond\u00fdn\u011b, p\u00ed\u0161e se rok 1940. Eva Parkinsov\u00e1, mlad\u00e1 u\u010ditelka, se jede se svou  \u0159editelkou Jean a skupinou \u0161kol\u00e1k\u016f ukr\u00fdt p\u0159ed bombardov\u00e1n\u00edm na venkov. \u00dato\u010di\u0161t\u011b  nal\u00e9zaj\u00ed ve zch\u00e1tral\u00e9m, polorozpadl\u00e9m\u00a0Dom\u011b u \u00daho\u0159\u00edho mo\u010d\u00e1lu&#8230;\u00a0<i>Zatuchl\u00fd, nemilovan\u00fd a opu\u0161t\u011bn\u00fd.  Takov\u00fd je D\u016fm u \u00daho\u0159\u00edho mo\u010d\u00e1lu. Cel\u00e1 stalet\u00ed nikdo nevyru\u0161il d\u016fm z klidu. Zd\u00e1lo  by se, \u017ee je jen hromadou star\u00fdch t\u011b\u017ek\u00fdch kamen\u016f. Jsou zv\u011btral\u00e9, ale vydr\u017eely.  Drol\u00ed se, av\u0161ak st\u00e1le stoj\u00ed. Ale na ostrov\u011b i v dom\u011b se n\u011bco d\u011bje. Za\u010dalo to  teprve ned\u00e1vno a nen\u00ed to nikterak v\u00edtan\u00e9&#8230; D\u016fm je p\u0159ipraven. \u010cek\u00e1.<\/i><\/p>\n<p>Evu i d\u011bti d\u016fm trochu d\u011bs\u00ed, i  kdy\u017e zpo\u010d\u00e1tku nev\u011bd\u00ed pro\u010d. Zd\u00e1l b\u00fdt dokonal\u00fdm \u00fakrytem p\u0159ed  hr\u016fzami sv\u011bta, postupn\u011b se ale st\u00e1v\u00e1 past\u00ed. U\u010ditelka m\u00e1 dokonce dojem, \u017ee tam s  nimi je je\u0161t\u011b n\u011bkdo dal\u0161\u00ed&#8230; Racion\u00e1ln\u00ed my\u0161len\u00ed \u0159\u00edk\u00e1, \u017ee to nen\u00ed mo\u017en\u00e9, ale  realita je zcela jin\u00e1. Pl\u00edse\u0148 samovoln\u011b rostouc\u00ed po st\u011bn\u00e1ch, d\u011btsk\u00fd k\u0159ik a pl\u00e1\u010d  tam, kde nejsou \u017e\u00e1dn\u00e9 d\u011bti, houpaj\u00edc\u00ed se k\u0159eslo, dve\u0159e, kter\u00e9 se samy zamykaj\u00ed,  to p\u0159ece nem\u016f\u017ee b\u00fdt jen tak.<\/p>\n<p>Kde vzal mal\u00fd sirotek Edward  om\u0161el\u00e9ho ka\u0161p\u00e1rka s\u00a0vyra\u017een\u00fdm okem? Kdo je temn\u00e1 postava proch\u00e1zej\u00edc\u00ed se  kolem, kterou sice v\u0161ichni vid\u00ed, ale jen n\u011bkte\u0159\u00ed na ni v\u011b\u0159\u00ed. O\u010dividn\u011b se  s\u00a0chut\u00ed pase na smutku v\u0161ech. Ev\u011b vyvst\u00e1vaj\u00ed dal\u0161\u00ed a dal\u0161\u00ed ot\u00e1zky,  p\u0159er\u016fstaj\u00edc\u00ed ve smrteln\u00e9 nebezpe\u010d\u00ed. Ta ne\u0161\u0165astn\u00e1 (a hlavn\u011b mrtv\u00e1) d\u00e1ma v \u010dern\u00e9m  i jej\u00ed D\u016fm st\u00e1le a vytrvale \u010dekaj\u00ed. \u010cekaj\u00ed na svou odplatu.<\/p>\n<p>Martyn Waites\u00a0stvo\u0159il nap\u00ednav\u00fd rom\u00e1n pln\u00fd pl\u00ed\u017eiv\u00e9ho strachu,  kter\u00fd se dostane pod k\u016f\u017ei i tomu nejodv\u00e1\u017en\u011bj\u0161\u00edmu \u010dten\u00e1\u0159i. Slab\u0161\u00edm povah\u00e1m rozhodn\u011b  nedoporu\u010duji vybrat si <a href=\"http:\/\/neoluxor.cz\/beletrie\/zena-v-cernem-andel-smrti--213703\/\" target=\"_blank\" rel=\"noopener\">\u017denu v\u00a0\u010dern\u00e9m<\/a>\u00a0jako ve\u010dern\u00ed \u010dten\u00ed do  postele. Jakmile se toti\u017e pohne st\u00edn na zdi nebo bez p\u0159\u00ed\u010diny vrznou dve\u0159e, boj\u00e1cn\u011bj\u0161\u00ed  \u010dten\u00e1\u0159i dost mo\u017en\u00e1 vyjeknou. Waites nav\u00edc velmi rafinovan\u011b rozd\u011blil vypr\u00e1v\u011bn\u00ed do  kr\u00e1tk\u00fdch kapitol, tak\u017ee ba\u017e\u00edte po dal\u0161\u00ed a dal\u0161\u00ed kapitole.<\/p>\n<p>\u017dena v \u010dern\u00e9m hled\u00e1 vin\u00edka sv\u00e9ho  smutn\u00e9ho osudu a neboj\u00ed se j\u00edt doslova p\u0159es mrtvoly&#8230;<\/p>\n<p>12. \u00fanora m\u011bla premi\u00e9ru i filmov\u00e1 adaptace v re\u017eii Toma Harpera.<\/p>\n<p><\/p>\n<h2>Hodnocen\u00ed: 95 %<\/h2>\n<p>Autorka: Helena Herynkov\u00e1<\/p>\n","protected":false},"excerpt":{"rendered":"<p>Od osmdes\u00e1t\u00fdch let minul\u00e9ho stolet\u00ed, kdy Susan Hillov\u00e1 napsala svou \u017denu v \u010dern\u00e9m, se tento ducha\u0159sk\u00fd rom\u00e1n stal doslova pojmem. Pozd\u011bji na jeho motivy vzniklo i velmi \u00fasp\u011b\u0161n\u00e9 divadeln\u00ed p\u0159edstaven\u00ed a stejn\u011b cen\u011bn\u00fd film. Nyn\u00ed, o v\u00edce ne\u017e t\u0159icet let pozd\u011bji, vych\u00e1z\u00ed voln\u00e9 pokra\u010dov\u00e1n\u00ed, \u017dena v \u010dern\u00e9m: And\u011bl smrti.<\/p>\n","protected":false},"author":2,"featured_media":0,"comment_status":"open","ping_status":"open","sticky":false,"template":"","format":"standard","meta":{"_acf_changed":false,"_monsterinsights_skip_tracking":false,"_monsterinsights_sitenote_active":false,"_monsterinsights_sitenote_note":"","_monsterinsights_sitenote_category":0,"_EventAllDay":false,"_EventTimezone":"","_EventStartDate":"","_EventEndDate":"","_EventStartDateUTC":"","_EventEndDateUTC":"","_EventShowMap":false,"_EventShowMapLink":false,"_EventURL":"","_EventCost":"","_EventCostDescription":"","_EventCurrencySymbol":"","_EventCurrencyCode":"","_EventCurrencyPosition":"","_EventDateTimeSeparator":"","_EventTimeRangeSeparator":"","_EventOrganizerID":[],"_EventVenueID":[],"_OrganizerEmail":"","_OrganizerPhone":"","_OrganizerWebsite":"","_VenueAddress":"","_VenueCity":"","_VenueCountry":"","_VenueProvince":"","_VenueState":"","_VenueZip":"","_VenuePhone":"","_VenueURL":"","_VenueStateProvince":"","_VenueLat":"","_VenueLng":"","_VenueShowMap":false,"_VenueShowMapLink":false,"twitterCardType":"","cardImageID":0,"cardImage":"","cardTitle":"","cardDesc":"","cardImageAlt":"","cardPlayer":"","cardPlayerWidth":0,"cardPlayerHeight":0,"cardPlayerStream":"","cardPlayerCodec":"","footnotes":""},"categories":[7],"tags":[],"class_list":["post-2828","post","type-post","status-publish","format-standard","hentry","category-recenze"],"acf":{"related_products":null},"_links":{"self":[{"href":"https:\/\/www.luxor.cz\/blog\/wp-json\/wp\/v2\/posts\/2828","targetHints":{"allow":["GET"]}}],"collection":[{"href":"https:\/\/www.luxor.cz\/blog\/wp-json\/wp\/v2\/posts"}],"about":[{"href":"https:\/\/www.luxor.cz\/blog\/wp-json\/wp\/v2\/types\/post"}],"author":[{"embeddable":true,"href":"https:\/\/www.luxor.cz\/blog\/wp-json\/wp\/v2\/users\/2"}],"replies":[{"embeddable":true,"href":"https:\/\/www.luxor.cz\/blog\/wp-json\/wp\/v2\/comments?post=2828"}],"version-history":[{"count":0,"href":"https:\/\/www.luxor.cz\/blog\/wp-json\/wp\/v2\/posts\/2828\/revisions"}],"wp:attachment":[{"href":"https:\/\/www.luxor.cz\/blog\/wp-json\/wp\/v2\/media?parent=2828"}],"wp:term":[{"taxonomy":"category","embeddable":true,"href":"https:\/\/www.luxor.cz\/blog\/wp-json\/wp\/v2\/categories?post=2828"},{"taxonomy":"post_tag","embeddable":true,"href":"https:\/\/www.luxor.cz\/blog\/wp-json\/wp\/v2\/tags?post=2828"}],"curies":[{"name":"wp","href":"https:\/\/api.w.org\/{rel}","templated":true}]}}