{"id":2823,"date":"2015-02-16T11:35:00","date_gmt":"2015-02-16T10:35:00","guid":{"rendered":"https:\/\/www.luxor.cz\/blog\/nezarazene\/letem-kniznim-svetem-7-tyden-2015\/"},"modified":"2023-01-06T16:12:25","modified_gmt":"2023-01-06T15:12:25","slug":"letem-kniznim-svetem-7-tyden-2015-876","status":"publish","type":"post","link":"https:\/\/www.luxor.cz\/blog\/nezarazene\/letem-kniznim-svetem-7-tyden-2015-876\/","title":{"rendered":"Letem kni\u017en\u00edm sv\u011btem (7. t\u00fdden 2015)"},"content":{"rendered":"<\/p>\n<\/p>\n<p><span style=\"line-height: 1.45em: background-color: initial:\"><\/span><\/p>\n<\/p>\n<\/p>\n<\/p>\n<\/p>\n<\/p>\n<\/p>\n<\/p>\n<\/p>\n<\/p>\n<\/p>\n<\/p>\n<\/p>\n<\/p>\n<\/p>\n<\/p>\n<\/p>\n<p>Tento t\u00fdden po\u0159\u00e1d\u00e1me v Pal\u00e1ci knih Luxor hned 2 skv\u011bl\u00e9 akce. V \u00fater\u00fd 17. \u00fanora se na v\u00e1s od 17:00 bude t\u011b\u0161it Jan N\u011bmec, kter\u00fd <a href=\"http:\/\/neoluxor.cz\/akce\/autogramiada-jana-nemce--533\/\" target=\"_blank\" rel=\"noopener\">p\u0159edstav\u00ed svoji knihu D\u011bjiny sv\u011btla<\/a>, a ve st\u0159edu 18. \u00fanora budeme v p\u011bt <a href=\"http:\/\/neoluxor.cz\/akce\/krest-knihy-ludmily-vankove--534\/\" target=\"_blank\" rel=\"noopener\">k\u0159t\u00edt knihu\u00a0Zapomenut\u00fd kr\u00e1l<\/a> od Ludmily Va\u0148kov\u00e9.\u00a0<\/p>\n<p>Audiokni\u017en\u00ed zpracov\u00e1n\u00ed knihy <a href=\"http:\/\/neoluxor.cz\/popularne-naucna\/ja-jsem-malala--220060\/\" target=\"_blank\" rel=\"noopener\">J\u00e1 jsem Mal\u00e1la<\/a> z\u00edskalo\u00a0Grammy za nejlep\u0161\u00ed album pro d\u011bti.<\/p>\n<p>14. ro\u010dn\u00edk kni\u017en\u00edch cen\u00a0Magnesia Litera byl vyhl\u00e1\u0161en minul\u00fd \u010dtvrtek v Knihovn\u011b V\u00e1clava Havla. Do v\u00fdb\u011bru je p\u0159ihl\u00e1\u0161eno 349 knih, v\u00edt\u011bzov\u00e9 budou ozn\u00e1meni 14. dubna, slavnostn\u00ed ve\u010der budete moci sledovat v p\u0159\u00edm\u00e9m p\u0159enosu na \u010cT Art.<\/p>\n<p><span style=\"color: rgb(0, 0, 0): font-size: 30px: font-weight: bold: line-height: 38px: background-color: initial:\">P\u0159ipravovan\u00e9 knihy<\/span><\/p>\n<p>Pod\u00edvejte se do sekce <a href=\"http:\/\/neoluxor.cz\/pripravujeme\/\" target=\"_blank\" rel=\"noopener\">P\u0159ipravujeme<\/a> a zjist\u011bte, jak\u00e9 knihy vyjdou co nevid\u011bt u n\u00e1s.\u00a0<\/p>\n<ul>\n<li>Dal\u0161\u00ed knihu Vilmy Kadle\u010dkov\u00e9, autorky s\u00e9rie <a href=\"http:\/\/neoluxor.cz\/vyhledavani\/?query=Mycelium\" target=\"_blank\" rel=\"noopener\">Mycelium<\/a>, vyd\u00e1 nakladatelstv\u00ed Argo v \u010dervnu pod n\u00e1zvem\u00a0<i>O snova\u010dce a p\u0159emyslovi<\/i>.<\/li>\n<li>Nov\u00e1 kniha Emila Hakla,\u00a0<i>Konec sv\u011bta<\/i>, vyjde v b\u0159eznu.\u00a0Deset pov\u00eddek, deset p\u0159esn\u00fdch popis\u016f deseti situac\u00ed, deset pro\u017eitk\u016f, kter\u00e9 se bu\u010f odehr\u00e1vaj\u00ed p\u0159\u00edmo uprost\u0159ed magick\u00fdch 90. let, nebo se skrz \u0161pinav\u00e9 sklo p\u0159\u00edtomnosti ohl\u00ed\u017eej\u00ed zp\u011bt na magick\u00e1 l\u00e9ta osmdes\u00e1t\u00e1&#8230; Barmanka, fe\u0165\u00e1ci, bezdomovec, restituent zavazuj\u00edc\u00edho majetku, ukrajinsk\u00fd gastarbeiter a dal\u0161\u00ed Haklovy postavi\u010dky jsou lid\u00e9 sna\u017e\u00edc\u00ed se uprost\u0159ed st\u00e1le bublaj\u00edc\u00ed vyv\u0159eliny na\u0161\u00ed nov\u00e9 doby (v\u011bt\u0161inou ne\u00fasp\u011b\u0161n\u011b) zachovat si vnit\u0159n\u00ed nez\u00e1vislost, naj\u00edt si oblast, kde by dok\u00e1zala p\u0159e\u017e\u00edt jejich pot\u0159eba svobody a pozitivn\u00edch vztah\u016f.\u00a0<\/li>\n<li>T\u0159et\u00ed d\u00edl s\u00e9rie <i>Labyrint<\/i> od Jamese Dashnera vyjde v nakladatelstv\u00ed YOLI v dubnu. Po <a href=\"http:\/\/neoluxor.cz\/beletrie\/labyrint-utek--216310\/\" target=\"_blank\" rel=\"noopener\">Labyrint: \u00dat\u011bk<\/a> a <a href=\"http:\/\/neoluxor.cz\/beletrie\/spaleniste-zkouska--222307\/\" target=\"_blank\" rel=\"noopener\">Sp\u00e1leni\u0161t\u011b: Zkou\u0161ka<\/a> n\u00e1sleduje <a href=\"http:\/\/neoluxor.cz\/pripravujeme\/labyrint-3-vrazedna-lecba--1599\/\" target=\"_blank\" rel=\"noopener\">Vra\u017eedn\u00e1 l\u00e9\u010dba<\/a>.\u00a0<\/li>\n<li>Podobn\u011b jako detektiv Hercule Poirot Agathy Christie, i sluha Jeeves nyn\u00ed o\u017e\u00edv\u00e1 d\u00e1vno po smrti sv\u00e9ho tv\u016frce, anglick\u00e9ho humoristy P. G. Wodehouse. M\u00e1 nov\u00e9ho autora, j\u00edm\u017e je Sebastian Faulks, a ten se s jeevesovskou tradic\u00ed vyrovnal na v\u00fdbornou.\u00a031. b\u0159ezna vych\u00e1z\u00ed rom\u00e1n\u00a0<a href=\"http:\/\/neoluxor.cz\/pripravujeme\/jeeves-a-svatebni-zvony--1598\/\" target=\"_blank\" rel=\"noopener\">Jeeves a svatebn\u00ed zvony<\/a>.<\/li>\n<li>Johna Luthera m\u016f\u017eete zn\u00e1t z kultovn\u00edho seri\u00e1lu BBC. Nyn\u00ed d\u00edky nakladatelstv\u00ed MOBA o\u017eije i na str\u00e1nk\u00e1ch knihy <a href=\"http:\/\/neoluxor.cz\/pripravujeme\/posedlost--1603\/\" target=\"_blank\" rel=\"noopener\">Posedlost<\/a>. Vych\u00e1z\u00ed v kv\u011btnu.<\/li>\n<li>Nov\u00fd rom\u00e1n Stephena Kinga s n\u00e1zvem <a href=\"http:\/\/neoluxor.cz\/pripravujeme\/revival--1604\/\" target=\"_blank\" rel=\"noopener\">Revival<\/a> vyjde v \u010dervnu. Vypr\u00e1v\u00ed o kn\u011bzi, kter\u00fd p\u0159ed lety p\u0159ijel do novoanglick\u00e9ho m\u011bste\u010dka, z\u00edskal si zdej\u0161\u00ed obyvatele a stal se p\u0159\u00edtelem a mentorem mlad\u00e9ho chlapce. P\u0159i nehod\u011b v\u0161ak p\u0159i\u0161el o rodinu. V plamenn\u00e9m k\u00e1z\u00e1n\u00ed proklel boha a z m\u011bste\u010dka ode\u0161el. Po n\u011bkolika desetilet\u00edch se chlapec, nyn\u00ed narkoman, s kn\u011bzem n\u00e1hodou setk\u00e1. \u017divotn\u00ed p\u0159\u00edb\u011bh obou mu\u017e\u016f, jejich setk\u00e1n\u00ed a st\u0159ety jsou stejn\u011b \u0161okuj\u00edc\u00ed a nevyhnuteln\u00e9 jako ohromuj\u00edc\u00ed vyvrcholen\u00ed knihy.<\/li>\n<li>Pokra\u010dov\u00e1n\u00ed \u010derstv\u011b vy\u0161l\u00e9ho rom\u00e1nu <a href=\"http:\/\/neoluxor.cz\/beletrie\/vasnivy-svudnik--224445\/\" target=\"_blank\" rel=\"noopener\">V\u00e1\u0161niv\u00fd sv\u016fdn\u00edk<\/a> od spisovatelsk\u00e9ho dua Christina Laurenov\u00e1, se do\u010dk\u00e1me pod n\u00e1zvem <a href=\"http:\/\/neoluxor.cz\/pripravujeme\/vasnivy-sprostak--1605\/\" target=\"_blank\" rel=\"noopener\">V\u00e1\u0161niv\u00fd spros\u0165\u00e1k<\/a> v \u0159\u00edjnu d\u00edky nakladatelstv\u00ed Jota.<\/li>\n<li>Pokud jste si obl\u00edbili knihy Davida Walliamse, m\u016f\u017eete se t\u011b\u0161it na dal\u0161\u00ed. Na konci roku vyjde <a href=\"http:\/\/neoluxor.cz\/pripravujeme\/priserna-teta--1606\/\" target=\"_blank\" rel=\"noopener\">P\u0159\u00ed\u0161ern\u00e1 teta<\/a>.<\/li>\n<li>V \u010dervnu vyjde v Argu dal\u0161\u00ed kniha Irvina Welshe s n\u00e1zvem <a href=\"http:\/\/neoluxor.cz\/pripravujeme\/spina--1607\/\" target=\"_blank\" rel=\"noopener\">\u0160p\u00edna<\/a>.\u00a0Welsh ve sv\u00e9m rom\u00e1nu nez\u016fst\u00e1v\u00e1 nic dlu\u017een sv\u00e9 pov\u011bsti kronik\u00e1\u0159e lidsk\u00e9 spodiny, jen\u017e ve snaze o autenticitu nezav\u00edr\u00e1 o\u010di ani u\u0161i p\u0159ed \u0161p\u00ednou, kterou dok\u00e1\u017ee \u010dlov\u011bk zplodit.<\/li>\n<li><a href=\"http:\/\/neoluxor.cz\/vyhledavani\/?query=Butcher+Jim\" target=\"_blank\" rel=\"noopener\">Jim Butcher<\/a> chyst\u00e1 na leto\u0161n\u00ed podzim novou s\u00e9rii a tentokr\u00e1t zabrous\u00ed do \u017e\u00e1nru steampunk fantasy. Prvn\u00ed kniha se bude jmenovat\u00a0<i>The Cinder Spires: The Aeronaut\u2019s Windlass<\/i>.<\/li>\n<li>Cassandra Clare se d\u00e1 dohromady s dal\u0161\u00edmi t\u0159emi autorkami (Sarah Rees Brennan, Maureen Johnson, Robin Wasserman) a nap\u00ed\u0161e dal\u0161\u00ed s\u00e9rii s n\u00e1zvem\u00a0<i>Tales From The Shadowhunter Academy<\/i>. Celkem vyjde 10 novel, kter\u00e9 budou elektronicky vych\u00e1zet ka\u017ed\u00fd m\u011bs\u00edc. Prvn\u00ed,\u00a0<i>Welcome to Shadowhunter Academy<\/i>, se chyst\u00e1 na 17. \u00fanor.<\/li>\n<li>Richelle Mead chyst\u00e1 novou, samostatnou knihu, kter\u00e1 se bude jmenovat <i>Soundless<\/i>. Je inspirov\u00e1na \u010d\u00ednsk\u00fdm folkl\u00f3rem a odehr\u00e1v\u00e1 se ve vysokohorsk\u00e9 vesnici, jej\u00ed\u017e obyvatel\u00e9 nepromluvili u\u017e cel\u00e9 generace. Vyj\u00edt by m\u011bla letos na podzim. V\u00edce se dozv\u00edte ve videu.<\/li>\n<\/ul>\n<p><\/p>\n<\/p>\n<p><span style=\"color: rgb(0, 0, 0): font-size: 30px: font-weight: bold: line-height: 38px: background-color: initial:\">Kni\u017en\u00ed novinky t\u00fddne<\/span><\/p>\n<p>Kompletn\u00ed p\u0159ehled novinek najdete v sekci <a href=\"http:\/\/neoluxor.cz\/nove-knihy\/\" target=\"_blank\" rel=\"noopener\">Nov\u00e9 knihy<\/a>.\u00a0<\/p>\n<\/p>\n<\/p>\n<\/p>\n<\/p>\n<\/p>\n<\/p>\n<\/p>\n<\/p>\n<p><a href=\"http:\/\/neoluxor.cz\/beletrie\/moje-temne-srdce--224652\/\" target=\"_blank\" rel=\"noopener\"><\/a><\/p>\n<p><a href=\"http:\/\/neoluxor.cz\/beletrie\/vasnivy-svudnik--224445\/\" target=\"_blank\" rel=\"noopener\"><\/a><\/p>\n<p><a href=\"http:\/\/neoluxor.cz\/beletrie\/zivot-vzhuru-nohama--224550\/\" target=\"_blank\" rel=\"noopener\"><\/a><\/p>\n<p><a href=\"http:\/\/neoluxor.cz\/detske\/spirit-animals-zrozeni-hrdinu--224458\/\" target=\"_blank\" rel=\"noopener\"><\/a><\/p>\n<p><a href=\"http:\/\/neoluxor.cz\/detske\/eden--224640\/\" target=\"_blank\" rel=\"noopener\"><\/a><\/p>\n<p><a href=\"http:\/\/neoluxor.cz\/popularne-naucna\/laska-na-prvni-steh-siti-neni-zadna-veda--224534\/\" target=\"_blank\" rel=\"noopener\"><\/a><\/p>\n<p><a href=\"http:\/\/neoluxor.cz\/beletrie\/nezaplatitelny--224533\/\" target=\"_blank\" rel=\"noopener\"><\/a><\/p>\n<p><a href=\"http:\/\/neoluxor.cz\/popularne-naucna\/joga-a-sex--224532\/\" target=\"_blank\" rel=\"noopener\"><\/a><\/p>\n<p><a href=\"http:\/\/neoluxor.cz\/detske\/nebe-je-vsude--224467\/\" target=\"_blank\" rel=\"noopener\"><\/a><\/p>\n<p><a href=\"http:\/\/neoluxor.cz\/beletrie\/palladium--224639\/\" target=\"_blank\" rel=\"noopener\"><\/a><\/p>\n<p><span style=\"color: rgb(0, 0, 0): font-size: 30px: font-weight: bold: line-height: 38px: background-color: initial:\">Filmov\u00e9 novinky<\/span><\/p>\n<p>Re\u017eis\u00e9rka filmov\u00e9 adaptace <a href=\"http:\/\/neoluxor.cz\/beletrie\/padesat-odstinu-sedi-fifty-shades-of-grey-filmove-vydani--224089\/\" target=\"_blank\" rel=\"noopener\">Pades\u00e1ti odst\u00edn\u016f \u0161edi<\/a>, Sam Taylor-Johnson,\u00a0uvedla, \u017ee budou n\u00e1sledovat dal\u0161\u00ed dva filmy a zpracov\u00e1n\u00ed se tak do\u010dk\u00e1 cel\u00e1 trilogie E L Jamesov\u00e9.<\/p>\n<p>Samuel L. Jackson bude hr\u00e1t ve filmov\u00e9 adaptaci\u00a0<a href=\"http:\/\/neoluxor.cz\/beletrie\/sirotcinec-slecny-peregrinove-pro-podivne-deti--176492\/\" target=\"_blank\" rel=\"noopener\">Sirot\u010dinec sle\u010dny Peregrinov\u00e9 pro podivn\u00e9 d\u011bti<\/a>. Za\u0159ad\u00ed se tak po bok\u00a0Asy Butterfielda a Evy Green. Premi\u00e9ra filmu je napl\u00e1nov\u00e1na na b\u0159ezne 2016, re\u017e\u00edruje Tim Burton.<\/p>\n<p>Jeff Bridges si zahraje ve filmov\u00e9 adaptaci knihy <a href=\"http:\/\/neoluxor.cz\/beletrie\/cisarovy-deti-nemaji-saty--12605\/\" target=\"_blank\" rel=\"noopener\">C\u00edsa\u0159ovy d\u011bti nemaj\u00ed \u0161aty<\/a>. Sc\u00e9n\u00e1\u0159 napsal\u00a0Noah Baumbach.\u00a0<\/p>\n<p>Pod\u00edvejte se na nov\u00fd trailer filmov\u00e9 adaptace <a href=\"http:\/\/neoluxor.cz\/detske\/rezistence--179406\/\" target=\"_blank\" rel=\"noopener\">Rezistence<\/a>. V kinech od 19. b\u0159ezna.<\/p>\n<p><\/p>\n<\/p>\n<p><span style=\"font-size: 15px: line-height: 1.45em: background-color: initial:\">Byly zve\u0159ejn\u011bny 2 vyst\u0159i\u017een\u00e9 sc\u00e9ny ze 4. \u0159ady seri\u00e1lu <i>Hra o tr\u016fny<\/i>. Jedna sc\u00e9na se odehr\u00e1v\u00e1 po rozchodu Tyriona a \u0160ae, druh\u00e1 pak p\u0159edstavuje rozhovor mezi Daenerys a Missandei. Dal\u0161\u00ed \u0159ada se za\u010dne vys\u00edlat v dubnu. HBO ned\u00e1vno odvys\u00edlala tak\u00e9 p\u016flhodinov\u00fd dokument <i>Den na nat\u00e1\u010den\u00ed<\/i>, kter\u00fd m\u016f\u017eete s \u010desk\u00fdmi titulky shl\u00e9dnout na <a href=\"http:\/\/www.hbogo.cz\/content\/game-of-thrones-a-day-in-the-life-1999119890\" target=\"_blank\" rel=\"noopener\">HBO GO<\/a>. Dostupn\u00fd je bez p\u0159edplatn\u00e9ho.<\/span><\/p>\n<p><span style=\"font-size: 15px: line-height: 1.45em: background-color: initial:\"><br \/><\/span><\/p>\n<p><span style=\"font-size: 15px: line-height: 1.45em: background-color: initial:\"><br \/><\/span><\/p>\n<p><span style=\"font-size: 15px: line-height: 1.45em: background-color: initial:\">Pod\u00edvejte se na nov\u00fd trailer filmov\u00e9 adaptace zn\u00e1m\u00e9 poh\u00e1dky <i>O Popelce<\/i>\u00a0a Popel\u010diny svatebn\u00ed \u0161aty (tohle nen\u00ed spoiler, v\u0161ichni p\u0159ece v\u00edme, \u017ee to dob\u0159e dopadne :-D). Film m\u00e1 premi\u00e9ru 13. b\u0159ezna.<\/span><\/p>\n<p><span style=\"font-size: 15px: line-height: 1.45em: background-color: initial:\"><br \/><\/span><\/p>\n<p><span style=\"font-size: 15px: line-height: 1.45em: background-color: initial:\"><\/span><\/p>\n<p align=\"center\">\n<\/p>\n<p><span style=\"font-size: 15px: line-height: 1.45em: background-color: initial:\">Na Valent\u00fdna zve\u0159ejnilo studio 20th Century Fox nov\u00fd trailer filmov\u00e9 adaptace knihy <a href=\"http:\/\/neoluxor.cz\/beletrie\/nejdelsi-jizda--212803\/\" target=\"_blank\" rel=\"noopener\">Nejdel\u0161\u00ed j\u00edzda<\/a>. V \u010cesku m\u00e1 film premi\u00e9ru 9. dubna.<\/span><\/p>\n<p><span style=\"font-size: 15px: line-height: 1.45em: background-color: initial:\"><br \/><\/span><\/p>\n<p><span style=\"font-size: 15px: line-height: 1.45em: background-color: initial:\">Do nov\u00e9ho seri\u00e1lu stanice MTV,\u00a0<i>The Shannara Chronicles<\/i> (d\u0159\u00edve pod n\u00e1zvem\u00a0<i>Shannara<\/i>), byli obsazeni dal\u0161\u00ed 3 herci.\u00a0Jako prvn\u00ed se m\u016f\u017eeme t\u011b\u0161it na Brooke Williams, kter\u00e1 se v seri\u00e1lu objev\u00ed jako Catania, nejlep\u0161\u00ed kamar\u00e1dka Amberle,\u00a0d\u00e1le uvid\u00edme Daniela MacPhersona, kter\u00fd ztv\u00e1rn\u00ed Ariona, Amberlina str\u00fdce, a do t\u0159etice bude v seri\u00e1lu \u00fa\u010dinkovat i Marcus Vance v roli Bandona. Ji\u017e d\u0159\u00edve bylo potvrzeno, \u017ee si v seri\u00e1lu zahraj\u00ed\u00a0Poppy Drayton, Austin Butler, Ivana Baquero, Manu Bennett a John Rhys-Davies. Nato\u010deno podle knih <a href=\"http:\/\/neoluxor.cz\/vyhledavani\/?query=Brooks+Terry\" target=\"_blank\" rel=\"noopener\">Terryho Brookse<\/a>.<\/span><\/p>\n<p><span style=\"font-size: 15px: line-height: 1.45em: background-color: initial:\">Pod\u00edvejte se na dv\u011b vyst\u0159i\u017een\u00e9 sc\u00e9ny z filmov\u00e9 adaptace <a href=\"http:\/\/neoluxor.cz\/detske\/hunger-games-3-sila-vzdoru--201271\/\" target=\"_blank\" rel=\"noopener\">S\u00edly vzdoru<\/a>. Sc\u00e9nu s Katniss a Effie a sc\u00e9nu s Katniss a Haymitchem.<\/span><\/p>\n<p><span style=\"font-size: 15px: line-height: 1.45em: background-color: initial:\"><br \/><\/span><\/p>\n<p><span style=\"font-size: 15px: line-height: 1.45em: background-color: initial:\"><br \/><\/span><\/p>\n<p><span style=\"font-size: 15px: line-height: 1.45em: background-color: initial:\">Zdroje: Edna.cz, Adweek.com, Tor.com, Pagetopremiere.com, Hollywoodreporter.com, iDnes.cz, Collider.com<\/span><\/p>\n<p>Autorka: Olga Zbranek Biern\u00e1tov\u00e1<\/p>\n<p>Kter\u00e1 kniha\/adaptace\/video v\u00e1s zaujalo nejv\u00edce? Napi\u0161te n\u00e1m do koment\u00e1\u0159\u016f.<\/p>\n<\/p><\/p>\n","protected":false},"excerpt":{"rendered":"<p>Za\u010d\u00edn\u00e1 14. ro\u010dn\u00edk kni\u017en\u00edch cen Magnesia Litera, chyst\u00e1 se nov\u00e1 kniha Vilmy Kadle\u010dkov\u00e9, Emila Hakla, Stephena Kinga a Richelle Mead, m\u00e1me dal\u0161\u00ed trailer Rezistence, Popelky a Nejdel\u0161\u00ed j\u00edzdy, vyst\u0159i\u017een\u00e9 sc\u00e9ny z Mockingjay a Hry o tr\u016fny, Samuel L. Jackson si zahraje v Sirot\u010dinci sle\u010dny Peregrinov\u00e9 a seri\u00e1l na motivy knih Terryho Brookse m\u00e1 potvrzen\u00e9 dal\u0161\u00ed obsazen\u00ed hlavn\u00edch rol\u00ed.<\/p>\n","protected":false},"author":2,"featured_media":0,"comment_status":"open","ping_status":"open","sticky":false,"template":"","format":"standard","meta":{"_acf_changed":false,"_monsterinsights_skip_tracking":false,"_monsterinsights_sitenote_active":false,"_monsterinsights_sitenote_note":"","_monsterinsights_sitenote_category":0,"_EventAllDay":false,"_EventTimezone":"","_EventStartDate":"","_EventEndDate":"","_EventStartDateUTC":"","_EventEndDateUTC":"","_EventShowMap":false,"_EventShowMapLink":false,"_EventURL":"","_EventCost":"","_EventCostDescription":"","_EventCurrencySymbol":"","_EventCurrencyCode":"","_EventCurrencyPosition":"","_EventDateTimeSeparator":"","_EventTimeRangeSeparator":"","_EventOrganizerID":[],"_EventVenueID":[],"_OrganizerEmail":"","_OrganizerPhone":"","_OrganizerWebsite":"","_VenueAddress":"","_VenueCity":"","_VenueCountry":"","_VenueProvince":"","_VenueState":"","_VenueZip":"","_VenuePhone":"","_VenueURL":"","_VenueStateProvince":"","_VenueLat":"","_VenueLng":"","_VenueShowMap":false,"_VenueShowMapLink":false,"twitterCardType":"","cardImageID":0,"cardImage":"","cardTitle":"","cardDesc":"","cardImageAlt":"","cardPlayer":"","cardPlayerWidth":0,"cardPlayerHeight":0,"cardPlayerStream":"","cardPlayerCodec":"","footnotes":""},"categories":[1],"tags":[],"class_list":["post-2823","post","type-post","status-publish","format-standard","hentry","category-nezarazene"],"acf":{"related_products":null},"_links":{"self":[{"href":"https:\/\/www.luxor.cz\/blog\/wp-json\/wp\/v2\/posts\/2823","targetHints":{"allow":["GET"]}}],"collection":[{"href":"https:\/\/www.luxor.cz\/blog\/wp-json\/wp\/v2\/posts"}],"about":[{"href":"https:\/\/www.luxor.cz\/blog\/wp-json\/wp\/v2\/types\/post"}],"author":[{"embeddable":true,"href":"https:\/\/www.luxor.cz\/blog\/wp-json\/wp\/v2\/users\/2"}],"replies":[{"embeddable":true,"href":"https:\/\/www.luxor.cz\/blog\/wp-json\/wp\/v2\/comments?post=2823"}],"version-history":[{"count":0,"href":"https:\/\/www.luxor.cz\/blog\/wp-json\/wp\/v2\/posts\/2823\/revisions"}],"wp:attachment":[{"href":"https:\/\/www.luxor.cz\/blog\/wp-json\/wp\/v2\/media?parent=2823"}],"wp:term":[{"taxonomy":"category","embeddable":true,"href":"https:\/\/www.luxor.cz\/blog\/wp-json\/wp\/v2\/categories?post=2823"},{"taxonomy":"post_tag","embeddable":true,"href":"https:\/\/www.luxor.cz\/blog\/wp-json\/wp\/v2\/tags?post=2823"}],"curies":[{"name":"wp","href":"https:\/\/api.w.org\/{rel}","templated":true}]}}