{"id":2815,"date":"2015-02-09T11:46:00","date_gmt":"2015-02-09T10:46:00","guid":{"rendered":"https:\/\/www.luxor.cz\/blog\/nezarazene\/letem-kniznim-svetem-6-tyden-2015\/"},"modified":"2023-01-06T16:12:25","modified_gmt":"2023-01-06T15:12:25","slug":"letem-kniznim-svetem-6-tyden-2015-868","status":"publish","type":"post","link":"https:\/\/www.luxor.cz\/blog\/nezarazene\/letem-kniznim-svetem-6-tyden-2015-868\/","title":{"rendered":"Letem kni\u017en\u00edm sv\u011btem (6. t\u00fdden 2015)"},"content":{"rendered":"<\/p>\n<\/p>\n<p><span style=\"line-height: 1.45em: background-color: initial:\"><\/span><\/p>\n<\/p>\n<\/p>\n<\/p>\n<\/p>\n<\/p>\n<\/p>\n<\/p>\n<\/p>\n<\/p>\n<\/p>\n<\/p>\n<\/p>\n<\/p>\n<\/p>\n<\/p>\n<\/p>\n<p>Kniha <a href=\"http:\/\/neoluxor.cz\/beletrie\/dejiny-svetla--223057\/\" target=\"_blank\" rel=\"noopener\">D\u011bjiny sv\u011btla<\/a> Jana N\u011bmce, se do\u010dkala dal\u0161\u00edho ocen\u011bn\u00ed. Po cen\u011b\u00a0\u010cesk\u00e1 kniha 2014 si na sv\u00e9 konto p\u0159ipisuje i Cenu Evropsk\u00e9 unie za literaturu 2014. To je vedle nominace na\u00a0Magnesii Literu 2014 za pr\u00f3zu a nominace na Cenu Josefa \u0160kvoreck\u00e9ho 2014 u\u017e potlesku hodn\u00fd v\u00fdkon. 17. \u00fanora po\u0159\u00e1d\u00e1me s nakladatelstv\u00edm Host\u00a0<a href=\"http:\/\/neoluxor.cz\/akce\/autogramiada-jana-nemce--533\/\" target=\"_blank\" rel=\"noopener\">besedu s autorem spojenou s autogrami\u00e1dou<\/a> v Pal\u00e1ci knih Luxor. <a href=\"https:\/\/www.facebook.com\/events\/932094226802107\/\" target=\"_blank\" rel=\"noopener\">Pozv\u011bte na akci zn\u00e1m\u00e9<\/a> a p\u0159ij\u010fte, budeme se t\u011b\u0161it. \u00a0<\/p>\n<p>Zveme i na dal\u0161\u00ed akce v Pal\u00e1ci knih Luxor:<\/p>\n<\/p>\n<ul>\n<li><span style=\"line-height: 1.45em: background-color: initial:\">Pond\u011bl\u00ed 9. \u00fanora od 17:00 \u2013\u00a0<\/span><a href=\"http:\/\/neoluxor.cz\/akce\/prezentace-knihy-jakuba-kohaka--529\/\" style=\"line-height: 1.45em: background-color: initial:\" target=\"_blank\" rel=\"noopener\">Prezentace knihy Jakuba Koh\u00e1ka<\/a><\/li>\n<\/ul>\n<ul>\n<li><span style=\"line-height: 1.45em: background-color: initial:\">\u00dater\u00fd 10. \u00fanora od 17:00 \u2013\u00a0<\/span><a href=\"http:\/\/neoluxor.cz\/akce\/autogramiada-juraje-cervenaka--530\/\" style=\"line-height: 1.45em: background-color: initial:\" target=\"_blank\" rel=\"noopener\">Autogrami\u00e1da Juraje \u010cerven\u00e1ka<\/a><\/li>\n<\/ul>\n<ul>\n<li><span style=\"line-height: 1.45em: background-color: initial:\">St\u0159eda 11. \u00fanora od 17:00 \u2013\u00a0<\/span><a href=\"http:\/\/neoluxor.cz\/akce\/krest-knihy-leonida-krizka--531\/\" style=\"line-height: 1.45em: background-color: initial:\" target=\"_blank\" rel=\"noopener\">K\u0159est knihy Leonida K\u0159\u00ed\u017eka<\/a><\/li>\n<\/ul>\n<ul>\n<li><span style=\"line-height: 1.45em: background-color: initial:\">\u010ctvrtek 12. \u00fanora od 16:00 \u2013\u00a0<\/span><a href=\"http:\/\/neoluxor.cz\/akce\/prezentace-knih-blanky-kovarikove--532\/\" style=\"line-height: 1.45em: background-color: initial:\" target=\"_blank\" rel=\"noopener\">Prezentace knih Blanky Kova\u0159\u00edkov\u00e9<\/a><\/li>\n<\/ul>\n<p>P\u0159ekladatel Pavel Medek, kter\u00fd je zn\u00e1m\u00fd zejm\u00e9na d\u00edky sv\u00fdm p\u0159eklad\u016fm Harryho Pottera, na kter\u00fdch pracoval s bratrem Vladim\u00edrem, zem\u0159el ve v\u011bku 63 let. Nebyl to ale jen Potter, kter\u00fd se d\u00edky Medkovi dostal k \u010desk\u00fdm \u010dten\u00e1\u0159\u016fm, p\u0159elo\u017eil v\u00edce ne\u017e stovku dal\u0161\u00edch knih, zejm\u00e9na detektivek, sci-fi a fantasy rom\u00e1n\u016f. Jeho posledn\u00edm p\u0159ekladem je v\u00fdbor pov\u00eddek z \u010dasopisu\u00a0<i>Black Mask<\/i>, kter\u00fd vyjde letos v nakladatelstv\u00ed Plus.<\/p>\n<p>22 let star\u00fd dopis, kter\u00fd napsal George R. R. Martin sv\u00e9mu agentovi, nazna\u010duje, \u017ee autor p\u016fvodn\u011b ve sv\u00e9 s\u00e9rii <i>P\u00edse\u0148 ledu a ohn\u011b<\/i> zva\u017eoval milostn\u00fd troj\u00faheln\u00edk mezi Aryou, Jonem Snowem a Tyrionem. Dopis odhaluje i dal\u0161\u00ed pl\u00e1ny. P\u0159e\u010d\u00edst si ho m\u016f\u017eete na webu <a href=\"http:\/\/winteriscoming.net\/2015\/02\/05\/george-rr-martin-original-game-of-thrones-pitch\/\" target=\"_blank\" rel=\"noopener\">Winteriscoming.net<\/a>.<\/p>\n<p><span style=\"color: rgb(0, 0, 0): font-size: 30px: font-weight: bold: line-height: 38px: background-color: initial:\">P\u0159ipravovan\u00e9 knihy<\/span><\/p>\n<p>Pod\u00edvejte se do sekce <a href=\"http:\/\/neoluxor.cz\/pripravujeme\/\" target=\"_blank\" rel=\"noopener\">P\u0159ipravujeme<\/a> a zjist\u011bte, jak\u00e9 knihy vyjdou co nevid\u011bt u n\u00e1s.\u00a0<\/p>\n<ul>\n<li>Nakladatelstv\u00ed Host zve\u0159ejnilo book trailer chystan\u00e9 knihy <a href=\"http:\/\/neoluxor.cz\/pripravujeme\/stalker--914\/\" target=\"_blank\" rel=\"noopener\">Stalker<\/a>\u00a0od Larse Keplera. Je to ji\u017e\u00a05. p\u0159\u00edpad\u00a0Joony Linny a vyjde letos v kv\u011btnu.<\/li>\n<\/ul>\n<p><\/p>\n<ul>\n<li>30. dubna vyjde v nakladatelstv\u00ed Domino thriller <a href=\"http:\/\/neoluxor.cz\/pripravujeme\/ty--1499\/\" target=\"_blank\" rel=\"noopener\">Ty<\/a>,\u00a0perverzn\u011b chytr\u00fd z\u00e1znam chorobn\u00e9 posedlosti, p\u0159i jeho\u017e \u010dten\u00ed v\u00e1m bude nejsp\u00ed\u0161e pon\u011bkud \u00fazko. Doporu\u010dujeme.<\/li>\n<li>A pro fanou\u0161ky thrilleru tu m\u00e1me je\u0161t\u011b jeden tip \u2013 <a href=\"http:\/\/neoluxor.cz\/pripravujeme\/nejdrazsi-dcera--1573\/\" target=\"_blank\" rel=\"noopener\">Nejdra\u017e\u0161\u00ed dcera<\/a>, kterou na konci b\u0159ezna vyd\u00e1 Kni\u017en\u00ed klub, je skv\u011blou knihou zejm\u00e9na pro fanou\u0161ky <a href=\"http:\/\/neoluxor.cz\/beletrie\/zmizela--217294\/\" target=\"_blank\" rel=\"noopener\">Zmizel\u00e9<\/a>.<\/li>\n<li>Host bude od 1. dubna vyd\u00e1vat novou s\u00e9rii <i>PAX<\/i>\u00a0od Asy Larssonov\u00e9 a Ingely\u00a0Korsellov\u00e9, ur\u010denou mlad\u00fdm \u010dten\u00e1\u0159\u016fm. Nap\u00ednav\u00e1 urban fantasy odehr\u00e1vaj\u00edc\u00ed se ve sv\u011bt\u011b zabydlen\u00e9m bytostmi z hlubin star\u00e9 seversk\u00e9 mytologie. Z\u00e1rove\u0148 je to dojemn\u00fd p\u0159\u00edb\u011bh o s\u00edle sourozeneck\u00e9ho vztahu i o tom, jak je t\u011b\u017ek\u00e9 nau\u010dit se znovu d\u016fv\u011b\u0159ovat, kdy\u017e n\u00e1s dosp\u011bl\u00ed, na n\u011b\u017e spol\u00e9h\u00e1me, tolikr\u00e1t zklamali. Prvn\u00ed d\u00edl s podtitulem <a href=\"http:\/\/neoluxor.cz\/pripravujeme\/pax-1-hul-prokleti--1564\/\" target=\"_blank\" rel=\"noopener\">H\u016fl proklet\u00ed<\/a> vyjde 1. dubna, <a href=\"http:\/\/neoluxor.cz\/pripravujeme\/pax-2-grim-prizrak--1565\/\" target=\"_blank\" rel=\"noopener\">Grim p\u0159\u00edzrak<\/a> pak 20. dubna.<\/li>\n<li><a href=\"http:\/\/neoluxor.cz\/pripravujeme\/ja-ti-to-opeprim-milacku--1577\/\" target=\"_blank\" rel=\"noopener\">J\u00e1 ti to opep\u0159\u00edm, mil\u00e1\u010dku<\/a> je rom\u00e1n Ellen Bergov\u00e9, kter\u00fd by si nem\u011bli nechat uj\u00edt milovn\u00edci humoru. Hlavn\u00ed hrdinka Vivi\u00a0se kone\u010dn\u011b zbav\u00ed tyransk\u00e9ho man\u017eela. Kdy\u017e si na jej\u00ed d\u011bdictv\u00ed brous\u00ed zuby prohnan\u00fd hoch\u0161tapler, chop\u00ed se znovu va\u0159e\u010dky. D\u00e1l u\u017e to pokra\u010duje samosp\u00e1dem a Vivi m\u00e1 brzy sb\u00edrku \u201esmrteln\u011b spolehliv\u00fdch\u201c recept\u016f. Vych\u00e1z\u00ed v kv\u011btnu.<\/li>\n<li>Na p\u0159elomu dubna a kv\u011btna vyjde v Mlad\u00e9 front\u011b kniha <a href=\"http:\/\/neoluxor.cz\/pripravujeme\/mariina-zavet--1578\/\" target=\"_blank\" rel=\"noopener\">Mariina z\u00e1v\u011b\u0165<\/a>. Autor Colm\u00a0T\u00f3ib\u00edn v n\u00ed nab\u00edz\u00ed zcela nov\u00fd pohled na k\u0159es\u0165anstv\u00ed a vytv\u00e1\u0159\u00ed netu\u0161en\u011b lidsk\u00fd portr\u00e9t Marie coby ikony.<\/li>\n<li>V dubnu vyjdou dal\u0161\u00ed dva d\u00edly s\u00e9rie <i>\u010ce\u0161i <\/i>od Pavla Kosat\u00edka, kter\u00e1 je inspirov\u00e1na seri\u00e1lem <i>\u010cesk\u00e9 stolet\u00ed<\/i>\u00a0\u2013\u00a0<a href=\"http:\/\/neoluxor.cz\/pripravujeme\/cesi-1938-jak-benes-ustoupil-hitlerovi--1579\/\" target=\"_blank\" rel=\"noopener\">\u010ce\u0161i 1938 &#8211; Jak Bene\u0161 ustoupil Hitlerovi<\/a> a\u00a0<a href=\"http:\/\/neoluxor.cz\/pripravujeme\/cesi-1989-jak-se-stal-havel-prezidentem--1580\/\" target=\"_blank\" rel=\"noopener\">\u010ce\u0161i 1989 &#8211; Jak se stal Havel prezidentem<\/a>.<\/li>\n<li>Harper Lee vyd\u00e1 55 let po sv\u00e9 knize <a href=\"http:\/\/neoluxor.cz\/pripravujeme\/jako-zabit-ptacka--1549\/\" target=\"_blank\" rel=\"noopener\">Jako zab\u00edt pt\u00e1\u010dka<\/a> dal\u0161\u00ed d\u00edlo. Rom\u00e1n napsala u\u017e v 50. letech, je\u0161t\u011b p\u0159ed vyd\u00e1n\u00edm sv\u00e9 nejslavn\u011bj\u0161\u00ed knihy. Bude se jmenovat\u00a0<i>Go Set a Watchman<\/i> a vypr\u00e1v\u00ed dal\u0161\u00ed p\u0159\u00edb\u011bh hlavn\u00ed hrdinky z <a href=\"http:\/\/neoluxor.cz\/pripravujeme\/jako-zabit-ptacka--1549\/\" target=\"_blank\" rel=\"noopener\">Jako zab\u00edt pt\u00e1\u010dka<\/a>.<\/li>\n<li>Nakladatelstv\u00ed Vy\u0161ehrad vydalo nov\u00fd edi\u010dn\u00ed pl\u00e1n na jaro\/l\u00e9to 2015. Prohl\u00e9dnout si ho m\u016f\u017eete na <a href=\"http:\/\/www.ivysehrad.cz\/userfiles\/file\/23c8e7c4.pdf\" target=\"_blank\" rel=\"noopener\">jejich webu<\/a>.<\/li>\n<\/ul>\n<\/p>\n<p><span style=\"color: rgb(0, 0, 0): font-size: 30px: font-weight: bold: line-height: 38px: background-color: initial:\">Kni\u017en\u00ed novinky t\u00fddne<\/span><\/p>\n<p>Kompletn\u00ed p\u0159ehled novinek najdete v sekci <a href=\"http:\/\/neoluxor.cz\/nove-knihy\/\" target=\"_blank\" rel=\"noopener\">Nov\u00e9 knihy<\/a>.\u00a0<\/p>\n<\/p>\n<\/p>\n<\/p>\n<\/p>\n<\/p>\n<\/p>\n<\/p>\n<p><a href=\"http:\/\/neoluxor.cz\/beletrie\/arlington-park--224229\/\" target=\"_blank\" rel=\"noopener\"><\/a><\/p>\n<p><a href=\"http:\/\/neoluxor.cz\/beletrie\/pan-ohne--224220\/\" target=\"_blank\" rel=\"noopener\"><\/a><\/p>\n<p><a href=\"http:\/\/neoluxor.cz\/beletrie\/2x-mistri-klasickeho-hororu-klenot-sedmi-hvezd-carmilla--224180\/\" target=\"_blank\" rel=\"noopener\"><\/a><\/p>\n<p><a href=\"http:\/\/neoluxor.cz\/beletrie\/padesat-odstinu-sedi-fifty-shades-of-grey-filmove-vydani--224089\/\" target=\"_blank\" rel=\"noopener\"><\/a><\/p>\n<p><a href=\"http:\/\/neoluxor.cz\/beletrie\/mrs-poe--224078\/\" target=\"_blank\" rel=\"noopener\"><\/a><\/p>\n<p><a href=\"http:\/\/neoluxor.cz\/beletrie\/pribehy-opredeny-zivot-a-j-fikryho--224201\/\" target=\"_blank\" rel=\"noopener\"><\/a><\/p>\n<p><a href=\"http:\/\/neoluxor.cz\/beletrie\/martan--224217\/\" target=\"_blank\" rel=\"noopener\"><\/a><\/p>\n<p><span style=\"color: rgb(0, 0, 0): font-size: 30px: font-weight: bold: line-height: 38px: background-color: initial:\"><\/span><\/p>\n<p><a href=\"http:\/\/neoluxor.cz\/cizojazycne-knihy\/casual-vacancy-film-tie-in--224090\/\" target=\"_blank\" rel=\"noopener\"><\/a><\/p>\n<p><a href=\"http:\/\/neoluxor.cz\/detske\/skola-dobra-a-zla-2--224455\/\" target=\"_blank\" rel=\"noopener\"><\/a><\/p>\n<p><a href=\"http:\/\/neoluxor.cz\/beletrie\/doctor-who-dalecka-generace--224440\/\" target=\"_blank\" rel=\"noopener\"><\/a><\/p>\n<\/p>\n<p><span style=\"color: rgb(0, 0, 0): font-size: 30px: font-weight: bold: line-height: 38px: background-color: initial:\">Filmov\u00e9 novinky<\/span><\/p>\n<p>M\u00e1me pro v\u00e1s n\u011bkolik klip\u016f z <a href=\"http:\/\/neoluxor.cz\/beletrie\/padesat-odstinu-sedi-fifty-shades-of-grey-filmove-vydani--224089\/\" target=\"_blank\" rel=\"noopener\">Fifty Shades of Grey<\/a>. Z\u00e1blesky n\u011bkter\u00fdch sc\u00e9n zn\u00e1te u\u017e z trailer\u016f, dnes si je m\u016f\u017eete vychutnat cel\u00e9.<\/p>\n<p><\/p>\n<p><\/p>\n<p><\/p>\n<p><span style=\"line-height: 1.45em: background-color: initial:\"><br \/><\/span><\/p>\n<p><span style=\"line-height: 1.45em: background-color: initial:\">Projekt\u00a0<\/span><i style=\"line-height: 1.45em: background-color: initial:\">The Storytellers: New Voices of Twilight Saga<\/i><span style=\"line-height: 1.45em: background-color: initial:\">, v r\u00e1mci kter\u00e9ho autorky a re\u017eis\u00e9rky p\u0159edstav\u00ed nov\u00e9 p\u0159\u00edb\u011bhy ze sv\u011bta <\/span><a href=\"http:\/\/neoluxor.cz\/beletrie\/stmivani-komplet--16340\/\" style=\"line-height: 1.45em: background-color: initial:\" target=\"_blank\" rel=\"noopener\">Stm\u00edv\u00e1n\u00ed<\/a><i style=\"line-height: 1.45em: background-color: initial:\"> <\/i><span style=\"line-height: 1.45em: background-color: initial:\">od Stephenie Meyerov\u00e9, m\u00e1 u\u017e konkr\u00e9tn\u011bj\u0161\u00ed obrysy. Zn\u00e1me 6 sc\u00e9n\u00e1\u0159\u016f, kter\u00e9 se do\u010dkaj\u00ed filmov\u00e9ho zpracov\u00e1n\u00ed (p\u016fjde o kr\u00e1tk\u00e9 n\u011bkolikaminutov\u00e9 sn\u00edmky, kter\u00e9 budou zve\u0159ejn\u011bny na Facebooku):\u00a0<\/span><\/p>\n<\/p>\n<ul>\n<li><span style=\"line-height: 1.45em: background-color: initial:\"><i>The Groundskeeper<\/i>, Sarah Turi Boshear \u2013 ud\u00e1losti, kter\u00e9 vedly k tomu, \u017ee se Alice stala up\u00edrem<\/span><\/li>\n<li><span style=\"line-height: 1.45em: background-color: initial:\"><i>Sunrise<\/i>, Alanna Smith \u2013 p\u0159\u00edb\u011bh Benjamina\u00a0<\/span><\/li>\n<li><span style=\"line-height: 1.45em: background-color: initial:\"><i>Turncoats<\/i>, Lindsey Hancock Williamson \u2013 Garrett a Carlisle b\u011bhem V\u00e1lky za nez\u00e1vislost<\/span><\/li>\n<li><span style=\"line-height: 1.45em: background-color: initial:\"><i>The Mary Alice Brandon File<\/i>, Kailey a Sam Spear \u2013 Alicin lidsk\u00fd \u017eivot p\u0159edt\u00edm, ne\u017e se stala up\u00edrem<\/span><\/li>\n<li><span style=\"line-height: 1.45em: background-color: initial:\"><i>Consumed<\/i>, Cullyn Doerfler a Megan L. Reese \u2013 p\u0159\u00edb\u011bh Jane a Aleca<\/span><\/li>\n<li><span style=\"line-height: 1.45em: background-color: initial:\"><i>We\u2019ve Met Before<\/i>, Thea Green \u2013 prvn\u00ed setk\u00e1n\u00ed Alice a Jaspera (n\u00e1hled t\u00e9to sc\u00e9ny zobrazuje obr\u00e1zek n\u00ed\u017ee)<\/span><\/li>\n<\/ul>\n<p align=\"center\">\n<p>Deborah Harkness na sv\u00e9 facebookov\u00e9 str\u00e1nce ozn\u00e1mila, \u017ee se chyst\u00e1 televizn\u00ed adaptace jej\u00edch knih <a href=\"http:\/\/neoluxor.cz\/beletrie\/cas-carodejnic--127616\/\" target=\"_blank\" rel=\"noopener\">\u010cas \u010darod\u011bjnic<\/a> a <a href=\"http:\/\/neoluxor.cz\/beletrie\/cas-carodejnic-2-stin-noci--199928\/\" target=\"_blank\" rel=\"noopener\">St\u00edn noci<\/a>, kterou p\u0159ipravuje BBC.<\/p>\n<p>V chystan\u00e9 filmov\u00e9 adaptaci knihy <a href=\"http:\/\/neoluxor.cz\/beletrie\/ztracene-mesto-v-amazonii--87017\/\" target=\"_blank\" rel=\"noopener\">Ztracen\u00e9 m\u011bsto v Amazonii<\/a> nahrad\u00ed v hlavn\u00ed roli\u00a0Benedicta Cumberbatche herec\u00a0Charlie Hunnam. Produkce by m\u011bla za\u010d\u00edt letos v l\u00e9t\u011b.\u00a0P\u0159\u00edb\u011bh sleduje osud Percyho Harrisona Fawcetta, velk\u00e9ho badatele po\u010d\u00e1tku 20. stolet\u00ed. \u00dasp\u011b\u0161n\u011b sice zvl\u00e1dl mnoh\u00e9 v\u00fdpravy do Amazonie, ale ta posledn\u00ed v roce 1925, p\u0159i n\u00ed\u017e hledal b\u00e1jn\u00e9 m\u011bsto Z, ztracenou civilizaci v\u011bk\u016f, mu byla osudn\u00e1. Amazonka poh\u0159bila ve\u0161ker\u00e9 snahy vyp\u00e1trat Fawcettovu posledn\u00ed v\u00fdpravu.<\/p>\n<p>Jeden z tv\u016frc\u016f seri\u00e1lu <i>Sherlock<\/i>,\u00a0Mark Gatiss, nazna\u010dil, \u017ee bude dal\u0161\u00ed epizoda vych\u00e1zet z Doylova p\u0159\u00edb\u011bhu\u00a0<i>The Red-Headed League<\/i>.<\/p>\n<p>Zve\u0159ejn\u011bny byly prvn\u00ed fotografie z chystan\u00e9ho filmu Steve Jobs (podle <a href=\"http:\/\/neoluxor.cz\/popularne-naucna\/steve-jobs--126440\/\" target=\"_blank\" rel=\"noopener\">stejnojmenn\u00e9 knihy<\/a> Waltera Isaacsona), na kter\u00fdch m\u016f\u017eete vid\u011bt\u00a0Michaela Fassbendera (jako Steva Jobse) a Setha Rogena (jako Steva Wozniaka). Potvrzeno bylo tak\u00e9 datum premi\u00e9ry \u2013 9. \u0159\u00edjna 2015.<\/p>\n<\/p>\n<p><span style=\"line-height: 1.45em: background-color: initial:\">Pod\u00edvejte se na nov\u00e9 fotky z chystan\u00e9 filmov\u00e9 adaptace <\/span><a href=\"http:\/\/neoluxor.cz\/detske\/rezistence--179406\/\" style=\"line-height: 1.45em: background-color: initial:\" target=\"_blank\" rel=\"noopener\">Rezistence<\/a><span style=\"line-height: 1.45em: background-color: initial:\">. Cel\u00e9 album si m\u016f\u017eete prohl\u00e9dnout na <\/span><a href=\"https:\/\/www.facebook.com\/media\/set\/?set=a.620874704705924.1073741831.283106521816079&#038;type=1\" style=\"line-height: 1.45em: background-color: initial:\" target=\"_blank\" rel=\"noopener\">ofici\u00e1ln\u00ed facebookov\u00e9 str\u00e1nce filmu<\/a><span style=\"line-height: 1.45em: background-color: initial:\">. V\u010dera byl odvys\u00edl\u00e1n tak\u00e9 prvn\u00ed TV spot. Premi\u00e9ra u n\u00e1s bude 19. b\u0159ezna.<\/span><\/p>\n<p><span style=\"font-size: 15px: line-height: 1.45em: background-color: initial:\"><\/span><\/p>\n<\/p>\n<p><span style=\"font-size: 15px: line-height: 1.45em: background-color: initial:\"><br \/><\/span><\/p>\n<p><span style=\"font-size: 15px: line-height: 1.45em: background-color: initial:\">Ian McKellen sd\u00edlel na sv\u00e9m Twitteru prvn\u00ed klip z filmu <i>Mr. Holmes<\/i>. Z\u00e1rove\u0148 byl zve\u0159ejn\u011bn ofici\u00e1ln\u00ed plak\u00e1t.<br \/><\/span><\/p>\n<p><span style=\"font-size: 15px: line-height: 1.45em: background-color: initial:\"><br \/><\/span><\/p>\n<p><span style=\"font-size: 15px: line-height: 1.45em: background-color: initial:\"><\/span><\/p>\n<p align=\"center\">\n<\/p>\n<p><span style=\"font-size: 15px: line-height: 1.45em: background-color: initial:\">Pod\u00edvejte se na prvn\u00ed ochutn\u00e1vku z filmu <i>V\u0161echno nebo nic<\/i>, kter\u00fd je nato\u010den\u00fd na motivy <a href=\"http:\/\/neoluxor.cz\/beletrie\/vsechno-nebo-nic--41630\/\" target=\"_blank\" rel=\"noopener\">stejnojmenn\u00e9 knihy<\/a> Evy Urban\u00edkov\u00e9.\u00a0<\/span><\/p>\n<\/p>\n<p><span style=\"font-size: 15px: line-height: 1.45em: background-color: initial:\">Dal\u0161\u00ed sneak peak z druh\u00e9 \u010d\u00e1sti prvn\u00ed \u0159ady seri\u00e1lu <i>Outlander<\/i> (na motivy <a href=\"http:\/\/neoluxor.cz\/vyhledavani\/?query=Gabaldon+Diana\" target=\"_blank\" rel=\"noopener\">rom\u00e1n\u016f Diany Gabaldon<\/a>). Premi\u00e9rov\u00fd d\u00edl odvys\u00edl\u00e1 Starz 4. dubna.<\/span><\/p>\n<p><span style=\"font-size: 15px: line-height: 1.45em: background-color: initial:\"><br \/><\/span><\/p>\n<p><span style=\"font-size: 15px: line-height: 1.45em: background-color: initial:\">Clarius Entertainment ozn\u00e1milo zakoupen\u00ed filmov\u00fdch pr\u00e1v ke knize <a href=\"http:\/\/neoluxor.cz\/beletrie\/puls--22861\/\" target=\"_blank\" rel=\"noopener\">Puls<\/a> od Stephena Kinga. Sc\u00e9n\u00e1\u0159 napsal samotn\u00fd King, re\u017e\u00edrovat bude\u00a0Tod \u201cKip\u201d Williams (<i>Paranormal Activity 2<\/i>), v hlavn\u00edch rol\u00edch se p\u0159edstav\u00ed John Cusack, Samuel L. Jackson, Isabelle Fuhrman a Stacy Keach. Premi\u00e9ru bude m\u00edt film je\u0161t\u011b letos a zve\u0159ejn\u011bna byla prvn\u00ed fotka.<br \/><\/span><\/p>\n<p><span style=\"font-size: 15px: line-height: 1.45em: background-color: initial:\"><\/span><\/p>\n<\/p>\n<p><span style=\"font-size: 15px: line-height: 1.45em: background-color: initial:\">Zdroje: iDnes.cz, Ew.com, Theguardian.com, Collider.com, Hypable.com, Dailymail.co.uk, Empireonline.com<\/span><\/p>\n<p>Autorka: Olga Zbranek Biern\u00e1tov\u00e1<\/p>\n<p>Kter\u00e1 kniha\/adaptace\/video v\u00e1s zaujalo nejv\u00edce? Napi\u0161te n\u00e1m do koment\u00e1\u0159\u016f.<\/p>\n<\/p><\/p>\n","protected":false},"excerpt":{"rendered":"<p>22 let star\u00fd dopis George R. R. Martina odhalil zaj\u00edmav\u00fd z\u00e1m\u011br s p\u016fvodn\u00edm sm\u011b\u0159ov\u00e1n\u00edm p\u0159\u00edb\u011bhu P\u00edsn\u011b ledu a ohn\u011b, Harper Lee vyd\u00e1 55 let po sv\u00e9 knize Jako zab\u00edt pt\u00e1\u010dka dal\u0161\u00ed rom\u00e1n, m\u00e1me s\u00e9rii klip\u016f z Fifty Shades of Grey, v\u00edme, o \u010dem budou filmy v r\u00e1mci projektu The Storytellers: New Voices of Twilight Saga, chyst\u00e1 se spousta skv\u011bl\u00fdch adaptac\u00ed, zve\u0159ejn\u011bny byly dal\u0161\u00ed fotky z Rezistence, sn\u00edmku Steve Jobs, Pulsu od Stephena Kinga a pod\u00edvat se m\u016f\u017eete i na plak\u00e1t a klip z filmu Mr. Holmes.<\/p>\n","protected":false},"author":2,"featured_media":0,"comment_status":"open","ping_status":"open","sticky":false,"template":"","format":"standard","meta":{"_acf_changed":false,"_monsterinsights_skip_tracking":false,"_monsterinsights_sitenote_active":false,"_monsterinsights_sitenote_note":"","_monsterinsights_sitenote_category":0,"_EventAllDay":false,"_EventTimezone":"","_EventStartDate":"","_EventEndDate":"","_EventStartDateUTC":"","_EventEndDateUTC":"","_EventShowMap":false,"_EventShowMapLink":false,"_EventURL":"","_EventCost":"","_EventCostDescription":"","_EventCurrencySymbol":"","_EventCurrencyCode":"","_EventCurrencyPosition":"","_EventDateTimeSeparator":"","_EventTimeRangeSeparator":"","_EventOrganizerID":[],"_EventVenueID":[],"_OrganizerEmail":"","_OrganizerPhone":"","_OrganizerWebsite":"","_VenueAddress":"","_VenueCity":"","_VenueCountry":"","_VenueProvince":"","_VenueState":"","_VenueZip":"","_VenuePhone":"","_VenueURL":"","_VenueStateProvince":"","_VenueLat":"","_VenueLng":"","_VenueShowMap":false,"_VenueShowMapLink":false,"twitterCardType":"","cardImageID":0,"cardImage":"","cardTitle":"","cardDesc":"","cardImageAlt":"","cardPlayer":"","cardPlayerWidth":0,"cardPlayerHeight":0,"cardPlayerStream":"","cardPlayerCodec":"","footnotes":""},"categories":[1],"tags":[],"class_list":["post-2815","post","type-post","status-publish","format-standard","hentry","category-nezarazene"],"acf":{"related_products":null},"_links":{"self":[{"href":"https:\/\/www.luxor.cz\/blog\/wp-json\/wp\/v2\/posts\/2815","targetHints":{"allow":["GET"]}}],"collection":[{"href":"https:\/\/www.luxor.cz\/blog\/wp-json\/wp\/v2\/posts"}],"about":[{"href":"https:\/\/www.luxor.cz\/blog\/wp-json\/wp\/v2\/types\/post"}],"author":[{"embeddable":true,"href":"https:\/\/www.luxor.cz\/blog\/wp-json\/wp\/v2\/users\/2"}],"replies":[{"embeddable":true,"href":"https:\/\/www.luxor.cz\/blog\/wp-json\/wp\/v2\/comments?post=2815"}],"version-history":[{"count":0,"href":"https:\/\/www.luxor.cz\/blog\/wp-json\/wp\/v2\/posts\/2815\/revisions"}],"wp:attachment":[{"href":"https:\/\/www.luxor.cz\/blog\/wp-json\/wp\/v2\/media?parent=2815"}],"wp:term":[{"taxonomy":"category","embeddable":true,"href":"https:\/\/www.luxor.cz\/blog\/wp-json\/wp\/v2\/categories?post=2815"},{"taxonomy":"post_tag","embeddable":true,"href":"https:\/\/www.luxor.cz\/blog\/wp-json\/wp\/v2\/tags?post=2815"}],"curies":[{"name":"wp","href":"https:\/\/api.w.org\/{rel}","templated":true}]}}