{"id":2810,"date":"2015-02-09T15:02:00","date_gmt":"2015-02-09T14:02:00","guid":{"rendered":"https:\/\/www.luxor.cz\/blog\/nezarazene\/volny-listek-na-film-zvonilka-a-tvor-netvor-do-kina\/"},"modified":"2023-01-06T16:12:25","modified_gmt":"2023-01-06T15:12:25","slug":"volny-listek-na-film-zvonilka-a-tvor-netvor-do-kina-863","status":"publish","type":"post","link":"https:\/\/www.luxor.cz\/blog\/nezarazene\/volny-listek-na-film-zvonilka-a-tvor-netvor-do-kina-863\/","title":{"rendered":"Voln\u00fd l\u00edstek na film Zvonilka a tvor Netvor do kina"},"content":{"rendered":"<\/p>\n<\/p>\n<p>Jestli\u017ee v dob\u011b od 10. \u00fanora do 1. b\u0159ezna 2015 nakoup\u00edte v Pal\u00e1ci knih Luxor DVD s v\u00edlou Zvonilkou, z\u00edsk\u00e1te na pokladn\u011b jeden voln\u00fd l\u00edstek na film <i>Zvonilka a tvor Netvor<\/i>.<\/p>\n<p>Tato akce plat\u00ed na kolekci <a href=\"http:\/\/neoluxor.cz\/filmy\/dvd-zvonilka-kolekce-1-6--214458\/\" target=\"_blank\" rel=\"noopener\">6 DVD s v\u00edlou Zvonilkou<\/a> \u010di jednotliv\u00e1 DVD \u2013 <a href=\"http:\/\/neoluxor.cz\/filmy\/dvd-zvonilka-a-pirati--214456\/\" target=\"_blank\" rel=\"noopener\">Zvonilka a pir\u00e1ti<\/a>, <a href=\"http:\/\/neoluxor.cz\/filmy\/dvd-zvonilka-tajemstvi-kridel--211583\/\" target=\"_blank\" rel=\"noopener\">Zvonilka: Tajemstv\u00ed k\u0159\u00eddel<\/a>, <a href=\"http:\/\/neoluxor.cz\/filmy\/dvd-zvonilka-a-velka-zachranna-vyprava--90998\/\" target=\"_blank\" rel=\"noopener\">Zvonilka a velk\u00e1 z\u00e1chrann\u00e1 v\u00fdprava<\/a>, <a href=\"http:\/\/neoluxor.cz\/filmy\/dvd-zvonilka-a-ztraceny-poklad--90996\/\" target=\"_blank\" rel=\"noopener\">Zvonilka a ztracen\u00fd poklad<\/a>, <a href=\"http:\/\/neoluxor.cz\/filmy\/dvd-zvonilka--91009\/\" target=\"_blank\" rel=\"noopener\">Zvonilka<\/a> a <a href=\"http:\/\/neoluxor.cz\/filmy\/dvd-zvonilka-tajemstvi-kridel--211583\/\" target=\"_blank\" rel=\"noopener\">Zvonilka: Tajemstv\u00ed k\u0159\u00eddel<\/a> z edice Disney m\u00e1nie.<\/p>\n<p>M\u00e1me omezen\u00fd po\u010det l\u00edstk\u016f \u2013 50 ks, kter\u00e9 je mo\u017en\u00e9 vyu\u017e\u00edt v s\u00edti kin CineStar a\u017e do konce b\u0159ezna 2015.<\/p>\n<h2>O filmu<\/h2>\n<p><i>Zvonilka a tvor Netvor<\/i> je dobrodru\u017en\u00fd film o Zvonilce a Disney v\u00edl\u00e1ch, kter\u00e9 se vyd\u00e1vaj\u00ed na nov\u00e9 dobrodru\u017estv\u00ed pln\u00e9 nap\u00ednav\u00fdch okam\u017eik\u016f. Z\u00e1bavn\u00e1 v\u00edla Fauna se zv\u00ed\u0159ec\u00edm talentem v\u011b\u0159\u00ed, \u017ee nikdo by nem\u011bl d\u00e1t na prvn\u00ed dojem, t\u00edm m\u00e9n\u011b pokud se jedn\u00e1 o podivn\u00e9 zv\u00ed\u0159e, kter\u00e9 se jmenuje Netvor. Fauna a Netvor se stanou p\u0159\u00e1teli, ale Zvonilka a jej\u00ed kamar\u00e1dky si nejsou \u00fapln\u011b jist\u00e9, jestli je tato p\u0159\u00ed\u0161era pro Hv\u011bzdnou roklinku zrovna to prav\u00e9. Elitn\u00ed v\u00edly str\u00e1\u017ekyn\u011b cht\u011bj\u00ed tvora Netvora zajmout, proto\u017ee se boj\u00ed, aby nezni\u010dil v\u00edl\u00ed domov. Fauna mus\u00ed uv\u011b\u0159it sv\u00e9mu srdci, zav\u0159\u00edt o\u010di a jednat, jinak nem\u00e1 \u0161anci v\u00edly p\u0159esv\u011bd\u010dit, aby spole\u010dn\u00fdmi silami Netvora zachr\u00e1nily.<\/p><\/p>\n","protected":false},"excerpt":{"rendered":"<p>Ve \u010dtvrtek 12. \u00fanora 2015 p\u0159ich\u00e1z\u00ed do kin nov\u00fd film s v\u00edlou Zvonilkou. Tentokr\u00e1t se bude v\u00edl\u00ed dobrodru\u017estv\u00ed to\u010dit okolo z\u00e1hadn\u00e9ho tvora Netvora a vy m\u016f\u017eete b\u00fdt p\u0159i tom!<\/p>\n","protected":false},"author":2,"featured_media":0,"comment_status":"open","ping_status":"open","sticky":false,"template":"","format":"standard","meta":{"_acf_changed":false,"_monsterinsights_skip_tracking":false,"_monsterinsights_sitenote_active":false,"_monsterinsights_sitenote_note":"","_monsterinsights_sitenote_category":0,"_EventAllDay":false,"_EventTimezone":"","_EventStartDate":"","_EventEndDate":"","_EventStartDateUTC":"","_EventEndDateUTC":"","_EventShowMap":false,"_EventShowMapLink":false,"_EventURL":"","_EventCost":"","_EventCostDescription":"","_EventCurrencySymbol":"","_EventCurrencyCode":"","_EventCurrencyPosition":"","_EventDateTimeSeparator":"","_EventTimeRangeSeparator":"","_EventOrganizerID":[],"_EventVenueID":[],"_OrganizerEmail":"","_OrganizerPhone":"","_OrganizerWebsite":"","_VenueAddress":"","_VenueCity":"","_VenueCountry":"","_VenueProvince":"","_VenueState":"","_VenueZip":"","_VenuePhone":"","_VenueURL":"","_VenueStateProvince":"","_VenueLat":"","_VenueLng":"","_VenueShowMap":false,"_VenueShowMapLink":false,"twitterCardType":"","cardImageID":0,"cardImage":"","cardTitle":"","cardDesc":"","cardImageAlt":"","cardPlayer":"","cardPlayerWidth":0,"cardPlayerHeight":0,"cardPlayerStream":"","cardPlayerCodec":"","footnotes":""},"categories":[1],"tags":[],"class_list":["post-2810","post","type-post","status-publish","format-standard","hentry","category-nezarazene"],"acf":{"related_products":null},"_links":{"self":[{"href":"https:\/\/www.luxor.cz\/blog\/wp-json\/wp\/v2\/posts\/2810","targetHints":{"allow":["GET"]}}],"collection":[{"href":"https:\/\/www.luxor.cz\/blog\/wp-json\/wp\/v2\/posts"}],"about":[{"href":"https:\/\/www.luxor.cz\/blog\/wp-json\/wp\/v2\/types\/post"}],"author":[{"embeddable":true,"href":"https:\/\/www.luxor.cz\/blog\/wp-json\/wp\/v2\/users\/2"}],"replies":[{"embeddable":true,"href":"https:\/\/www.luxor.cz\/blog\/wp-json\/wp\/v2\/comments?post=2810"}],"version-history":[{"count":0,"href":"https:\/\/www.luxor.cz\/blog\/wp-json\/wp\/v2\/posts\/2810\/revisions"}],"wp:attachment":[{"href":"https:\/\/www.luxor.cz\/blog\/wp-json\/wp\/v2\/media?parent=2810"}],"wp:term":[{"taxonomy":"category","embeddable":true,"href":"https:\/\/www.luxor.cz\/blog\/wp-json\/wp\/v2\/categories?post=2810"},{"taxonomy":"post_tag","embeddable":true,"href":"https:\/\/www.luxor.cz\/blog\/wp-json\/wp\/v2\/tags?post=2810"}],"curies":[{"name":"wp","href":"https:\/\/api.w.org\/{rel}","templated":true}]}}