{"id":2794,"date":"2015-01-19T10:23:00","date_gmt":"2015-01-19T09:23:00","guid":{"rendered":"https:\/\/www.luxor.cz\/blog\/nezarazene\/letem-kniznim-svetem-3-tyden-2015\/"},"modified":"2023-01-06T16:12:40","modified_gmt":"2023-01-06T15:12:40","slug":"letem-kniznim-svetem-3-tyden-2015-847","status":"publish","type":"post","link":"https:\/\/www.luxor.cz\/blog\/nezarazene\/letem-kniznim-svetem-3-tyden-2015-847\/","title":{"rendered":"Letem kni\u017en\u00edm sv\u011btem (3. t\u00fdden 2015)"},"content":{"rendered":"<\/p>\n<\/p>\n<p><span style=\"line-height: 1.45em: background-color: initial:\"><\/span><\/p>\n<\/p>\n<\/p>\n<\/p>\n<\/p>\n<\/p>\n<\/p>\n<\/p>\n<\/p>\n<\/p>\n<\/p>\n<\/p>\n<\/p>\n<\/p>\n<\/p>\n<p>Pr\u00e1v\u011b vy\u0161lo prvn\u00ed leto\u0161n\u00ed \u010d\u00edslo magaz\u00ednu Neoluxor \u017eiv\u011b! K dost\u00e1n\u00ed ve v\u0161ech na\u0161ich knihkupectv\u00edch nebo online na\u00a0<a href=\"http:\/\/issuu.com\/neoluxorcz\/docs\/neoluxor_zive_01_2015\" target=\"_blank\" rel=\"noopener\">http:\/\/issuu.com\/neoluxorcz\/docs\/neoluxor_zive_01_2015<\/a><\/p>\n<p>Dnes od 16:00 <a href=\"http:\/\/neoluxor.cz\/akce\/krest-krasne-pohadkove-knihy--521\/\" target=\"_blank\" rel=\"noopener\">k\u0159t\u00edme v Pal\u00e1ci knih Luxor poh\u00e1dkovou kn\u00ed\u017eku Tel\u00e1tko Popleta<\/a>.\u00a0Knihu p\u0159edstav\u00ed auto\u0159i Karol\u00edna Anna Hudsk\u00e1 a Petr Hudsk\u00fd a pok\u0159t\u00ed ji Martina Hude\u010dkov\u00e1, Marika Proch\u00e1zkov\u00e1, Ji\u0159\u00ed Knot a Luk\u00e1\u0161 Hlavica. 21. ledna bude na\u0161\u00edm hostem Pavel Zuna, kter\u00fd bude od 17:00 <a href=\"http:\/\/neoluxor.cz\/akce\/krest-knihy-znameho-moderatora--522\/\" target=\"_blank\" rel=\"noopener\">podepisovat svou novou knihu Slavn\u00e9 dny<\/a>.\u00a0Tato publikace vznikla podle stejnojmenn\u00e9ho seri\u00e1lu na Stream.cz.\u00a022. ledna od 17:00 hodin prob\u011bhne <a href=\"http:\/\/neoluxor.cz\/akce\/krest-knihy-rezisera-zdenka-trosky--523\/\" target=\"_blank\" rel=\"noopener\">k\u0159est kucha\u0159ky obl\u00edben\u00e9ho re\u017eis\u00e9ra Zde\u0148ka Tro\u0161ky Nebe v hub\u011b 2 aneb \u010cert\u016fv \u0161vagr<\/a> spojen\u00fd s autogrami\u00e1dou pana Tro\u0161ky a here\u010dek filmu <i>Babov\u0159esky 3<\/i>.<\/p>\n<p>Od 15. ledna do 31. b\u0159ezna funguje str\u00e1nka <a href=\"http:\/\/www.welluneednt.com\/\" target=\"_blank\" rel=\"noopener\">U pana Murakamiho<\/a>, na kter\u00e9 spisovatel odpov\u00edd\u00e1 na dotazy \u010dten\u00e1\u0159\u016f. Dotazy lze pokl\u00e1dat do konce ledna, dal\u0161\u00ed dva m\u011bs\u00edce pak budou zve\u0159ej\u0148ov\u00e1ny odpov\u011bdi.<\/p>\n<p><span style=\"color: rgb(0, 0, 0): font-size: 30px: font-weight: bold: line-height: 38px: background-color: initial:\">P\u0159ipravovan\u00e9 knihy<\/span><\/p>\n<p>Pod\u00edvejte se do sekce <a href=\"http:\/\/neoluxor.cz\/pripravujeme\/\" target=\"_blank\" rel=\"noopener\">P\u0159ipravujeme<\/a> a zjist\u011bte, jak\u00e9 knihy vyjdou co nevid\u011bt u n\u00e1s.\u00a0<\/p>\n<ul>\n<li>21. ledna vych\u00e1z\u00ed nov\u00e1 kniha Kyrila\u00a0Bonfiglioliho, kter\u00e1 u\u017e pot\u0159et\u00ed p\u0159edstav\u00ed sv\u011btem prot\u0159el\u00e9ho aristokrata, excentrika a obchodn\u00edka s um\u011bn\u00edm, Charlieho Mortdecaie. Nese n\u00e1zev\u00a0<a href=\"http:\/\/neoluxor.cz\/pripravujeme\/mortdecaiuv-zahadny-pripad-s-knirem--1490\/\" target=\"_blank\" rel=\"noopener\">Mortdecai\u016fv z\u00e1hadn\u00fd p\u0159\u00edpad s kn\u00edrem<\/a> a od 29. ledna m\u016f\u017eete j\u00edt do kina na filmovou adaptaci.<\/li>\n<li>Nov\u00e9ho vyd\u00e1n\u00ed knihy <a href=\"http:\/\/neoluxor.cz\/pripravujeme\/americky-sniper--1519\/\" target=\"_blank\" rel=\"noopener\">Americk\u00fd sniper<\/a>, tentokr\u00e1t\u00a0s filmovou ob\u00e1lkou, se do\u010dk\u00e1me 3. \u00fanora. Vych\u00e1z\u00ed v nakladatalestv\u00ed CPRESS.<\/li>\n<li>XYZ chyst\u00e1 novou knihu Sylvaina Reynarda, autora zn\u00e1m\u00e9 s\u00e9rie <a href=\"http:\/\/neoluxor.cz\/vyhledavani\/?query=Reynard+Sylvain\" target=\"_blank\" rel=\"noopener\">Gabrielovo Inferno<\/a>. Jmenuje se\u00a0<a href=\"http:\/\/neoluxor.cz\/pripravujeme\/princ--1520\/\" target=\"_blank\" rel=\"noopener\">Princ<\/a> a vyjde 17. \u00fanora.<\/li>\n<li>Pro v\u00e1s, kte\u0159\u00ed um\u00edte hr\u00e1t na klav\u00edr, na fl\u00e9tnu nebo na kytaru, je <a href=\"http:\/\/neoluxor.cz\/pripravujeme\/zpevnik-ke-knize-tri-bratri--1523\/\" target=\"_blank\" rel=\"noopener\">Zp\u011bvn\u00edk ke knize T\u0159i brat\u0159i<\/a> jako u\u0161it\u00fd. Vyjde 17. \u00fanora.<\/li>\n<li>1. dubna vyjde v Hostu <a href=\"http:\/\/neoluxor.cz\/pripravujeme\/pata-zena--1347\/\" target=\"_blank\" rel=\"noopener\">P\u00e1t\u00e1 \u017eena<\/a>, dal\u0161\u00ed p\u0159\u00edpad komisa\u0159e Wallandera od Henninga Mankella.<\/li>\n<li>V \u0159\u00edjnu se do\u010dk\u00e1me dal\u0161\u00ed knihy Johna Greena, kterou napsal spole\u010dn\u011b s Maureen\u00a0Johnson a Lauren Myracle. Jmenovat se bude\u00a0<i>Sn\u011b\u017e\u00ed, sn\u011b\u017e\u00ed&#8230;<\/i> a vyjde v nakladatelstv\u00ed YOLI. U n\u00e1s si zat\u00edm m\u016f\u017eete po\u0159\u00eddit anglick\u00fd origin\u00e1l <a href=\"http:\/\/neoluxor.cz\/cizojazycne-knihy\/let-it-snow--205870\/\" target=\"_blank\" rel=\"noopener\">Let It Snow<\/a>.<\/li>\n<li>Prohl\u00e9dn\u011bte si <a href=\"http:\/\/www.melvil.cz\/edicni-plan\/\" target=\"_blank\" rel=\"noopener\">edi\u010dn\u00ed pl\u00e1n nakladatelstv\u00ed Jan Melvil Publishing<\/a>. V leto\u0161n\u00edm roce nab\u00eddne \u0159adu zaj\u00edmav\u00fdch titul\u016f.<\/li>\n<li>Zve\u0159ejn\u011bn byl dal\u0161\u00ed teaser trailer knihy <a href=\"http:\/\/neoluxor.cz\/pripravujeme\/pokrevni-pouta-6-rubinovy-kruh--1503\/\" target=\"_blank\" rel=\"noopener\">Rub\u00ednov\u00fd kruh<\/a> ze s\u00e9rie <i>Pokrevn\u00ed pouta<\/i>. V origin\u00e1le vych\u00e1z\u00ed v \u00fanoru, \u010desk\u00e9ho vyd\u00e1n\u00ed se do\u010dk\u00e1me v kv\u011btnu.<\/li>\n<\/ul>\n<p><\/p>\n<ul>\n<li>Pod\u00edvejte se na book trailer knihy <i>Mine Order<\/i> od Samanthy Shannon. Druh\u00fd d\u00edl s\u00e9rie <a href=\"http:\/\/neoluxor.cz\/detske\/kosticas--210848\/\" target=\"_blank\" rel=\"noopener\">Kosti\u010das<\/a> vyjde v \u010de\u0161tin\u011b na podzim.<\/li>\n<\/ul>\n<p><\/p>\n<ul>\n<li>Jaroslav R\u00f3na p\u0159ipravuje pro Argo 21 ilustrac\u00ed ke slavn\u00e9mu rom\u00e1nu George Orwella <i>1984<\/i>. Nov\u00e9 vyd\u00e1n\u00ed se p\u0159ipravuje tak\u00e9 v limitovan\u00e9 edici.<\/li>\n<\/ul>\n<\/p>\n<p><span style=\"color: rgb(0, 0, 0): font-size: 30px: font-weight: bold: line-height: 38px: background-color: initial:\">Kni\u017en\u00ed novinky t\u00fddne<\/span><\/p>\n<p>Kompletn\u00ed p\u0159ehled novinek najdete v sekci <a href=\"http:\/\/neoluxor.cz\/nove-knihy\/\" target=\"_blank\" rel=\"noopener\">Nov\u00e9 knihy<\/a>.\u00a0<\/p>\n<\/p>\n<\/p>\n<\/p>\n<\/p>\n<\/p>\n<\/p>\n<p><a href=\"http:\/\/neoluxor.cz\/beletrie\/stribrna-zatoka--223575\/\" target=\"_blank\" rel=\"noopener\"><\/a><\/p>\n<p><a href=\"http:\/\/neoluxor.cz\/beletrie\/21-den--223562\/\" target=\"_blank\" rel=\"noopener\"><\/a><\/p>\n<p><a href=\"http:\/\/neoluxor.cz\/odborne-knihy\/preknizkovano--223570\/\" target=\"_blank\" rel=\"noopener\"><\/a><\/p>\n<p><a href=\"http:\/\/neoluxor.cz\/beletrie\/horici-kriz-ii--221851\/\" target=\"_blank\" rel=\"noopener\"><\/a><\/p>\n<p><a href=\"http:\/\/neoluxor.cz\/popularne-naucna\/sladka-kucharka--222680\/\" target=\"_blank\" rel=\"noopener\"><\/a><\/p>\n<p><a href=\"http:\/\/neoluxor.cz\/beletrie\/vincent--223436\/\" target=\"_blank\" rel=\"noopener\"><\/a><\/p>\n<p><a href=\"http:\/\/neoluxor.cz\/beletrie\/platanova-alej--223427\/\" target=\"_blank\" rel=\"noopener\"><\/a><\/p>\n<p><a href=\"http:\/\/neoluxor.cz\/beletrie\/mraz--223530\/\" target=\"_blank\" rel=\"noopener\"><\/a><\/p>\n<p><a href=\"http:\/\/neoluxor.cz\/beletrie\/nastroje-smrti-6-mesto-nebeskeho-ohne--223366\/\" target=\"_blank\" rel=\"noopener\"><\/a><\/p>\n<p><a href=\"http:\/\/neoluxor.cz\/odborne-knihy\/danove-a-nedanove-naklady-2015--223305\/\" target=\"_blank\" rel=\"noopener\"><\/a><\/p>\n<p><span style=\"color: rgb(0, 0, 0): font-size: 30px: font-weight: bold: line-height: 38px: background-color: initial:\">Filmov\u00e9 novinky<\/span><\/p>\n<p>K filmov\u00e9 adaptaci knihy <a href=\"http:\/\/neoluxor.cz\/detske\/rezistence--179406\/\" target=\"_blank\" rel=\"noopener\">Rezistence<\/a> (druh\u00fd d\u00edl ze s\u00e9rie <i>Divergence<\/i>) byly zve\u0159ejn\u011bny dal\u0161\u00ed fotografie a exkluzivn\u00ed sneak peek. Premi\u00e9ra filmu je v b\u0159eznu.<\/p>\n<p><\/p>\n<p><span style=\"font-size: 15px: line-height: 1.45em: background-color: initial:\"><\/span><\/p>\n<\/p>\n<p>Pod\u00edvejte se na dva nov\u00e9 TV spoty k filmov\u00e9 adaptaci\u00a0<a href=\"http:\/\/neoluxor.cz\/beletrie\/fifty-shades-of-grey-padesat-odstinu-sedi--179672\/\" target=\"_blank\" rel=\"noopener\">Fifty Shades of Grey<\/a>. V \u010desk\u00fdch kinech od 12. \u00fanora.<\/p>\n<\/p>\n<p><span style=\"font-size: 15px: line-height: 1.45em: background-color: initial:\"><br \/><\/span><\/p>\n<p><span style=\"font-size: 15px: line-height: 1.45em: background-color: initial:\"><br \/><\/span><\/p>\n<p><span style=\"font-size: 15px: line-height: 1.45em: background-color: initial:\">Sir Ian McKellen zve\u0159ejnil na sv\u00e9m Twitteru dal\u0161\u00ed fotku z chystan\u00e9ho filmu\u00a0<i>Mr. Holmes<\/i>, kde hraje zest\u00e1rl\u00e9ho detektiva Sherlocka. D\u011bj se odehr\u00e1v\u00e1 v roce 1947 a Holmesovi je 93 let. Nato\u010deno podle kni\u017en\u00ed p\u0159edlohy\u00a0<i>A Slight Trick of Mind<\/i> od Mitche Cullina.<br \/><\/span><\/p>\n<p><span style=\"font-size: 15px: line-height: 1.45em: background-color: initial:\"><\/span><\/p>\n<\/p>\n<p><span style=\"font-size: 15px: line-height: 1.45em: background-color: initial:\">Sonar Entertainment p\u0159ipravuje seri\u00e1lovou adaptaci Kingova rom\u00e1nu <a href=\"http:\/\/neoluxor.cz\/beletrie\/pan-mercedes--221747\/\" target=\"_blank\" rel=\"noopener\">Pan Mercedes<\/a>.\u00a0David E. Kelley (<i>Ally McBeal<\/i>) nap\u00ed\u0161e sc\u00e9n\u00e1\u0159, Jack Bender (<i>Lost<\/i>, <i>Under the Dome<\/i>) se ujme re\u017eie.<br \/><\/span><\/p>\n<p><span style=\"font-size: 15px: line-height: 1.45em: background-color: initial:\">Zve\u0159ejn\u011bn byl prvn\u00ed trailer seri\u00e1lu <i>Expanse<\/i>, kter\u00fd bude letos vys\u00edla SyFy. Vznikl na motivy kni\u017en\u00ed s\u00e9rie <i>Expanze<\/i> od\u00a0Jamese S. A. Coreyho (<a href=\"http:\/\/neoluxor.cz\/beletrie\/leviatan-se-probouzi--203243\/\" target=\"_blank\" rel=\"noopener\">Leviatan se probouz\u00ed<\/a>,\u00a0<a href=\"http:\/\/neoluxor.cz\/beletrie\/kalibanova-valka--206443\/\" target=\"_blank\" rel=\"noopener\">Kalib\u00e1nova v\u00e1lka<\/a>,\u00a0<a href=\"http:\/\/neoluxor.cz\/beletrie\/abaddonova-brana-expanze-3--218040\/\" target=\"_blank\" rel=\"noopener\">Abaddonova br\u00e1na<\/a>).<\/span><\/p>\n<p><span style=\"font-size: 15px: line-height: 1.45em: background-color: initial:\"><br \/><\/span><\/p>\n<p><span style=\"font-size: 15px: line-height: 1.45em: background-color: initial:\">Zdroje: Edna.cz, Adweek.com, Tor.com<\/span><\/p>\n<p>Autorka: Olga Zbranek Biern\u00e1tov\u00e1<\/p>\n<p>Kter\u00e1 kniha\/adaptace\/video v\u00e1s zaujalo nejv\u00edce? Napi\u0161te n\u00e1m do koment\u00e1\u0159\u016f.<\/p>\n<\/p><\/p>\n","protected":false},"excerpt":{"rendered":"<p>Vyjde dal\u0161\u00ed rom\u00e1n Sylvaina Reynarda, Johna Greena a Henninga Mankella, Argo chyst\u00e1 nov\u00e9 vyd\u00e1n\u00ed 1984 a druh\u00fd d\u00edl s\u00e9rie Kosti\u010das vyjde \u010desky na podzim. Zve\u0159ejn\u011bn byl nov\u00fd sneak peek z Rezistence, TV spoty k Fifty Shades of Grey, prvn\u00ed trailer Expanze, p\u0159ipravuje se seri\u00e1l na motivy Kingovy knihy Pan Mercedes a m\u00e1me pro v\u00e1s dal\u0161\u00ed fotku z filmu Mr. Holmes.<\/p>\n","protected":false},"author":2,"featured_media":0,"comment_status":"open","ping_status":"open","sticky":false,"template":"","format":"standard","meta":{"_acf_changed":false,"_monsterinsights_skip_tracking":false,"_monsterinsights_sitenote_active":false,"_monsterinsights_sitenote_note":"","_monsterinsights_sitenote_category":0,"_EventAllDay":false,"_EventTimezone":"","_EventStartDate":"","_EventEndDate":"","_EventStartDateUTC":"","_EventEndDateUTC":"","_EventShowMap":false,"_EventShowMapLink":false,"_EventURL":"","_EventCost":"","_EventCostDescription":"","_EventCurrencySymbol":"","_EventCurrencyCode":"","_EventCurrencyPosition":"","_EventDateTimeSeparator":"","_EventTimeRangeSeparator":"","_EventOrganizerID":[],"_EventVenueID":[],"_OrganizerEmail":"","_OrganizerPhone":"","_OrganizerWebsite":"","_VenueAddress":"","_VenueCity":"","_VenueCountry":"","_VenueProvince":"","_VenueState":"","_VenueZip":"","_VenuePhone":"","_VenueURL":"","_VenueStateProvince":"","_VenueLat":"","_VenueLng":"","_VenueShowMap":false,"_VenueShowMapLink":false,"twitterCardType":"","cardImageID":0,"cardImage":"","cardTitle":"","cardDesc":"","cardImageAlt":"","cardPlayer":"","cardPlayerWidth":0,"cardPlayerHeight":0,"cardPlayerStream":"","cardPlayerCodec":"","footnotes":""},"categories":[1],"tags":[],"class_list":["post-2794","post","type-post","status-publish","format-standard","hentry","category-nezarazene"],"acf":{"related_products":null},"_links":{"self":[{"href":"https:\/\/www.luxor.cz\/blog\/wp-json\/wp\/v2\/posts\/2794","targetHints":{"allow":["GET"]}}],"collection":[{"href":"https:\/\/www.luxor.cz\/blog\/wp-json\/wp\/v2\/posts"}],"about":[{"href":"https:\/\/www.luxor.cz\/blog\/wp-json\/wp\/v2\/types\/post"}],"author":[{"embeddable":true,"href":"https:\/\/www.luxor.cz\/blog\/wp-json\/wp\/v2\/users\/2"}],"replies":[{"embeddable":true,"href":"https:\/\/www.luxor.cz\/blog\/wp-json\/wp\/v2\/comments?post=2794"}],"version-history":[{"count":0,"href":"https:\/\/www.luxor.cz\/blog\/wp-json\/wp\/v2\/posts\/2794\/revisions"}],"wp:attachment":[{"href":"https:\/\/www.luxor.cz\/blog\/wp-json\/wp\/v2\/media?parent=2794"}],"wp:term":[{"taxonomy":"category","embeddable":true,"href":"https:\/\/www.luxor.cz\/blog\/wp-json\/wp\/v2\/categories?post=2794"},{"taxonomy":"post_tag","embeddable":true,"href":"https:\/\/www.luxor.cz\/blog\/wp-json\/wp\/v2\/tags?post=2794"}],"curies":[{"name":"wp","href":"https:\/\/api.w.org\/{rel}","templated":true}]}}