{"id":2792,"date":"2015-01-19T12:42:00","date_gmt":"2015-01-19T11:42:00","guid":{"rendered":"https:\/\/www.luxor.cz\/blog\/nezarazene\/soutez-o-5-pobytu-ve-vorarlbersku\/"},"modified":"2023-01-06T16:12:40","modified_gmt":"2023-01-06T15:12:40","slug":"soutez-o-5-pobytu-ve-vorarlbersku-845","status":"publish","type":"post","link":"https:\/\/www.luxor.cz\/blog\/souteze\/soutez-o-5-pobytu-ve-vorarlbersku-845\/","title":{"rendered":"Sout\u011b\u017e o 5 pobyt\u016f ve Vorarlbersku"},"content":{"rendered":"<\/p>\n<\/p>\n<p>Podm\u00ednkou \u00fa\u010dasti v sout\u011b\u017ei je n\u00e1kup n\u00e1kup nad 200 K\u010d (v jednom n\u00e1kupu) v prodejn\u00e1ch Neoluxor nebo na e-shopu a n\u00e1sledn\u00e1 online registrace na <a href=\"http:\/\/www.dovolena-rakousko.travel\/cs\/soutez\/\" target=\"_blank\" rel=\"noopener\">http:\/\/www.dovolena-rakousko.travel\/cs\/soutez\/<\/a>, vypln\u011bn\u00edm dotazn\u00edku v\u010detn\u011b zad\u00e1n\u00ed \u010d\u00edsla dokladu z n\u00e1kupu (unik\u00e1tn\u00ed k\u00f3d \u00fa\u010dtenky nebo \u010d\u00edslo objedn\u00e1vky p\u0159i n\u00e1kupu na e-shopu), zodpov\u011bzen\u00ed sout\u011b\u017en\u00ed ot\u00e1zky.\u00a0<span style=\"font-size: 15px: line-height: 1.45em: background-color: initial:\">N\u00e1kup a online registrace mus\u00ed b\u00fdt u\u010din\u011bni v dob\u011b kon\u00e1n\u00ed sout\u011b\u017ee.\u00a0<\/span><\/p>\n<p><span style=\"font-size: 15px: line-height: 1.45em: background-color: initial:\">Zaregistrovat se do sout\u011b\u017ee je mo\u017en\u00e9 v\u00edcekr\u00e1t, av\u0161ak ka\u017ed\u00fd doklad o n\u00e1kupu sm\u00ed b\u00fdt v sout\u011b\u017ei pou\u017eit pouze jednou. Ka\u017ed\u00fd sout\u011b\u017e\u00edc\u00ed m\u016f\u017ee z\u00edskat pouze jednu v\u00fdhru v sout\u011b\u017ei. Sout\u011b\u017e\u00edc\u00ed je povinen uschovat origin\u00e1l nebo kopii dokladu o zaplacen\u00ed sout\u011b\u017en\u00edho n\u00e1kupu za \u00fa\u010delem ov\u011b\u0159en\u00ed platn\u00e9 \u00fa\u010dasti v sout\u011b\u017ei a za \u00fa\u010delem vyd\u00e1n\u00ed v\u00fdhry. Pokud sout\u011b\u017e\u00edc\u00ed nep\u0159edlo\u017e\u00ed platn\u00fd doklad o n\u00e1kupu, bude ze sout\u011b\u017ee vy\u0159azen. V takov\u00e9m p\u0159\u00edpad\u011b v\u00fdhru z\u00edsk\u00e1v\u00e1 \u00fa\u010dastn\u00edk, kter\u00fd se um\u00edstil jako dal\u0161\u00ed v po\u0159ad\u00ed. Sout\u011b\u017ee se m\u016f\u017ee z\u00fa\u010dastnit ka\u017ed\u00e1 fyzick\u00e1 osoba star\u0161\u00ed 18 let (osoby mlad\u0161\u00ed 18 let se mohou z\u00fa\u010dastnit pouze se souhlasem sv\u00e9ho z\u00e1konn\u00e9ho z\u00e1stupce) s trval\u00fdm pobytem na \u00fazem\u00ed \u010cesk\u00e9 republiky.<\/span><\/p>\n<\/p>\n<h2>V\u00fdhrou v sout\u011b\u017ei je 5 dovolenkov\u00fdch pobyt\u016f<\/h2>\n<\/p>\n<p><b>5x dovolenkov\u00fd pobyt, ka\u017ed\u00fd v hodnot\u011b 850 EUR, ubytov\u00e1n\u00ed v 3-4* hotelu v\u010detn\u011b stravov\u00e1n\u00ed, k v\u00fdb\u011bru dle aktu\u00e1ln\u00ed nab\u00eddky partnersk\u00fdch hotel\u016f regionu VORARLBERSKO na: <a href=\"http:\/\/www.vorarlberg.travel\/cz\" target=\"_blank\" rel=\"noopener\">www.vorarlberg.travel\/cz<\/a><\/b> V\u00fdhry budou odevzd\u00e1ny v\u00fdherc\u016fm ve form\u011b pobytov\u00e9ho poukazu &#8211; voucheru, platn\u00e9ho do 31. 12. 2015. Term\u00edn \u010derp\u00e1n\u00ed bude up\u0159esn\u011bn mezi v\u00fdhercem a poskytovatelem pobytu, dle voln\u00fdch kapacit hotelu (krom\u011b sv\u00e1tk\u016f). V\u00fdhry budou p\u0159ed\u00e1ny v\u00fdherc\u016fm pot\u00e9, co p\u0159edlo\u017e\u00ed k ov\u011b\u0159en\u00ed p\u0159\u00edslu\u0161n\u00fd doklad z n\u00e1kupu a prok\u00e1\u017e\u00ed svoji toto\u017enost platn\u00fdm dokladem. Term\u00edn a zp\u016fsob p\u0159evzet\u00ed v\u00fdhry bude stanoven po vz\u00e1jemn\u00e9 dohod\u011b v\u00fdherce a organiz\u00e1tor\u016f sout\u011b\u017ee. V p\u0159\u00edpad\u011b, \u017ee se organiz\u00e1tor\u016fm sout\u011b\u017ee nepoda\u0159\u00ed zkontaktovat v\u00fdherce do 21 kalend\u00e1\u0159n\u00edch dn\u016f ode dne ozn\u00e1men\u00ed o v\u00fdh\u0159e, nebo si v tomto term\u00ednu v\u00fdhru z jak\u00fdchkoliv d\u016fvod\u016f nep\u0159evezme, organiz\u00e1to\u0159i ur\u010d\u00ed nov\u00e9ho v\u00fdherce, kter\u00fd se um\u00edstil jako dal\u0161\u00ed v po\u0159ad\u00ed.<\/p>\n<h2>V\u00fdherci<\/h2>\n<p>Z celkov\u00e9ho po\u010dtu platny\u0301ch registrac\u00ed se spr\u00e1vnou odpov\u011bd\u00ed bylo vybr\u00e1no dle pravidel sout\u011b\u017ee 5 vy\u0301herc\u016f jejich\u017e odpov\u011b\u010f na tipovac\u00ed ot\u00e1zku byla spr\u00e1vn\u00e1 nebo byla nejbl\u00ed\u017ee spr\u00e1vn\u00e9 odpov\u011bdi (spr\u00e1vn\u00e1 odpov\u011b\u010f: 406.357 n\u00e1v\u0161t\u011bvn\u00edk\u016f).\u00a0<\/p>\n<p><b>Dovolenkovy\u0301 pobyt pro 4 osoby v Doln\u00edm Rakousku z\u00edskav\u00e1:\u00a0<\/b><\/p>\n<\/p>\n<ul>\n<li><span style=\"line-height: 1.45em: background-color: initial:\">H. \u010cerychov\u00e1, 14200 Praha 4\u00a0<\/span><\/li>\n<li><span style=\"line-height: 1.45em: background-color: initial:\">M. Petr, 59201 Heralec\u00a0<\/span><\/li>\n<li><span style=\"line-height: 1.45em: background-color: initial:\">P. Pavelek, 736 01 Hav\u00ed\u0159ov\u00a0<\/span><\/li>\n<li><span style=\"line-height: 1.45em: background-color: initial:\">J. V\u00edtkov\u00e1, 73801 Fry\u0301dek-M\u00edstek\u00a0<\/span><\/li>\n<li><span style=\"line-height: 1.45em: background-color: initial:\">M. Zoul, 15531 Praha 5\u00a0<\/span><\/li>\n<\/ul>\n<p>Vy\u0301herc\u016fm blahop\u0159ejeme a v\u0161em ostatn\u00edm d\u011bkujeme za \u00fa\u010dast!<\/p>\n","protected":false},"excerpt":{"rendered":"<p>Nakupte u n\u00e1s v knihkupectv\u00ed nebo na e-shopu nad 200 K\u010d a zapojte se do sout\u011b\u017ee o 5 pobyt\u016f ve Vorarlbersku. Sout\u011b\u017e kon\u010d\u00ed 28. \u00fanora 2015.<\/p>\n","protected":false},"author":2,"featured_media":0,"comment_status":"open","ping_status":"open","sticky":false,"template":"","format":"standard","meta":{"_acf_changed":false,"_monsterinsights_skip_tracking":false,"_monsterinsights_sitenote_active":false,"_monsterinsights_sitenote_note":"","_monsterinsights_sitenote_category":0,"_EventAllDay":false,"_EventTimezone":"","_EventStartDate":"","_EventEndDate":"","_EventStartDateUTC":"","_EventEndDateUTC":"","_EventShowMap":false,"_EventShowMapLink":false,"_EventURL":"","_EventCost":"","_EventCostDescription":"","_EventCurrencySymbol":"","_EventCurrencyCode":"","_EventCurrencyPosition":"","_EventDateTimeSeparator":"","_EventTimeRangeSeparator":"","_EventOrganizerID":[],"_EventVenueID":[],"_OrganizerEmail":"","_OrganizerPhone":"","_OrganizerWebsite":"","_VenueAddress":"","_VenueCity":"","_VenueCountry":"","_VenueProvince":"","_VenueState":"","_VenueZip":"","_VenuePhone":"","_VenueURL":"","_VenueStateProvince":"","_VenueLat":"","_VenueLng":"","_VenueShowMap":false,"_VenueShowMapLink":false,"twitterCardType":"","cardImageID":0,"cardImage":"","cardTitle":"","cardDesc":"","cardImageAlt":"","cardPlayer":"","cardPlayerWidth":0,"cardPlayerHeight":0,"cardPlayerStream":"","cardPlayerCodec":"","footnotes":""},"categories":[9],"tags":[],"class_list":["post-2792","post","type-post","status-publish","format-standard","hentry","category-souteze"],"acf":{"related_products":null},"_links":{"self":[{"href":"https:\/\/www.luxor.cz\/blog\/wp-json\/wp\/v2\/posts\/2792","targetHints":{"allow":["GET"]}}],"collection":[{"href":"https:\/\/www.luxor.cz\/blog\/wp-json\/wp\/v2\/posts"}],"about":[{"href":"https:\/\/www.luxor.cz\/blog\/wp-json\/wp\/v2\/types\/post"}],"author":[{"embeddable":true,"href":"https:\/\/www.luxor.cz\/blog\/wp-json\/wp\/v2\/users\/2"}],"replies":[{"embeddable":true,"href":"https:\/\/www.luxor.cz\/blog\/wp-json\/wp\/v2\/comments?post=2792"}],"version-history":[{"count":0,"href":"https:\/\/www.luxor.cz\/blog\/wp-json\/wp\/v2\/posts\/2792\/revisions"}],"wp:attachment":[{"href":"https:\/\/www.luxor.cz\/blog\/wp-json\/wp\/v2\/media?parent=2792"}],"wp:term":[{"taxonomy":"category","embeddable":true,"href":"https:\/\/www.luxor.cz\/blog\/wp-json\/wp\/v2\/categories?post=2792"},{"taxonomy":"post_tag","embeddable":true,"href":"https:\/\/www.luxor.cz\/blog\/wp-json\/wp\/v2\/tags?post=2792"}],"curies":[{"name":"wp","href":"https:\/\/api.w.org\/{rel}","templated":true}]}}