{"id":2782,"date":"2015-01-06T15:32:00","date_gmt":"2015-01-06T14:32:00","guid":{"rendered":"https:\/\/www.luxor.cz\/blog\/nezarazene\/ja-vam-ukazu-co-vsechno-umim\/"},"modified":"2023-01-06T16:12:52","modified_gmt":"2023-01-06T15:12:52","slug":"ja-vam-ukazu-co-vsechno-umim-831","status":"publish","type":"post","link":"https:\/\/www.luxor.cz\/blog\/recenze\/ja-vam-ukazu-co-vsechno-umim-831\/","title":{"rendered":"J\u00e1 v\u00e1m uk\u00e1\u017eu, co v\u0161echno um\u00edm"},"content":{"rendered":"<\/p>\n<\/p>\n<p>Deset nov\u00fdch princip\u016f, tot\u00e1ln\u011b na\u0161lapan\u00e1 koncentrace my\u0161lenek, perfektn\u00ed srozumitelnost a \u010dtivost. Austin Kleon mohl \u00fast\u0159edn\u00ed t\u00e9ma knihy okec\u00e1vat v p\u011btisetstr\u00e1nkov\u00e9 bichli. Ano, mohl, proto\u017ee recepty na \u00fasp\u011bch, \u0161t\u011bst\u00ed a kr\u00e1su dnes sype z ruk\u00e1vu kdekdo. Sta\u010d\u00ed to jen um\u011bt dob\u0159e a dostate\u010dn\u011b p\u0159esv\u011bd\u010div\u011b prodat. P\u0159ede mnou v\u0161ak le\u017e\u00ed lehou\u010dk\u00e1, na prvn\u00ed pohled (i omak) velice sympatick\u00e1 kniha, kter\u00e1 jde rovnou na v\u011bc, bez dlouh\u00fdch pr\u016ftah\u016f a zbyte\u010dn\u00e9 om\u00e1\u010dky okolo.\u00a0<\/p>\n<\/p>\n<p><i>\u201cV mysli za\u010d\u00e1te\u010dn\u00edka jsou spousty mo\u017enost\u00ed,\u201d \u0159ekl zenov\u00fd mnich Shunryu Suzuki. \u201cV mysli odborn\u00edka je jich jen p\u00e1r.\u201d\u00a0<\/i><\/p>\n<\/p>\n<p>Kleon se p\u0159i sd\u011blov\u00e1n\u00ed my\u0161lenek vyjad\u0159uje naprosto jasn\u011b, stru\u010dn\u011b a hlavn\u011b v\u00fdsti\u017en\u011b. Ke ka\u017ed\u00e9mu principu pou\u017e\u00edv\u00e1 v\u00fdroky, kter\u00e9 se k n\u011bmu vztahuj\u00ed, \u010d\u00edm\u017e dokazuje jeho relevanci, posouv\u00e1 ho do praxe, \u010din\u00ed jej p\u0159edstaviteln\u00fdm a uchopiteln\u00fdm. A pro\u010d jsem se zmi\u0148ovala o tu\u017ece? N\u011bkte\u0159\u00ed z v\u00e1s by mo\u017en\u00e1 r\u00e1di nam\u00edtli, \u017ee \u010dm\u00e1rat do knihy je barbarstv\u00ed, ale j\u00e1 si to nemysl\u00edm. Zp\u011btn\u011b se pak m\u016f\u017eete vr\u00e1tit k tomu, co v\u00e1s zaujalo, a p\u0159em\u00fd\u0161let nad t\u00edm. A v tomto p\u0159\u00edpad\u011b to zcela bezpochyby plat\u00ed.\u00a0<\/p>\n<\/p>\n<p><i>\u201cK\u00e9\u017e bych mohl po\u0159\u00e1d chodit s pln\u00fdm v\u011bdom\u00edm toho, \u017ee to jednou skute\u010dn\u011b v\u0161echno skon\u010d\u00ed. To je ten trik.\u201d<\/i><\/p>\n<\/p>\n<p>Atraktivn\u00ed a n\u00e1zorn\u00fd vizu\u00e1ln\u00ed styl je jen p\u0159\u00edjemn\u00fdm benefitem celkov\u00e9ho dojmu z knihy. Kleon podporuje sv\u00e1 slova grafick\u00fdm zn\u00e1zorn\u011bn\u00edm, co\u017e jist\u011b ocen\u00ed nejeden z v\u00e1s. Proto\u017ee, co si budeme nalh\u00e1vat, texty, obzvl\u00e1\u0161\u0165 v t\u00e9to tematice, b\u00fdvaj\u00ed \u010dasto jednolit\u00e9 a \u010dlov\u011bk ztr\u00e1c\u00ed pozornost. To je p\u0159esn\u011b to, co se v\u00e1m tady nestane. Vizu\u00e1ln\u011b zalo\u017een\u00e1 \u010d\u00e1st m\u00e9ho mozku si tak p\u0159i \u010dten\u00ed vrn\u011bla blahem stejn\u011b tak, jako ta logick\u00e1. \u00a0<\/p>\n<\/p>\n<p>Je jasn\u00e9, \u017ee \u017e\u00e1dn\u00e1 kniha (dokonce ani tato) v\u00e1m ne\u0159ekne, jak b\u00fdt \u00fasp\u011b\u0161n\u00fd, \u0161\u0165astn\u00fd, bohat\u00fd nebo efektivn\u00ed. Point je v tom b\u00fdt ve spr\u00e1vnou dobu na spr\u00e1vn\u00e9m m\u00edst\u011b. N\u00e1hoda tomu chce, \u017ee se n\u011bkomu poda\u0159\u00ed prorazit tam, kde to u\u017e p\u0159ed n\u00edm zkou\u0161ela \u0159ada jin\u00fdch. A \u010d\u00edm to je? \u017de by byl lep\u0161\u00ed ne\u017e oni? Poj\u010fme na chv\u00edli zauva\u017eovat nad mo\u017enost\u00ed, \u017ee jeho \u00fasp\u011bch je prost\u011b jen \u010dist\u00e1 souhra ud\u00e1lost\u00ed. Proto\u017ee kdy\u017e by \u0161el dal\u0161\u00ed odv\u00e1\u017elivec p\u0159esn\u011b ve stejn\u00fdch stop\u00e1ch, usp\u011bl by t\u00e9\u017e? Domn\u00edv\u00e1m se, \u017ee nikoli. Chyb\u011bly by mu ty stejn\u00e9 okolnosti.\u00a0<\/p>\n<\/p>\n<p>D\u016fle\u017eit\u00e9 p\u0159i \u010dten\u00ed t\u00e9to knihy tedy nen\u00ed hledat n\u00e1vod na \u00fasp\u011bch, ale na to, jak se na n\u011bj p\u0159ipravit, jak mu vyj\u00edt naproti a po\u010dkat si na p\u0159\u00edzniv\u00e9 okolnosti. Proto\u017ee kdy\u017e jste vid\u011bt, okolnosti si v\u00e1s najdou.\u00a0<\/p>\n<\/p>\n<p>J\u00e1 byla stoprocentn\u011b nad\u0161en\u00e1 a v\u011b\u0159\u00edm, \u017ee vy budete tak\u00e9.\u00a0<\/p>\n<\/p>\n<p><i>\u201cD\u011blejte v\u011bci, kter\u00e9 milujete, a mluvte o v\u011bcech, kter\u00e9 milujete &#8211; tak p\u0159il\u00e1k\u00e1te pozornost lid\u00ed, kte\u0159\u00ed miluj\u00ed v\u00e1\u0161 druh v\u011bc\u00ed. Tak jednoduch\u00e9 to je.\u201d<\/i><\/p>\n<h2>Hodnocen\u00ed: 100 %<\/h2>\n<\/p>\n<p>Autorka: Jana Sklen\u00e1\u0159ov\u00e1<\/p>\n<p>K dispozici je i <a href=\"http:\/\/www.palmknihy.cz\/ukaz-co-delas-1.html?a_box=2aj48k8n\" target=\"_blank\" rel=\"noopener\">e-kniha<\/a>.<\/p>\n","protected":false},"excerpt":{"rendered":"<p>\u201cNejv\u011bt\u0161\u00edm probl\u00e9mem, kter\u00fd mus\u00ed um\u011blec vy\u0159e\u0161it, je, jak za\u0159\u00eddit, aby si ho v\u0161imli.\u201d (Honor\u00e9 de Balzac) Uva\u017eujete-li o \u010dten\u00ed knihy Uka\u017e, co d\u011bl\u00e1\u0161, po\u010d\u00edtejte s t\u00edm, \u017ee mus\u00edte m\u00edt v\u017edy tu\u017eku po ruce. Alespo\u0148 j\u00e1 to tak c\u00edtila. A hned prozrad\u00edm pro\u010d.<\/p>\n","protected":false},"author":2,"featured_media":0,"comment_status":"open","ping_status":"open","sticky":false,"template":"","format":"standard","meta":{"_acf_changed":false,"_monsterinsights_skip_tracking":false,"_monsterinsights_sitenote_active":false,"_monsterinsights_sitenote_note":"","_monsterinsights_sitenote_category":0,"_EventAllDay":false,"_EventTimezone":"","_EventStartDate":"","_EventEndDate":"","_EventStartDateUTC":"","_EventEndDateUTC":"","_EventShowMap":false,"_EventShowMapLink":false,"_EventURL":"","_EventCost":"","_EventCostDescription":"","_EventCurrencySymbol":"","_EventCurrencyCode":"","_EventCurrencyPosition":"","_EventDateTimeSeparator":"","_EventTimeRangeSeparator":"","_EventOrganizerID":[],"_EventVenueID":[],"_OrganizerEmail":"","_OrganizerPhone":"","_OrganizerWebsite":"","_VenueAddress":"","_VenueCity":"","_VenueCountry":"","_VenueProvince":"","_VenueState":"","_VenueZip":"","_VenuePhone":"","_VenueURL":"","_VenueStateProvince":"","_VenueLat":"","_VenueLng":"","_VenueShowMap":false,"_VenueShowMapLink":false,"twitterCardType":"","cardImageID":0,"cardImage":"","cardTitle":"","cardDesc":"","cardImageAlt":"","cardPlayer":"","cardPlayerWidth":0,"cardPlayerHeight":0,"cardPlayerStream":"","cardPlayerCodec":"","footnotes":""},"categories":[7],"tags":[],"class_list":["post-2782","post","type-post","status-publish","format-standard","hentry","category-recenze"],"acf":{"related_products":null},"_links":{"self":[{"href":"https:\/\/www.luxor.cz\/blog\/wp-json\/wp\/v2\/posts\/2782","targetHints":{"allow":["GET"]}}],"collection":[{"href":"https:\/\/www.luxor.cz\/blog\/wp-json\/wp\/v2\/posts"}],"about":[{"href":"https:\/\/www.luxor.cz\/blog\/wp-json\/wp\/v2\/types\/post"}],"author":[{"embeddable":true,"href":"https:\/\/www.luxor.cz\/blog\/wp-json\/wp\/v2\/users\/2"}],"replies":[{"embeddable":true,"href":"https:\/\/www.luxor.cz\/blog\/wp-json\/wp\/v2\/comments?post=2782"}],"version-history":[{"count":0,"href":"https:\/\/www.luxor.cz\/blog\/wp-json\/wp\/v2\/posts\/2782\/revisions"}],"wp:attachment":[{"href":"https:\/\/www.luxor.cz\/blog\/wp-json\/wp\/v2\/media?parent=2782"}],"wp:term":[{"taxonomy":"category","embeddable":true,"href":"https:\/\/www.luxor.cz\/blog\/wp-json\/wp\/v2\/categories?post=2782"},{"taxonomy":"post_tag","embeddable":true,"href":"https:\/\/www.luxor.cz\/blog\/wp-json\/wp\/v2\/tags?post=2782"}],"curies":[{"name":"wp","href":"https:\/\/api.w.org\/{rel}","templated":true}]}}