{"id":2778,"date":"2014-12-30T20:08:00","date_gmt":"2014-12-30T19:08:00","guid":{"rendered":"https:\/\/www.luxor.cz\/blog\/nezarazene\/mocna-kletba-nebo-jen-detska-fantazie\/"},"modified":"2023-01-06T16:12:52","modified_gmt":"2023-01-06T15:12:52","slug":"mocna-kletba-nebo-jen-detska-fantazie-827","status":"publish","type":"post","link":"https:\/\/www.luxor.cz\/blog\/recenze\/mocna-kletba-nebo-jen-detska-fantazie-827\/","title":{"rendered":"Mocn\u00e1 kletba nebo jen d\u011btsk\u00e1 fantazie?"},"content":{"rendered":"<\/p>\n<p><span><\/p>\n<p><\/span><\/p>\n<p><span>Situace se synem, desetilet\u00fdm Henrym Millsem, je pouze \u0161pi\u010dkou ledovce. Navrch se p\u0159id\u00e1v\u00e1 fakt, \u017ee bydl\u00ed se svou adoptivn\u00ed matkou ve Storybrooke \u2013 m\u011bste\u010dku, ve kter\u00e9m podle n\u011bj \u017eij\u00ed opravdov\u00e9 poh\u00e1dkov\u00e9 postavy, kter\u00e9 tam Zl\u00e1 kr\u00e1lovna pomoc\u00ed kletby p\u0159enesla. D\u00edky kouzlu si nic nepamatuj\u00ed, maj\u00ed jin\u00e1 jm\u00e9na a \u017eij\u00ed nov\u00e9 \u017eivoty. Nap\u0159\u00edklad jeho u\u010ditelka Mary Margaret je pr\u00fd Sn\u011bhurka\u2026 a taky ztracen\u00e1 Emmina matka. Emma se rozhodne Henryho zav\u00e9st dom\u016f s t\u00edm, \u017ee ho odevzd\u00e1 jeho adoptivn\u00ed matce a pojede zp\u00e1tky. Storybrooke je ale n\u011b\u010d\u00edm zvl\u00e1\u0161tn\u00ed, a tak se nakonec rozhodne z\u016fstat, dohl\u00ed\u017eet na Henryho a zjistit, o co v tom m\u011bst\u011b vlastn\u011b jde.<\/span><\/p>\n<p>V knize jsou ale p\u0159\u00edb\u011bhy dva. Z\u00e1rove\u0148 se toti\u017e setk\u00e1v\u00e1me se Sn\u011bhurkou v poh\u00e1dkov\u00e9m sv\u011bt\u011b. Sledujeme jej\u00ed p\u0159\u00edb\u011bh od smrti jej\u00edho otce a\u017e po setk\u00e1n\u00ed s vysn\u011bn\u00fdm princem. Mysl\u00edte si, \u017ee tu poh\u00e1dku zn\u00e1te nazpam\u011b\u0165? Co kdy\u017e v t\u00e9 va\u0161\u00ed n\u011bco chyb\u00ed? P\u0159\u00edhody, kter\u00e9 se d\u011bj\u00ed v poh\u00e1dkov\u00e9m sv\u011bt\u011b jsou ale a\u017e p\u0159ekvapiv\u011b podobn\u00e9 t\u011bm, kter\u00e9 za\u017e\u00edv\u00e1 Emma a jej\u00ed nov\u00ed p\u0159\u00e1tel\u00e9 ve Storybrooke. Je to n\u00e1hoda? Nebo je to t\u00edm, \u017ee se jedn\u00e1 o jeden a ten sam\u00fd p\u0159\u00edb\u011bh?<\/p>\n<p>Kniha <a href=\"http:\/\/neoluxor.cz\/detske\/once-upon-a-time-bylo-nebylo--221390\/\" target=\"_blank\" rel=\"noopener\">Once Upon a Time: Bylo nebylo<\/a> je v\u011brn\u00fdm p\u0159episem prvn\u00ed s\u00e9rie \u00fasp\u011b\u0161n\u00e9ho stejnojmenn\u00e9ho americk\u00e9ho seri\u00e1lu. P\u0159ipom\u00edn\u00e1 fanou\u0161k\u016fm, ale i nov\u00fdm \u010dten\u00e1\u0159\u016fm, co se vlastn\u011b stalo na za\u010d\u00e1tku p\u0159\u00edb\u011bhu Emmy Swanov\u00e9, co za m\u011bsto je Storybrooke a jak velkou roli v n\u011bm maj\u00ed poh\u00e1dov\u00e9 p\u0159\u00edb\u011bhy. Je sympaticky rozd\u011blena do krat\u0161\u00edch \u010d\u00e1st\u00ed, kter\u00e9 se dob\u0159e \u010dtou a vyvol\u00e1vaj\u00ed ve v\u00e1s pocit, \u017ee \u201cp\u0159e\u010dten\u00ed je\u0161t\u011b jednoho kousku v\u00e1s p\u0159ece nezabije\u201d. Z\u00e1rove\u0148 se tak jasn\u011b odd\u011bluj\u00ed p\u0159\u00edhody Sn\u011bhurky a Emmy, aby se \u010dten\u00e1\u0159 mohl l\u00e9pe orientovat.<\/p>\n<p>J\u00e1, jako\u017eto fanou\u0161ek seri\u00e1lu, jsem si knihu u\u017eila hodn\u011b. Vr\u00e1tila jsem se o p\u00e1r s\u00e9ri\u00ed a epizod zp\u011bt a p\u0159ipadala si, \u017ee se vid\u00edm se star\u00fdmi zn\u00e1m\u00fdmi. Mus\u00edm ale uznat, \u017ee pro n\u011bkoho, kdo seri\u00e1l nezn\u00e1, by mohlo b\u00fdt trochu t\u011b\u017e\u0161\u00ed se v p\u0159\u00edb\u011bhu vyznat. P\u0159ece jenom kniha a seri\u00e1l jsou dv\u011b v\u00fdrazn\u011b odli\u0161n\u00e9 v\u011bci. <a href=\"http:\/\/neoluxor.cz\/detske\/once-upon-a-time-bylo-nebylo--221390\/\" target=\"_blank\" rel=\"noopener\">Once Upon a Time: Bylo nebylo<\/a> je tedy povinn\u00e1 \u010detba p\u0159edev\u0161\u00edm pro v\u0161echny fanou\u0161ky seri\u00e1lu. P\u0159ipomenou si s n\u00ed, jak to v\u0161echno za\u010dalo a mo\u017en\u00e1 si vzpomenou na d\u016fle\u017eit\u00e9 momenty ve slo\u017eit\u00e9m p\u0159\u00edb\u011bhu. Ale hlavn\u011b, mohou si t\u00edm zp\u0159\u00edjemnit \u010dek\u00e1n\u00ed na dal\u0161\u00ed epizodu! Doporu\u010dila bych ji ale i v\u0161em, kte\u0159\u00ed miluj\u00ed p\u0159evypravov\u00e1n\u00ed poh\u00e1dek. Je\u0161t\u011b l\u00e9pe p\u0159evypravov\u00e1n\u00ed poh\u00e1dek a jejich propojov\u00e1n\u00ed s modern\u00edm sv\u011btem. V tom p\u0159\u00edpad\u011b je to pro v\u00e1s jasn\u00e1 volba. Zvl\u00e1\u0161\u0165 te\u010f, ve v\u00e1no\u010dn\u00edm, poh\u00e1dkov\u00e9m \u010dase. Dalo by se tak\u00e9 \u0159\u00edct, \u017ee je tahle kniha ide\u00e1ln\u00ed prakticky pro ka\u017edou holku. Kter\u00e1 by si necht\u011bla p\u0159edstavovat, \u017ee n\u011bkde v na\u0161em sv\u011bt\u011b bydl\u00ed opravdov\u00fd princ Kraso\u0148? \ud83d\ude42<\/p>\n<h2>Hodnocen\u00ed: 75 %<\/h2>\n<p>Autorka: Dita Murinov\u00e1<\/p>\n","protected":false},"excerpt":{"rendered":"<p>Emma Swanov\u00e1 \u017eije \u017eivot, kter\u00fd m\u00e1 hodn\u011b daleko k dokonalosti&#8230; ale je jej\u00ed. M\u00e1 \u0159\u00e1d a m\u00e1 jej pod kontrolou. Tedy alespo\u0148 do t\u00e9 doby, ne\u017e ji na jej\u00ed 28. narozeniny zaklepe na dve\u0159e kluk, kter\u00fd tvrd\u00ed, \u017ee je jej\u00ed syn.<\/p>\n","protected":false},"author":2,"featured_media":0,"comment_status":"open","ping_status":"open","sticky":false,"template":"","format":"standard","meta":{"_acf_changed":false,"_monsterinsights_skip_tracking":false,"_monsterinsights_sitenote_active":false,"_monsterinsights_sitenote_note":"","_monsterinsights_sitenote_category":0,"_EventAllDay":false,"_EventTimezone":"","_EventStartDate":"","_EventEndDate":"","_EventStartDateUTC":"","_EventEndDateUTC":"","_EventShowMap":false,"_EventShowMapLink":false,"_EventURL":"","_EventCost":"","_EventCostDescription":"","_EventCurrencySymbol":"","_EventCurrencyCode":"","_EventCurrencyPosition":"","_EventDateTimeSeparator":"","_EventTimeRangeSeparator":"","_EventOrganizerID":[],"_EventVenueID":[],"_OrganizerEmail":"","_OrganizerPhone":"","_OrganizerWebsite":"","_VenueAddress":"","_VenueCity":"","_VenueCountry":"","_VenueProvince":"","_VenueState":"","_VenueZip":"","_VenuePhone":"","_VenueURL":"","_VenueStateProvince":"","_VenueLat":"","_VenueLng":"","_VenueShowMap":false,"_VenueShowMapLink":false,"twitterCardType":"","cardImageID":0,"cardImage":"","cardTitle":"","cardDesc":"","cardImageAlt":"","cardPlayer":"","cardPlayerWidth":0,"cardPlayerHeight":0,"cardPlayerStream":"","cardPlayerCodec":"","footnotes":""},"categories":[7],"tags":[],"class_list":["post-2778","post","type-post","status-publish","format-standard","hentry","category-recenze"],"acf":{"related_products":null},"_links":{"self":[{"href":"https:\/\/www.luxor.cz\/blog\/wp-json\/wp\/v2\/posts\/2778","targetHints":{"allow":["GET"]}}],"collection":[{"href":"https:\/\/www.luxor.cz\/blog\/wp-json\/wp\/v2\/posts"}],"about":[{"href":"https:\/\/www.luxor.cz\/blog\/wp-json\/wp\/v2\/types\/post"}],"author":[{"embeddable":true,"href":"https:\/\/www.luxor.cz\/blog\/wp-json\/wp\/v2\/users\/2"}],"replies":[{"embeddable":true,"href":"https:\/\/www.luxor.cz\/blog\/wp-json\/wp\/v2\/comments?post=2778"}],"version-history":[{"count":0,"href":"https:\/\/www.luxor.cz\/blog\/wp-json\/wp\/v2\/posts\/2778\/revisions"}],"wp:attachment":[{"href":"https:\/\/www.luxor.cz\/blog\/wp-json\/wp\/v2\/media?parent=2778"}],"wp:term":[{"taxonomy":"category","embeddable":true,"href":"https:\/\/www.luxor.cz\/blog\/wp-json\/wp\/v2\/categories?post=2778"},{"taxonomy":"post_tag","embeddable":true,"href":"https:\/\/www.luxor.cz\/blog\/wp-json\/wp\/v2\/tags?post=2778"}],"curies":[{"name":"wp","href":"https:\/\/api.w.org\/{rel}","templated":true}]}}