{"id":2753,"date":"2014-12-01T11:55:00","date_gmt":"2014-12-01T10:55:00","guid":{"rendered":"https:\/\/www.luxor.cz\/blog\/nezarazene\/letem-kniznim-svetem-48-tyden-2014\/"},"modified":"2023-01-06T16:13:20","modified_gmt":"2023-01-06T15:13:20","slug":"letem-kniznim-svetem-48-tyden-2014-802","status":"publish","type":"post","link":"https:\/\/www.luxor.cz\/blog\/nezarazene\/letem-kniznim-svetem-48-tyden-2014-802\/","title":{"rendered":"Letem kni\u017en\u00edm sv\u011btem (48. t\u00fdden 2014)"},"content":{"rendered":"<\/p>\n<\/p>\n<p><span style=\"line-height: 1.45em: background-color: initial:\"><\/span><\/p>\n<\/p>\n<\/p>\n<\/p>\n<\/p>\n<\/p>\n<\/p>\n<\/p>\n<\/p>\n<\/p>\n<\/p>\n<\/p>\n<p>Zn\u00e1m\u00fd autor thriller\u016f James Patterson zve\u0159ejnil kontroverzn\u00ed video, kter\u00fdm chce upozornit na malou podporu \u010dten\u00e1\u0159stv\u00ed v Americe. Internetem koluje tak\u00e9\u00a0<a href=\"https:\/\/petitions.whitehouse.gov\/petition\/support-books-and-reading-having-president-obama-appear-public-holding-book\/58Gcj5wx\" target=\"_blank\" rel=\"noopener\">petice<\/a>, kter\u00e1 vyz\u00fdv\u00e1 prezidenta Baraca Obamu, aby se objevoval na ve\u0159ejnosti s knihami, nav\u0161t\u011bvoval knihovny a knihkupectv\u00ed a ve\u0159ejn\u011b mluvil o nutnosti podporovat \u010dten\u00ed.<\/p>\n<p><\/p>\n<p>Britsk\u00e1 spisovatelka <a href=\"http:\/\/neoluxor.cz\/vyhledavani\/?query=Jamesov%C3%A1+P.++D.\" target=\"_blank\" rel=\"noopener\">P. D. Jamesov\u00e1<\/a>, mistryn\u011b detektivn\u00edho rom\u00e1nu, zem\u0159ela ve v\u011bku 94 let. Jej\u00ed knihy byly p\u0159elo\u017eeny do \u0159ady jazyk\u016f v\u010detn\u011b \u010de\u0161tiny a byla ozna\u010dov\u00e1na jako nov\u00e1 Agatha Christie. V roce 1991 byla za sv\u00e9 d\u00edlo pov\u00fd\u0161ena do \u0161lechtick\u00e9ho stavu a je tak\u00e9 \u010dlenkou\u00a0<i>Crime Writing Hall of Fam<\/i>e.<\/p>\n<p>\u010cerstv\u00e9mu dr\u017eiteli Nobelovy ceny za literaturu, Patrickovi Modianimu, pr\u00e1v\u011b vy\u0161ly 2 knihy v \u010de\u0161tin\u011b. Nakladatelstv\u00ed\u00a0Barrister &#038; Principal vydalo rom\u00e1n\u00a0<a href=\"http:\/\/neoluxor.cz\/beletrie\/dora-bruderova--221749\/\" target=\"_blank\" rel=\"noopener\">Dora Bruderov\u00e1<\/a>, nakladatelstv\u00ed Mlad\u00e1 fronta p\u0159ipravilo knihu\u00a0<a href=\"http:\/\/neoluxor.cz\/beletrie\/ulice-temnych-kramku--221231\/\" target=\"_blank\" rel=\"noopener\">Ulice Temn\u00fdch kr\u00e1mk\u016f<\/a>, jedno z nejoce\u0148ovan\u011bj\u0161\u00edch autorov\u00fdch d\u011bl.<\/p>\n<\/p>\n<p><span style=\"color: rgb(0, 0, 0): font-size: 30px: font-weight: bold: line-height: 38px: background-color: initial:\">P\u0159ipravovan\u00e9 knihy<\/span><\/p>\n<p>Pod\u00edvejte se do sekce <a href=\"http:\/\/neoluxor.cz\/pripravujeme\/\" target=\"_blank\" rel=\"noopener\">P\u0159ipravujeme<\/a> a zjist\u011bte, jak\u00e9 knihy vyjdou co nevid\u011bt u n\u00e1s.<\/p>\n<ul>\n<li>V \u010dervnu 2015 vyd\u00e1 Kniha Zl\u00edn nov\u00fd krimi rom\u00e1n\u00a0Joa Nesb\u00f8ho, kter\u00fd nese n\u00e1zev <i>Krev na sn\u011bhu<\/i>. Jedn\u00e1 se o prvn\u00ed d\u00edl pl\u00e1novan\u00e9 trilogie. P\u0159ipravuje se tak\u00e9 filmov\u00e9 zpracov\u00e1n\u00ed, v hlavn\u00ed roli by se m\u011bl objevit\u00a0Leonardo DiCaprio. Ke knize byla zve\u0159ejn\u011bna kr\u00e1tk\u00e1 anotace:\u00a0Nedok\u00e1\u017ee jezdit autem pomalu, je m\u011bkk\u00fd jako m\u00e1slo, p\u0159\u00edli\u0161 snadno se zamilov\u00e1v\u00e1, jestli\u017ee se roz\u010dil\u00ed, ztr\u00e1c\u00ed hlavu a je mizern\u00fd v matematice. N\u011bco m\u00e1lo p\u0159e\u010detl, ale moc toho nev\u00ed a rozhodn\u011b nem\u00e1 takov\u00e9 znalosti, kter\u00e9 by byly k n\u011b\u010demu u\u017eite\u010dn\u00e9. A p\u00ed\u0161e pomaleji, ne\u017e roste stalaktit. K \u010demu se tedy hod\u00ed? Je skv\u011bl\u00fd zabij\u00e1k. Nemus\u00ed p\u0159itom jezdit autem, zab\u00edj\u00ed v\u011bt\u0161inou lidi, kte\u0159\u00ed si to zasluhuj\u00ed, a nejsou to \u017e\u00e1dn\u00e9 slo\u017eit\u00e9 po\u010dty. Alespo\u0148 prozat\u00edm nebyly. Dokud od \u0161\u00e9fa nedostal nov\u00fd \u00fakol: vy\u0159\u00eddit jeho man\u017eelku.<\/li>\n<li>Na 5. prosince se chyst\u00e1 vyd\u00e1n\u00ed dal\u0161\u00ed knihy Orhana Pamuka \u2013 <a href=\"http:\/\/neoluxor.cz\/pripravujeme\/tichy-dum--1399\/\" target=\"_blank\" rel=\"noopener\">Tich\u00fd d\u016fm<\/a>.\u00a0Rom\u00e1n, ov\u011bn\u010den\u00fd dom\u00e1c\u00edmi i zahrani\u010dn\u00edmi cenami, je jak brilantn\u00edm rodinn\u00fdm dramatem, tak dramatem cel\u00e9ho Turecka, v n\u011bm\u017e d\u011bsiv\u011b utich\u00e1 komunikace mezi politick\u00fdmi skupinami, spole\u010densk\u00fdmi vrstvami i generacemi.<\/li>\n<li>Na konec ledna p\u0159ipravuje nakladatelstv\u00ed Jota nov\u00fd rom\u00e1n\u00a0Katherine\u00a0Pancolov\u00e9 a n\u00e1zvem <a href=\"http:\/\/neoluxor.cz\/pripravujeme\/muchachas--1397\/\" target=\"_blank\" rel=\"noopener\">Muchachas<\/a>. Milovn\u00edci jej\u00edch p\u0159ede\u0161l\u00fdch knih (<a href=\"http:\/\/neoluxor.cz\/beletrie\/libejte-me--217818\/\" target=\"_blank\" rel=\"noopener\">L\u00edbejte m\u011b<\/a>,\u00a0<a href=\"http:\/\/neoluxor.cz\/beletrie\/veverky-z-central-parku-byvaji-v-pondeli--196847\/\" target=\"_blank\" rel=\"noopener\">Veverky z Central parku b\u00fdvaj\u00ed v pond\u011bl\u00ed smutn\u00e9<\/a>, <a href=\"http:\/\/neoluxor.cz\/beletrie\/pomaly-valcik-zelvicek--177267\/\" target=\"_blank\" rel=\"noopener\">Pomal\u00fd val\u010d\u00edk \u017eelvi\u010dek<\/a>, <a href=\"http:\/\/neoluxor.cz\/beletrie\/zlute-oci-krokodylu--91430\/\" target=\"_blank\" rel=\"noopener\">\u017dlut\u00e9 o\u010di krokod\u00fdl\u016f<\/a>) si novinku jist\u011b nenechaj\u00ed uj\u00edt.<\/li>\n<li>Druh\u00fd d\u00edl <i>Husitsk\u00e9 epopeje<\/i> Vlastimila Vondru\u0161ky vyjde na konci dubna a ponese podtitul\u00a0<a href=\"http:\/\/neoluxor.cz\/pripravujeme\/Husitska-epopej-II--1396\/\" target=\"_blank\" rel=\"noopener\">1416-1425 &#8211; Za \u010das\u016f hejtmana Jana \u017di\u017eky<\/a>.<\/li>\n<li>Dal\u0161\u00ed krimi <a href=\"http:\/\/neoluxor.cz\/vyhledavani\/?query=Nesser+Hakan\" target=\"_blank\" rel=\"noopener\">Hakana Nessera<\/a> vyjde 30. dubna a bude se jmenovat <a href=\"http:\/\/neoluxor.cz\/pripravujeme\/muz-bez-psa--1395\/\" target=\"_blank\" rel=\"noopener\">Mu\u017e bez psa<\/a>. P\u0159ipravuje se i novinka Thomase Engera \u2013 <a href=\"http:\/\/neoluxor.cz\/pripravujeme\/horka-puda--1392\/\" target=\"_blank\" rel=\"noopener\">Hork\u00e1 p\u016fda<\/a>.<\/li>\n<li>Nakladatelstv\u00ed MOBA vydalo edi\u010dn\u00ed pl\u00e1n na leden a\u017e \u010derven 2015. Prohl\u00e9dnout si ho m\u016f\u017eete na <a href=\"http:\/\/issuu.com\/mobaknihy\/docs\/vp_1-6_2015\/1\" target=\"_blank\" rel=\"noopener\">Issuu<\/a>.<\/li>\n<\/ul>\n<p><span style=\"color: rgb(0, 0, 0): font-size: 30px: font-weight: bold: line-height: 38px: background-color: initial:\">Kni\u017en\u00ed novinky t\u00fddne<\/span><\/p>\n<p>Kompletn\u00ed p\u0159ehled novinek najdete v sekci <a href=\"http:\/\/neoluxor.cz\/nove-knihy\/\" target=\"_blank\" rel=\"noopener\">Nov\u00e9 knihy<\/a>.\u00a0<\/p>\n<\/p>\n<\/p>\n<\/p>\n<p><a href=\"http:\/\/neoluxor.cz\/beletrie\/lasce-na-stope--221402\/\" target=\"_blank\" rel=\"noopener\"><\/a><\/p>\n<p><a href=\"http:\/\/neoluxor.cz\/beletrie\/inferno-ilustrovana-verze--221190\/\" target=\"_blank\" rel=\"noopener\"><\/a><\/p>\n<p><a href=\"http:\/\/neoluxor.cz\/beletrie\/ve-slepe-ulicce-pripady-komisare-wallandera--221405\/\" target=\"_blank\" rel=\"noopener\"><\/a><\/p>\n<p><a href=\"http:\/\/neoluxor.cz\/beletrie\/kvitek-karminovy-a-bily--220680\/\" target=\"_blank\" rel=\"noopener\"><\/a><\/p>\n<p><a href=\"http:\/\/neoluxor.cz\/beletrie\/ten-ktery-zabil-draka--221708\/\" target=\"_blank\" rel=\"noopener\"><\/a><\/p>\n<p><a href=\"http:\/\/neoluxor.cz\/beletrie\/pan-mercedes--221747\/\" target=\"_blank\" rel=\"noopener\"><\/a><\/p>\n<p><a href=\"http:\/\/neoluxor.cz\/beletrie\/alice-v-risi-divu-a-taky-pred-zrcadlem--221525\/\" target=\"_blank\" rel=\"noopener\"><\/a><\/p>\n<p><a href=\"http:\/\/neoluxor.cz\/popularne-naucna\/benedict-cumberbatch--221482\/\" target=\"_blank\" rel=\"noopener\"><\/a><\/p>\n<p><a href=\"http:\/\/neoluxor.cz\/beletrie\/hledani-aljasky--221692\/\" target=\"_blank\" rel=\"noopener\"><\/a><\/p>\n<p><a href=\"http:\/\/neoluxor.cz\/beletrie\/the-walking-dead-zivi-mrtvi-4-pad-2--221717\/\" target=\"_blank\" rel=\"noopener\"><\/a><\/p>\n<p><span style=\"color: rgb(0, 0, 0): font-size: 30px: font-weight: bold: line-height: 38px: background-color: initial:\">Filmov\u00e9 novinky<\/span><\/p>\n<p>Tv\u016frci seri\u00e1lu<i> Hra o tr\u016fny<\/i> zve\u0159ejnili kr\u00e1tk\u00fd teaser na novou s\u00e9rii, kter\u00fd se soust\u0159ed\u00ed na Aryu Stark.<\/p>\n<p><\/p>\n<p align=\"center\">\n<\/p>\n<p><span style=\"line-height: 1.45em: background-color: initial:\">Na p\u0159\u00ed\u0161t\u00ed rok se chyst\u00e1 do kin zn\u00e1m\u00fd p\u0159\u00edb\u011bh o Petru Panovi, chlapci, kter\u00fd necht\u011bl nikdy vyr\u016fst. Hranou adaptaci <a href=\"http:\/\/neoluxor.cz\/cizojazycne-knihy\/peter-pan-anglicky--219252\/\" target=\"_blank\" rel=\"noopener\">knihy<\/a> spisovatele\u00a0Jamese Matthewa Barrieho p\u0159inese studio Warner Bros. se vskutku hv\u011bzdn\u00fdm obsazen\u00edm. Zve\u0159ejn\u011bn byl prvn\u00ed trailer.<\/span><\/p>\n<p><span style=\"line-height: 1.45em: background-color: initial:\"><br \/><\/span><\/p>\n<p><span style=\"line-height: 1.45em: background-color: initial:\">BBC One na sv\u00e9m Twitteru a Facebooku zve\u0159ejnila prvn\u00ed l\u00e1ka\u010dky (foto sc\u00e9n\u00e1\u0159e a hlavn\u00edch hrdin\u016f) na v\u00e1no\u010dn\u00ed speci\u00e1l seri\u00e1lu <i>Sherlock<\/i>, kter\u00fd bude uveden p\u0159\u00ed\u0161t\u00ed rok. Inspirov\u00e1n bude p\u0159\u00edb\u011bhem\u00a0<i>The Adventure of the Missing Shoulder<\/i>.<\/span><\/p>\n<p><span style=\"line-height: 1.45em: background-color: initial:\"><\/span><\/p>\n<\/p>\n<p><span style=\"line-height: 1.45em: background-color: initial:\">Neil Gaiman ozn\u00e1mil na sv\u00e9m Twitteru uveden\u00ed r\u00e1diov\u00e9 adaptace knihy <a href=\"http:\/\/neoluxor.cz\/beletrie\/dobra-znameni--18443\/\" target=\"_blank\" rel=\"noopener\">Dobr\u00e1 znamen\u00ed<\/a>, kterou napsal s Terrym Pratchettem. Vys\u00edlat se za\u010dne 22. prosince na BBC Radio 4 a v hlavn\u00edch rol\u00edch usly\u0161\u00edme nap\u0159.\u00a0Colina Morgana, Charlotte Ritchie, Marka Heapa, Petera Serafinowicze a dal\u0161\u00ed.<\/span><\/p>\n<p><span style=\"line-height: 1.45em: background-color: initial:\"><\/span><\/p>\n<\/p>\n<p><span style=\"line-height: 1.45em: background-color: initial:\">Zve\u0159ejn\u011bny byly dal\u0161\u00ed promo fotografie k filmov\u00e9 adaptaci <a href=\"http:\/\/neoluxor.cz\/beletrie\/fifty-shades-of-grey-padesat-odstinu-sedi--179672\/\" target=\"_blank\" rel=\"noopener\">Fifty Shades of Grey<\/a>, kter\u00e9 p\u0159edstavuj\u00ed vedlej\u0161\u00ed postavy \u2013\u00a0Kate Kavanagh, Christianovy rodi\u010de a sestru.<\/span><\/p>\n<p><span style=\"line-height: 1.45em: background-color: initial:\"><\/span><\/p>\n<p align=\"center\">\n<\/p>\n<p><span style=\"line-height: 1.45em: background-color: initial:\">Pod\u00edvejte se na dal\u0161\u00ed fotografii z chystan\u00e9 adaptace knihy <a href=\"http:\/\/neoluxor.cz\/beletrie\/prazdne-misto--191654\/\" target=\"_blank\" rel=\"noopener\">Pr\u00e1zdn\u00e9 m\u00edsto<\/a> J. K. Rowlingov\u00e9, kter\u00e1 bude uvedena jako minis\u00e9rie v koprodukci BBC a HBO. Na sn\u00edmku je\u00a0Samantha Mollison a Shirley Mollison.<\/span><\/p>\n<p><span style=\"line-height: 1.45em: background-color: initial:\"><\/span><\/p>\n<\/p>\n<\/p>\n<p><span style=\"line-height: 1.45em: background-color: initial:\">Minul\u00fd t\u00fdden jsme v\u00e1s informovali o tom, \u017ee se chyst\u00e1 adaptace knihy <a href=\"http:\/\/neoluxor.cz\/beletrie\/svedectvi--22925\/\" target=\"_blank\" rel=\"noopener\">Sv\u011bdectv\u00ed<\/a> Stephena Kinga. Nyn\u00ed se za\u010dalo spekulovat o mo\u017en\u00e9m obsazen\u00ed hlavn\u00edch rol\u00ed. \u00dast\u0159edn\u00edho z\u00e1por\u00e1ka Randalla Flagga\u00a0by si mohl zahr\u00e1t\u00a0Matthew McConaughey.<\/span><\/p>\n<p><span style=\"line-height: 1.45em: background-color: initial:\">Zdroje: Vanityfair.com, Theguardian.com, Mediabistro.com, Tor.com, Hypable.com, Hollywoodreporter.com<\/span><\/p>\n<p>Autorka: Olga Zbranek Biern\u00e1tov\u00e1<\/p>\n<\/p><\/p>\n","protected":false},"excerpt":{"rendered":"<p>James Patterson p\u00e1l\u00ed knihy, vy\u0161ly dva rom\u00e1ny \u010derstv\u00e9ho dr\u017eitele Nobelovy ceny za literaturu, Kniha Zl\u00edn chyst\u00e1 novou s\u00e9rii Joa Nesb\u00f8ho, zve\u0159ejn\u011bn byl prvn\u00ed teaser na p\u00e1tou \u0159adu seri\u00e1lu Hra o tr\u016fny, trailer Pana, fotky z v\u00e1no\u010dn\u00edho speci\u00e1lu Sherlocka, Pr\u00e1zdn\u00e9ho m\u00edsta a Fifty Shades of Grey, Neil Gaiman l\u00e1k\u00e1 na vys\u00edl\u00e1n\u00ed Dobr\u00e9ho znamen\u00ed a  Matthew McConaughey si mo\u017en\u00e1 zahraje v adaptaci Kingova rom\u00e1nu Sv\u011bdectv\u00ed.<\/p>\n","protected":false},"author":2,"featured_media":0,"comment_status":"open","ping_status":"open","sticky":false,"template":"","format":"standard","meta":{"_acf_changed":false,"_monsterinsights_skip_tracking":false,"_monsterinsights_sitenote_active":false,"_monsterinsights_sitenote_note":"","_monsterinsights_sitenote_category":0,"_EventAllDay":false,"_EventTimezone":"","_EventStartDate":"","_EventEndDate":"","_EventStartDateUTC":"","_EventEndDateUTC":"","_EventShowMap":false,"_EventShowMapLink":false,"_EventURL":"","_EventCost":"","_EventCostDescription":"","_EventCurrencySymbol":"","_EventCurrencyCode":"","_EventCurrencyPosition":"","_EventDateTimeSeparator":"","_EventTimeRangeSeparator":"","_EventOrganizerID":[],"_EventVenueID":[],"_OrganizerEmail":"","_OrganizerPhone":"","_OrganizerWebsite":"","_VenueAddress":"","_VenueCity":"","_VenueCountry":"","_VenueProvince":"","_VenueState":"","_VenueZip":"","_VenuePhone":"","_VenueURL":"","_VenueStateProvince":"","_VenueLat":"","_VenueLng":"","_VenueShowMap":false,"_VenueShowMapLink":false,"twitterCardType":"","cardImageID":0,"cardImage":"","cardTitle":"","cardDesc":"","cardImageAlt":"","cardPlayer":"","cardPlayerWidth":0,"cardPlayerHeight":0,"cardPlayerStream":"","cardPlayerCodec":"","footnotes":""},"categories":[1],"tags":[],"class_list":["post-2753","post","type-post","status-publish","format-standard","hentry","category-nezarazene"],"acf":{"related_products":null},"_links":{"self":[{"href":"https:\/\/www.luxor.cz\/blog\/wp-json\/wp\/v2\/posts\/2753","targetHints":{"allow":["GET"]}}],"collection":[{"href":"https:\/\/www.luxor.cz\/blog\/wp-json\/wp\/v2\/posts"}],"about":[{"href":"https:\/\/www.luxor.cz\/blog\/wp-json\/wp\/v2\/types\/post"}],"author":[{"embeddable":true,"href":"https:\/\/www.luxor.cz\/blog\/wp-json\/wp\/v2\/users\/2"}],"replies":[{"embeddable":true,"href":"https:\/\/www.luxor.cz\/blog\/wp-json\/wp\/v2\/comments?post=2753"}],"version-history":[{"count":0,"href":"https:\/\/www.luxor.cz\/blog\/wp-json\/wp\/v2\/posts\/2753\/revisions"}],"wp:attachment":[{"href":"https:\/\/www.luxor.cz\/blog\/wp-json\/wp\/v2\/media?parent=2753"}],"wp:term":[{"taxonomy":"category","embeddable":true,"href":"https:\/\/www.luxor.cz\/blog\/wp-json\/wp\/v2\/categories?post=2753"},{"taxonomy":"post_tag","embeddable":true,"href":"https:\/\/www.luxor.cz\/blog\/wp-json\/wp\/v2\/tags?post=2753"}],"curies":[{"name":"wp","href":"https:\/\/api.w.org\/{rel}","templated":true}]}}