{"id":2711,"date":"2014-11-07T14:36:00","date_gmt":"2014-11-07T13:36:00","guid":{"rendered":"https:\/\/www.luxor.cz\/blog\/nezarazene\/smutnevesele-stripky-ze-sede-doby\/"},"modified":"2023-01-06T16:13:31","modified_gmt":"2023-01-06T15:13:31","slug":"smutnevesele-stripky-ze-sede-doby-760","status":"publish","type":"post","link":"https:\/\/www.luxor.cz\/blog\/recenze\/smutnevesele-stripky-ze-sede-doby-760\/","title":{"rendered":"Smutn\u011bvesel\u00e9 st\u0159\u00edpky ze \u0161ed\u00e9 doby"},"content":{"rendered":"<\/p>\n<\/p>\n<p>Pod n\u00e1padem a koncepc\u00ed knihy se podepsal J\u00e1n Simkani\u010d, kter\u00fd oslovil  kamar\u00e1dy a zn\u00e1m\u00e9, aby se v nedlouh\u00fdch textech rozpomenuli na sv\u00e9 d\u011btstv\u00ed, je\u017e  obklopoval minul\u00fd re\u017eim. Sb\u00edrka se rozr\u016fstala, ostatn\u011b, s nejv\u011bt\u0161\u00ed  pravd\u011bpodobnost\u00ed nez\u016fstala pouze u kamar\u00e1d\u016f. Bez ohledu na zp\u016fsob v\u00fdb\u011bru, jeho\u017e  metodika n\u00e1s nemus\u00ed vlastn\u011b ani zaj\u00edmat, nebo\u0165 jde o projekt  intenzivn\u011b osobn\u00ed, nikoliv o v\u011bdeckou pr\u00e1ci, \u0161k\u00e1lu jmen charakterizuje  rozmanitost. A\u0165 u\u017e co do profes\u00ed, tak m\u00edry liter\u00e1rnosti jazyka, respektive jeho  stylu. <\/p>\n<p>Pr\u00e1v\u011b koncept a v\u00fdsledn\u00e9 se\u0159azen\u00ed (n\u011bkter\u00e9 p\u0159\u00edsp\u011bvky se nakonec do publikace  kv\u016fli rozsahu nedostaly) p\u0159edstavuje jednu z nejv\u00fdrazn\u011bj\u0161\u00edch dev\u00edz knihy,  kterou si pod sv\u00e1 k\u0159\u00eddla vzalo nakladatelstv\u00ed BizBooks. Tu druhou tvo\u0159\u00ed  \u00faspornost jednotliv\u00fdch vstup\u016f. V\u011bt\u0161inou se osloven\u00ed auto\u0159i rozhodli vyu\u017e\u00edt zhruba  dvou a\u017e t\u0159\u00ed tiskov\u00fdch stran, omezeli sv\u00e1 vypr\u00e1v\u011bn\u00ed na zachycen\u00ed jednoho d\u00edl\u010d\u00edho  p\u0159\u00edb\u011bhu, nebo naopak n\u011bkdy p\u0159istoupili a\u017e k rafinovan\u00e9 \u00faspornosti zachytit v  p\u0159\u00edsp\u011bvku cel\u00e9 d\u011btstv\u00ed. V obou p\u0159\u00edpadech doch\u00e1z\u00ed k p\u0159\u00edjemn\u011b osobn\u00edm vzpom\u00ednk\u00e1m,  kter\u00e9 kapitolku po kapitolce utv\u00e1\u0159\u00ed barvitou mozaiku \u017eivota v socialismu. Nelze  se sice ubr\u00e1nit dojmu, \u017ee by (s ohledem na \u010dtivost p\u0159\u00edsp\u011bvk\u016f tak n\u011bjak  paradoxn\u011b) men\u0161\u00ed mno\u017estv\u00ed vzpom\u00ednek knize pomohlo, do zna\u010dn\u00e9 m\u00edry v\u0161ak takov\u00fd  pocit vych\u00e1z\u00ed z intenzivn\u00edho \u010dten\u00ed knihy v kr\u00e1tk\u00e9m \u010dasov\u00e9m \u00faseku. Vzhledem k  tolika lidsk\u00fdm osud\u016fm na tak mal\u00e9 plo\u0161e doch\u00e1z\u00ed ke vz\u00e1jemn\u00e9mu m\u00ed\u0161en\u00ed, kdy u\u017e  dost mo\u017en\u00e1 nebudete schopni od sebe jednotliv\u00e9 mikrop\u0159\u00edhody odd\u011blit, stejn\u011b  jako autory. Jen n\u011bkte\u0159\u00ed se mo\u017en\u00e1 zap\u00ed\u0161\u00ed do pam\u011bti hloub\u011bji, kup\u0159\u00edkladu hned  zkraje je to text Daniely Fischerov\u00e9 &#8211; kr\u00e1sn\u011b \u010dtiv\u00fd, liter\u00e1rn\u00ed, humorem i  melancholi\u00ed prosycen\u00fd, a p\u0159itom jeden z nejdel\u0161\u00edch. Sylva Ficov\u00e1 zase vy\u010dn\u00edv\u00e1  zvolenou formou: vzpom\u00ednky koncipuje jako abecedn\u011b se\u0159azen\u00fd soupis  okomentovan\u00fdch hesel. Tom\u00e1\u0161 Han\u00e1k nepromarn\u00ed uplatnit sv\u016fj nadhled a oko\u0159en\u00ed  vzpom\u00ednky jiskrnou nostalgi\u00ed. A Jan P. Mart\u00ednek v duchu automatismu vypust\u00ed  proud my\u0161lenek, neform\u00e1ln\u00edch, v\u017edy trefn\u011b zac\u00edlen\u00fdch a vlastn\u011b i takov\u00fdch, s  nimi\u017e se m\u016f\u017ee identifikovat nejeden \u010dten\u00e1\u0159. <\/p>\n<p>Ano, v tomto m\u00edst\u011b se mi na mysl vyrojila dal\u0161\u00ed sympati\u010dnost knihy.  Jednotliv\u00e9 p\u0159\u00edb\u011bhy si nejsou vz\u00e1jemn\u011b p\u0159\u00edli\u0161 vzd\u00e1len\u00e9 (tak\u017ee utv\u00e1\u0159\u00ed kompaktn\u00ed  celek) a sou\u010dasn\u011b nejsou izolovan\u00e9 ani od n\u00e1s samotn\u00fdch, proto\u017ee prakticky u  ka\u017ed\u00e9ho vzpom\u00ednkov\u00e9ho st\u0159\u00edpku si m\u016f\u017eete nal\u00e9zt odlesk, kter\u00fd zn\u00e1te i ze sv\u00e9ho socialistick\u00e9ho  d\u011btstv\u00ed.<\/p>\n<p>P.S.: Byla by \u0161koda zapomenout na dopl\u0148uj\u00edc\u00ed fotografie. Ty ne p\u0159\u00edmo souvis\u00ed  se vzpom\u00ednkami, ale sv\u00fdm um\u00edst\u011bn\u00edm mezi kapitolami \u010di v nich n\u00e1s nut\u00ed hledat  vztahy, roz\u0161i\u0159ovat t\u00e9ma o dal\u0161\u00ed \u00fahly pohledu a kontext.<\/p>\n<\/p>\n<h2>Hodnocen\u00ed: 80 %<\/h2>\n<p>Autor: Luk\u00e1\u0161 Gregor<\/p>\n","protected":false},"excerpt":{"rendered":"<p>U p\u0159\u00edle\u017eitosti 25. v\u00fdro\u010d\u00ed Listopadu 89 se na kni\u017en\u00ed pulty dost\u00e1v\u00e1 ojedin\u011bl\u00e1 liter\u00e1rn\u00ed z\u00e1le\u017eitost. Projekt, kter\u00fd sdru\u017euje na \u0161est des\u00edtek autor\u016f, nese v\u00fdmluvn\u00fd titul M\u00e9 d\u011btstv\u00ed v socialismu.<\/p>\n","protected":false},"author":2,"featured_media":0,"comment_status":"open","ping_status":"open","sticky":false,"template":"","format":"standard","meta":{"_acf_changed":false,"_monsterinsights_skip_tracking":false,"_monsterinsights_sitenote_active":false,"_monsterinsights_sitenote_note":"","_monsterinsights_sitenote_category":0,"_EventAllDay":false,"_EventTimezone":"","_EventStartDate":"","_EventEndDate":"","_EventStartDateUTC":"","_EventEndDateUTC":"","_EventShowMap":false,"_EventShowMapLink":false,"_EventURL":"","_EventCost":"","_EventCostDescription":"","_EventCurrencySymbol":"","_EventCurrencyCode":"","_EventCurrencyPosition":"","_EventDateTimeSeparator":"","_EventTimeRangeSeparator":"","_EventOrganizerID":[],"_EventVenueID":[],"_OrganizerEmail":"","_OrganizerPhone":"","_OrganizerWebsite":"","_VenueAddress":"","_VenueCity":"","_VenueCountry":"","_VenueProvince":"","_VenueState":"","_VenueZip":"","_VenuePhone":"","_VenueURL":"","_VenueStateProvince":"","_VenueLat":"","_VenueLng":"","_VenueShowMap":false,"_VenueShowMapLink":false,"twitterCardType":"","cardImageID":0,"cardImage":"","cardTitle":"","cardDesc":"","cardImageAlt":"","cardPlayer":"","cardPlayerWidth":0,"cardPlayerHeight":0,"cardPlayerStream":"","cardPlayerCodec":"","footnotes":""},"categories":[7],"tags":[],"class_list":["post-2711","post","type-post","status-publish","format-standard","hentry","category-recenze"],"acf":{"related_products":null},"_links":{"self":[{"href":"https:\/\/www.luxor.cz\/blog\/wp-json\/wp\/v2\/posts\/2711","targetHints":{"allow":["GET"]}}],"collection":[{"href":"https:\/\/www.luxor.cz\/blog\/wp-json\/wp\/v2\/posts"}],"about":[{"href":"https:\/\/www.luxor.cz\/blog\/wp-json\/wp\/v2\/types\/post"}],"author":[{"embeddable":true,"href":"https:\/\/www.luxor.cz\/blog\/wp-json\/wp\/v2\/users\/2"}],"replies":[{"embeddable":true,"href":"https:\/\/www.luxor.cz\/blog\/wp-json\/wp\/v2\/comments?post=2711"}],"version-history":[{"count":0,"href":"https:\/\/www.luxor.cz\/blog\/wp-json\/wp\/v2\/posts\/2711\/revisions"}],"wp:attachment":[{"href":"https:\/\/www.luxor.cz\/blog\/wp-json\/wp\/v2\/media?parent=2711"}],"wp:term":[{"taxonomy":"category","embeddable":true,"href":"https:\/\/www.luxor.cz\/blog\/wp-json\/wp\/v2\/categories?post=2711"},{"taxonomy":"post_tag","embeddable":true,"href":"https:\/\/www.luxor.cz\/blog\/wp-json\/wp\/v2\/tags?post=2711"}],"curies":[{"name":"wp","href":"https:\/\/api.w.org\/{rel}","templated":true}]}}