{"id":2655,"date":"2014-10-22T18:01:00","date_gmt":"2014-10-22T16:01:00","guid":{"rendered":"https:\/\/www.luxor.cz\/blog\/nezarazene\/100-dni-a-pak-uz-nic\/"},"modified":"2023-01-06T16:13:55","modified_gmt":"2023-01-06T15:13:55","slug":"100-dni-a-pak-uz-nic-702","status":"publish","type":"post","link":"https:\/\/www.luxor.cz\/blog\/recenze\/100-dni-a-pak-uz-nic-702\/","title":{"rendered":"100 dn\u00ed a pak u\u017e nic"},"content":{"rendered":"<\/p>\n<p><i><span><\/span><\/i><\/p>\n<p><i><\/i><\/p>\n<\/p>\n<p><i><span><\/p>\n<p><\/span><\/i><\/p>\n<p><i><span>Sto dn\u00ed.<br \/><\/span><span style=\"line-height: 1.45em: background-color: initial:\">Na to jsem nepomyslel.<br \/><\/span><span style=\"line-height: 1.45em: background-color: initial:\">Nikdo na to nikdy nemyslel.<br \/><\/span><span style=\"line-height: 1.45em: background-color: initial:\">Co byste d\u011blali vy, kdyby v\u00e1m zb\u00fdvalo sto dn\u00ed do smrti? Pauza.<br \/><\/span><span style=\"line-height: 1.45em: background-color: initial:\">Opakuji ot\u00e1zku.<br \/><\/span><span style=\"line-height: 1.45em: background-color: initial:\">Co byste d\u011blali vy, kdyby v\u00e1m zb\u00fdvalo sto dn\u00ed do smrti?<\/span><\/i><\/p>\n<p>Sv\u016fj pohled na v\u011bc p\u0159in\u00e1\u0161\u00ed v knize <a href=\"http:\/\/neoluxor.cz\/beletrie\/100-dni-stesti--219014\/\" target=\"_blank\" rel=\"noopener\">100 dn\u00ed \u0161t\u011bst\u00ed<\/a><b> <\/b>italsk\u00fd autor, re\u017eis\u00e9r a sc\u00e9n\u00e1rista Fausto Brizzi. Hlavn\u00edm hrdinou ho\u0159k\u00e9ho a p\u0159itom \u00fasm\u011bvn\u00e9ho p\u0159\u00edb\u011bhu je Lucio Battistini, tren\u00e9r ve fitku pro d\u00e1my nejen XL rozm\u011br\u016f a kou\u010d dru\u017estva vodn\u00edch p\u00f3list\u016f, kte\u0159\u00ed bojuj\u00ed o p\u0159edposledn\u00ed m\u00edsto v tabulce nejni\u017e\u0161\u00ed sout\u011b\u017ee. Od prvn\u00edch \u0159\u00e1dk\u016f je jasn\u011b c\u00edtit, \u017ee p\u00ed\u0161e chlap o chlapovi, kter\u00fdm bu\u010fto je, anebo by cht\u011bl b\u00fdt. Lucio je sebev\u011bdom\u00fd, egoistick\u00fd, r\u00e1doby vtipn\u00fd, dobr\u00fd v tom, co d\u011bl\u00e1, alespo\u0148 si to mysl\u00ed, miluj\u00edc\u00ed man\u017eel a co na tom, \u017ee byl p\u00e1r m\u011bs\u00edc\u016f nev\u011brn\u00fd.<\/p>\n<p>Po\u010d\u00e1te\u010dn\u00ed \u0161ok Lucia z neodvratn\u00e9ho osudu nen\u00ed rozhodn\u011b o radosti, ale o pesimismu, pokusech o l\u00e9\u010dbu chemoterapi\u00ed, hled\u00e1n\u00ed alternativn\u00edch zp\u016fsob\u016f l\u00e9\u010dby, dlouh\u00fdch debat\u00e1ch s p\u0159\u00e1teli i o nal\u00e9z\u00e1n\u00ed nov\u00fdch naslouchaj\u00edc\u00edch du\u0161\u00ed v\u010detn\u011b psycholog\u016f. Dojde i na InterRail, tedy n\u011bco jako americk\u00fd road trip, kter\u00fd se v Evrop\u011b realizuje po \u017eeleznici. Banda osmn\u00e1ctilet\u00fdch kluk\u016f (zde pod sebejist\u00fdm n\u00e1zvem \u010dty\u0159i mu\u0161ket\u00fd\u0159i) vyrazila p\u0159ed mnoha lety vlakem nap\u0159\u00ed\u010d r\u016fzn\u00fdmi zem\u011bmi a dop\u0159\u00e1vala si jednove\u010dern\u00ed avant\u00fdry. Ve \u010dty\u0159iceti letech s nemoc\u00ed na jazyku se rozhodne stejn\u00e1 skupina akci zopakovat, aby si zavzpom\u00ednala a u\u017eila si naposledy spole\u010dnost nejlep\u0161\u00edch p\u0159\u00e1tel. Nakonec i tento v\u00fdlet uk\u00e1\u017ee na to, s k\u00fdm chce Lucio na sv\u00fdch cest\u00e1ch skute\u010dn\u011b b\u00fdt. Jako jedin\u00e9 d\u016fle\u017eit\u00e9 se ukazuje usm\u00ed\u0159en\u00ed se \u017eenou, resp. p\u0159esv\u011bd\u010dit ji, aby mu odpustila. \u00a0<\/p>\n<p>I p\u0159esto, \u017ee se podle hlavn\u00edho hrdiny jedn\u00e1 o sto dn\u00ed \u0161t\u011bst\u00ed, sp\u00ed\u0161e bych \u0159ekla, \u017ee uspokojen\u00ed p\u0159ich\u00e1z\u00ed a\u017e v posledn\u00edch dvaceti jedna dnech, kdy vyj\u00ed\u017ed\u00ed pouze s rodinou nap\u0159\u00ed\u010d It\u00e1li\u00ed. V\u0161e p\u0159edt\u00edm je o hled\u00e1n\u00ed toho, co je v \u017eivot\u011b d\u016fle\u017eit\u00e9. Ka\u017ed\u00fd z n\u00e1s m\u00e1 pr\u00e1v\u011b tyto hodnoty nastaveny jinak. Kniha si i p\u0159es smutn\u00e9 t\u00e9ma ponech\u00e1v\u00e1 humor a nadhled, kter\u00fd pom\u00e1h\u00e1 ud\u011blat z konce vym\u011b\u0159en\u00e9ho \u010dasu to, po \u010dem \u010dlov\u011bk tou\u017eil cel\u00fd \u017eivot.<\/p>\n<p>Prvn\u00ed rom\u00e1n tohoto italsk\u00e9ho autora p\u0159in\u00e1\u0161\u00ed na \u010desk\u00fd trh nakladatelstv\u00ed Fortuna Libri. D\u00e1my, p\u0159ipravte si kapesn\u00edky a vod\u011bodolnou \u0159asenku. \u00a0<\/p>\n<p><i>Ve v\u011bt\u0161in\u011b p\u0159\u00edpad\u016f si fakt v\u016fbec nep\u0159edstavuje\u0161, \u017ee pro\u017e\u00edv\u00e1\u0161 n\u011bjak\u00e9 naposledy. Vlastn\u011b pr\u00e1v\u011b to je na tom to kr\u00e1sn\u00e9. Nev\u011bd\u011bt. Pokud ale, jako v m\u00e9m p\u0159\u00edpad\u011b, moc dob\u0159e v\u00ed\u0161, kter\u00e1 jsou ta naposledy, pravidla se r\u00e1zem m\u011bn\u00ed. V\u0161echno dost\u00e1v\u00e1 jinou v\u00e1hu a d\u016fle\u017eitost.<\/i><\/p>\n<h2>Hodnocen\u00ed: 80 % <\/h2>\n<p>Autorka: Alena Bouchalov\u00e1<\/p>\n","protected":false},"excerpt":{"rendered":"<p>Kde za\u010d\u00edt a s \u010d\u00edm, kdy\u017e v\u00e1m posledn\u00ed z\u00e1vod odstartuje s\u00e9riov\u00fd vrah zodpov\u011bdn\u00fd ro\u010dn\u011b za t\u0159etinu \u00famrt\u00ed z\u00e1padn\u00edho sv\u011bta? C\u00edlem je nevyhnuteln\u011b smrt. Profil trati nen\u00ed zn\u00e1m, vytv\u00e1\u0159\u00edte si jej denn\u011b sami, ale na jeho zdol\u00e1n\u00ed m\u00e1te p\u0159esn\u011b 100 dn\u00ed.<\/p>\n","protected":false},"author":2,"featured_media":0,"comment_status":"open","ping_status":"open","sticky":false,"template":"","format":"standard","meta":{"_acf_changed":false,"_monsterinsights_skip_tracking":false,"_monsterinsights_sitenote_active":false,"_monsterinsights_sitenote_note":"","_monsterinsights_sitenote_category":0,"_EventAllDay":false,"_EventTimezone":"","_EventStartDate":"","_EventEndDate":"","_EventStartDateUTC":"","_EventEndDateUTC":"","_EventShowMap":false,"_EventShowMapLink":false,"_EventURL":"","_EventCost":"","_EventCostDescription":"","_EventCurrencySymbol":"","_EventCurrencyCode":"","_EventCurrencyPosition":"","_EventDateTimeSeparator":"","_EventTimeRangeSeparator":"","_EventOrganizerID":[],"_EventVenueID":[],"_OrganizerEmail":"","_OrganizerPhone":"","_OrganizerWebsite":"","_VenueAddress":"","_VenueCity":"","_VenueCountry":"","_VenueProvince":"","_VenueState":"","_VenueZip":"","_VenuePhone":"","_VenueURL":"","_VenueStateProvince":"","_VenueLat":"","_VenueLng":"","_VenueShowMap":false,"_VenueShowMapLink":false,"twitterCardType":"","cardImageID":0,"cardImage":"","cardTitle":"","cardDesc":"","cardImageAlt":"","cardPlayer":"","cardPlayerWidth":0,"cardPlayerHeight":0,"cardPlayerStream":"","cardPlayerCodec":"","footnotes":""},"categories":[7],"tags":[],"class_list":["post-2655","post","type-post","status-publish","format-standard","hentry","category-recenze"],"acf":{"related_products":null},"_links":{"self":[{"href":"https:\/\/www.luxor.cz\/blog\/wp-json\/wp\/v2\/posts\/2655","targetHints":{"allow":["GET"]}}],"collection":[{"href":"https:\/\/www.luxor.cz\/blog\/wp-json\/wp\/v2\/posts"}],"about":[{"href":"https:\/\/www.luxor.cz\/blog\/wp-json\/wp\/v2\/types\/post"}],"author":[{"embeddable":true,"href":"https:\/\/www.luxor.cz\/blog\/wp-json\/wp\/v2\/users\/2"}],"replies":[{"embeddable":true,"href":"https:\/\/www.luxor.cz\/blog\/wp-json\/wp\/v2\/comments?post=2655"}],"version-history":[{"count":0,"href":"https:\/\/www.luxor.cz\/blog\/wp-json\/wp\/v2\/posts\/2655\/revisions"}],"wp:attachment":[{"href":"https:\/\/www.luxor.cz\/blog\/wp-json\/wp\/v2\/media?parent=2655"}],"wp:term":[{"taxonomy":"category","embeddable":true,"href":"https:\/\/www.luxor.cz\/blog\/wp-json\/wp\/v2\/categories?post=2655"},{"taxonomy":"post_tag","embeddable":true,"href":"https:\/\/www.luxor.cz\/blog\/wp-json\/wp\/v2\/tags?post=2655"}],"curies":[{"name":"wp","href":"https:\/\/api.w.org\/{rel}","templated":true}]}}