{"id":2651,"date":"2014-09-26T15:24:00","date_gmt":"2014-09-26T13:24:00","guid":{"rendered":"https:\/\/www.luxor.cz\/blog\/nezarazene\/budeme-za-dvacet-let-konecne-letat\/"},"modified":"2023-01-06T16:14:17","modified_gmt":"2023-01-06T15:14:17","slug":"budeme-za-dvacet-let-konecne-letat-698","status":"publish","type":"post","link":"https:\/\/www.luxor.cz\/blog\/recenze\/budeme-za-dvacet-let-konecne-letat-698\/","title":{"rendered":"Budeme za dvacet let kone\u010dn\u011b l\u00e9tat?"},"content":{"rendered":"<\/p>\n<p><span><\/span><\/p>\n<\/p>\n<p><span>Podle Milana Vodi\u010dky je toti\u017e velmi pravd\u011bpodobn\u00e9, \u017ee nebude \u017e\u00e1dn\u00fd sad, ale vertik\u00e1ln\u00ed zahrada v\u00fd\u0161kov\u00e9 budovy n\u011bkde ve m\u011bst\u011b a m\u00edsto pe\u010dliv\u00e9 ru\u010dn\u00ed pr\u00e1ce za m\u011b v\u011bt\u0161inu d\u0159iny ud\u011blaj\u00ed automaty. Vid\u011bli jste n\u011bkdy dobov\u00e9 pohlednice, na kter\u00fdch si lid\u00e9 p\u0159edstavovali, jak bude vypadat rok 2000? <\/span><\/p>\n<p><span><\/span><\/p>\n<p align=\"center\">\n<\/p>\n<p><span>Tak \u00fapln\u011b to nevy\u0161lo, \u017ee?<\/span><\/p>\n<p>V ka\u017ed\u00e9m p\u0159\u00edpad\u011b, pust\u00edte-li se do \u010dten\u00ed, p\u0159edem upozor\u0148uji, ne\u010dekejte \u017e\u00e1dn\u00e9 dystopick\u00e9 vize budoucnosti, ve kter\u00fdch lidstvo p\u0159emohly stroje a posledn\u00ed zbytky civilizace se sjednocuj\u00ed k posledn\u00edmu boji za svobodu. Naopak se t\u011b\u0161te na zaj\u00edmav\u00e9 odhady, postaven\u00e9 na re\u00e1ln\u00fdch z\u00e1kladech.<\/p>\n<p>Tu\u0161ili jste nap\u0159\u00edklad, \u017ee za 20 let bude obyvatelstvo \u010din\u017e\u00e1ku tvo\u0159it u\u017e jen 18 % standardn\u00edch rodinn\u00fdch jednotek (t\u00e1ta, m\u00e1ma a dv\u011b d\u011bti)? M\u00edsto nich bude p\u0159ib\u00fdvat jedno\u010dlenn\u00fdch dom\u00e1cnost\u00ed. Budete t\u0159eba \u017e\u00edt s matkami sv\u00fdch d\u011bt\u00ed ka\u017ed\u00fd ve sv\u00e9m byt\u011b a \u010das od \u010dasu se nav\u0161t\u011bvovat. To nejsou v\u00fdmysly, ale oby\u010dejn\u00e1 statistika.<\/p>\n<p>Nebo, \u017ee a\u017e o 30 % klesne kriminalita mezi mlad\u00fdmi lidmi a naopak se o 10 % zv\u00fd\u0161\u00ed mezi seniory? Prost\u011b bude jich bude mnohem v\u00edc ne\u017e te\u010f! Tak\u017ee, a\u017e se va\u0161e babi\u010dka za\u010dne chovat podivn\u011b, bu\u010fte ve st\u0159ehu!<\/p>\n<p>Dvacet let nen\u00ed zas tak dlouh\u00e1 doba, abyste si nemohli v\u011bt\u0161inu p\u0159edpov\u011bd\u00ed sami na vlastn\u00ed k\u016f\u017ei ov\u011b\u0159it. Je dost mo\u017en\u00e9, \u017ee velk\u00e1 \u010d\u00e1st se jich vypln\u00ed. Na druhou stranu, jsou to jenom p\u0159edpov\u011bdi. Kdy\u017e si uv\u011bdom\u00edte, jak p\u0159esn\u00e1 je p\u0159edpov\u011b\u010f po\u010das\u00ed na m\u011bs\u00edc dop\u0159edu, v\u011b\u0159te potom p\u0159edpov\u011bdi v\u00fdvoje sv\u011bta na 20 let.<\/p>\n<p>Ka\u017edop\u00e1dn\u011b, pokud v\u00e1s zaj\u00edm\u00e1, co se u\u017e te\u010f d\u011bje a m\u00e1 \u0161anci se st\u00e1t v budoucnosti realitou, tuhle kn\u00ed\u017eku nesm\u00edte minout. Doporu\u010dil bych ji v\u0161em zv\u011bdavc\u016fm.<\/p>\n<p>A jako bonus si pus\u0165te video o tom, jak dne\u0161n\u00ed d\u011bti reaguj\u00ed na technologie, kter\u00e9 n\u00e1m p\u0159ed p\u00e1r lety p\u0159ipadly jako vrchol v\u00fdvoje modern\u00edho sv\u011bta.\u00a0<\/p>\n<p><\/p>\n<h2>Hodnocen\u00ed: 80 %<\/h2>\n<p>Autor: Petr Mach\u00e1\u010dek<\/p>\n<p>Zdroj obr\u00e1zku: Shiz.sk, CC\u00a0Alisa Perne<\/p>\n<p>K dispozici je i <a href=\"http:\/\/www.palmknihy.cz\/co-s-nami-bude.html?a_box=2aj48k8n\" target=\"_blank\" rel=\"noopener\">e-kniha<\/a>.<\/p><\/p>\n","protected":false},"excerpt":{"rendered":"<p>I to je jedna z ot\u00e1zek, kterou byste si mohli polo\u017eit, pokud by se v\u00e1m do ruky dostala nov\u00e1 kniha Milana Vodi\u010dky s n\u00e1zvem Co s n\u00e1mi bude?. Mo\u017en\u00e1 nebudeme l\u00e9tat, ale je celkem jist\u00e9, \u017ee sv\u011bt rozhodn\u011b nebude stejn\u00fd jako dnes. To, jak moc bude jin\u00fd, ovliv\u0148ujeme u\u017e nyn\u00ed. J\u00e1 si nap\u0159\u00edklad maluji svoji budoucnost v docela jasn\u00fdch barv\u00e1ch: po pro\u017eit\u00ed bohat\u00e9ho a \u00fa\u017easn\u00e9ho \u017eivota se odst\u011bhuji zp\u011bt do sv\u00e9ho rodn\u00e9ho m\u011bste\u010dka, obnov\u00edm rodinn\u00fd sad, kde budu p\u011bstovat ovoce a d\u011blat z n\u011bj marmel\u00e1dy. Ve skute\u010dnosti by to ale mohlo dopadnout \u00fapln\u011b jinak.<\/p>\n","protected":false},"author":2,"featured_media":0,"comment_status":"open","ping_status":"open","sticky":false,"template":"","format":"standard","meta":{"_acf_changed":false,"_monsterinsights_skip_tracking":false,"_monsterinsights_sitenote_active":false,"_monsterinsights_sitenote_note":"","_monsterinsights_sitenote_category":0,"_EventAllDay":false,"_EventTimezone":"","_EventStartDate":"","_EventEndDate":"","_EventStartDateUTC":"","_EventEndDateUTC":"","_EventShowMap":false,"_EventShowMapLink":false,"_EventURL":"","_EventCost":"","_EventCostDescription":"","_EventCurrencySymbol":"","_EventCurrencyCode":"","_EventCurrencyPosition":"","_EventDateTimeSeparator":"","_EventTimeRangeSeparator":"","_EventOrganizerID":[],"_EventVenueID":[],"_OrganizerEmail":"","_OrganizerPhone":"","_OrganizerWebsite":"","_VenueAddress":"","_VenueCity":"","_VenueCountry":"","_VenueProvince":"","_VenueState":"","_VenueZip":"","_VenuePhone":"","_VenueURL":"","_VenueStateProvince":"","_VenueLat":"","_VenueLng":"","_VenueShowMap":false,"_VenueShowMapLink":false,"twitterCardType":"","cardImageID":0,"cardImage":"","cardTitle":"","cardDesc":"","cardImageAlt":"","cardPlayer":"","cardPlayerWidth":0,"cardPlayerHeight":0,"cardPlayerStream":"","cardPlayerCodec":"","footnotes":""},"categories":[7],"tags":[],"class_list":["post-2651","post","type-post","status-publish","format-standard","hentry","category-recenze"],"acf":{"related_products":null},"_links":{"self":[{"href":"https:\/\/www.luxor.cz\/blog\/wp-json\/wp\/v2\/posts\/2651","targetHints":{"allow":["GET"]}}],"collection":[{"href":"https:\/\/www.luxor.cz\/blog\/wp-json\/wp\/v2\/posts"}],"about":[{"href":"https:\/\/www.luxor.cz\/blog\/wp-json\/wp\/v2\/types\/post"}],"author":[{"embeddable":true,"href":"https:\/\/www.luxor.cz\/blog\/wp-json\/wp\/v2\/users\/2"}],"replies":[{"embeddable":true,"href":"https:\/\/www.luxor.cz\/blog\/wp-json\/wp\/v2\/comments?post=2651"}],"version-history":[{"count":0,"href":"https:\/\/www.luxor.cz\/blog\/wp-json\/wp\/v2\/posts\/2651\/revisions"}],"wp:attachment":[{"href":"https:\/\/www.luxor.cz\/blog\/wp-json\/wp\/v2\/media?parent=2651"}],"wp:term":[{"taxonomy":"category","embeddable":true,"href":"https:\/\/www.luxor.cz\/blog\/wp-json\/wp\/v2\/categories?post=2651"},{"taxonomy":"post_tag","embeddable":true,"href":"https:\/\/www.luxor.cz\/blog\/wp-json\/wp\/v2\/tags?post=2651"}],"curies":[{"name":"wp","href":"https:\/\/api.w.org\/{rel}","templated":true}]}}