{"id":2647,"date":"2014-09-22T21:05:00","date_gmt":"2014-09-22T19:05:00","guid":{"rendered":"https:\/\/www.luxor.cz\/blog\/nezarazene\/ava-lavender-divka-ktera-ma-kridla\/"},"modified":"2023-01-06T16:14:17","modified_gmt":"2023-01-06T15:14:17","slug":"ava-lavender-divka-ktera-ma-kridla-693","status":"publish","type":"post","link":"https:\/\/www.luxor.cz\/blog\/recenze\/ava-lavender-divka-ktera-ma-kridla-693\/","title":{"rendered":"Ava Lavender, d\u00edvka, kter\u00e1 m\u00e1 k\u0159\u00eddla"},"content":{"rendered":"<\/p>\n<p><span><\/p>\n<p><\/span><\/p>\n<p><span>Celou knihou n\u00e1s prov\u00e1z\u00ed Ava, kter\u00e1 vzpom\u00edn\u00e1 na sv\u00e9 d\u011btstv\u00ed a pomalu prozrazuje, jak to bylo nejen s n\u00ed, ale i s histori\u00ed jej\u00ed rodiny. Americk\u00fd sen zl\u00e1kal babi\u010d\u010dinu rodinu natolik, \u017ee se ze slunn\u00e9ho francouzsk\u00e9ho venkova p\u0159est\u011bhovala na Manhattan. Jen\u017ee Amerika nen\u00ed tak kr\u00e1sn\u00e9 a bezpe\u010dn\u00e9 m\u00edsto, jak si Rouxovi zprvu mysleli. \u0160t\u011bst\u00ed st\u0159\u00edd\u00e1 ne\u0161t\u011bst\u00ed a my se n\u00e1hle s Avou ocit\u00e1me v Seattlu, na m\u00edst\u011b, kde se narodila. Ze za\u010d\u00e1tku sledujeme p\u0159edev\u0161\u00edm osudy jej\u00edch p\u0159edk\u016f, ale nebojte se, Avy a vypr\u00e1v\u011bn\u00ed o tom, jak to bylo s jej\u00edmi k\u0159\u00eddly, se do\u010dk\u00e1me tak\u00e9.<\/span><\/p>\n<p>Poh\u00e1dka, rom\u00e1n, b\u00e1je? Tato kniha m\u00e1 od v\u0161eho trochu. Na prvn\u00ed pohled by mnoz\u00ed \u010dekali n\u011bco veskrze romantick\u00e9ho, kde se hlavn\u00ed hrdinka sou\u017e\u00ed l\u00e1skou k n\u011bjak\u00e9mu kr\u00e1sn\u00e9mu hlavn\u00edmu hrdinovi. Ne, je to \u00fapln\u011b jinak. To, co od knihy budete \u010dekat, se v\u00e1m vr\u00e1t\u00ed v jin\u00e9 a mnohem lep\u0161\u00ed podob\u011b. N\u00e1zev napov\u00edd\u00e1, \u017ee p\u016fjde o p\u0159\u00edb\u011bh p\u0159edev\u0161\u00edm \u201ckr\u00e1sn\u00fd\u201d. Sv\u00fdm zp\u016fsobem je, ale do\u010dk\u00e1te se i moment\u016f, kdy budete smutn\u011b a bolestn\u011b k\u0159ivit svaly v obli\u010deji a na vlastn\u00ed k\u016f\u017ei pozn\u00e1te to sou\u017een\u00ed, o kter\u00e9m Ava vypr\u00e1v\u00ed&#8230;<\/p>\n<p>Kouzlo t\u00e9to knihy je pr\u00e1v\u011b v onom momentu p\u0159ekvapen\u00ed. V\u0161e nakonec dopadne p\u0159esn\u011b tak, jak byste ne\u010dekali. Zvraty se d\u011bj\u00ed ve spr\u00e1vn\u00fd \u010das, na spr\u00e1vn\u00fdch m\u00edstech a p\u0159\u00edb\u011bh v\u00e1s udr\u017e\u00ed ve st\u0159ehu. Sama jsem se nachytala nad tou zn\u00e1mou v\u011btou \u201eJe\u0161t\u011b jednu kapitolu, a pak p\u016fjdu sp\u00e1t.\u201d No, v\u00edte, jak to v\u011bt\u0161inou kon\u010d\u00ed&#8230; a taky to tak skon\u010dilo. Knihu jsem necht\u011bla d\u00e1t z ruky a nap\u00ednala m\u011b od za\u010d\u00e1tku a\u017e do konce. Ur\u010dit\u011b si te\u010f \u0159\u00edk\u00e1te, jestli to n\u00e1hodou nen\u00ed zase jen pro mlad\u00e9 holky, ale Ava jist\u011b uchv\u00e1t\u00ed i dosp\u011blej\u0161\u00ed \u010dten\u00e1\u0159e a uvid\u00edte, jak si v\u00e1s tento podivuhodn\u00fd a kr\u00e1sn\u00fd p\u0159\u00edb\u011bh podman\u00ed.<\/p>\n<h2>Hodnocen\u00ed: 95 %<\/h2>\n<p>Autorka:\u00a0Madeleine Fehrensov\u00e1<\/p>\n","protected":false},"excerpt":{"rendered":"<p>Ava Lavender je na prvn\u00ed pohled oby\u010dejn\u00e9 d\u011bv\u010de. Vlastn\u011b ne tak docela. N\u011bkdo ji pova\u017euje za m\u00fdtus \u010di v\u00fdmysl sv\u00e9 fantazie, ale jedno se pop\u0159\u00edt ned\u00e1. Ava m\u00e1 k\u0159\u00eddla. A vy m\u00e1te jedine\u010dnou mo\u017enost Avinu anom\u00e1lii pochopit. Poj\u010fte se pono\u0159it do jej\u00edho podivuhodn\u00e9ho, smutn\u00e9ho, ale i kr\u00e1sn\u00e9ho pov\u00edd\u00e1n\u00ed o tom, jak to s n\u00ed doopravdy bylo.<\/p>\n","protected":false},"author":2,"featured_media":0,"comment_status":"open","ping_status":"open","sticky":false,"template":"","format":"standard","meta":{"_acf_changed":false,"_monsterinsights_skip_tracking":false,"_monsterinsights_sitenote_active":false,"_monsterinsights_sitenote_note":"","_monsterinsights_sitenote_category":0,"_EventAllDay":false,"_EventTimezone":"","_EventStartDate":"","_EventEndDate":"","_EventStartDateUTC":"","_EventEndDateUTC":"","_EventShowMap":false,"_EventShowMapLink":false,"_EventURL":"","_EventCost":"","_EventCostDescription":"","_EventCurrencySymbol":"","_EventCurrencyCode":"","_EventCurrencyPosition":"","_EventDateTimeSeparator":"","_EventTimeRangeSeparator":"","_EventOrganizerID":[],"_EventVenueID":[],"_OrganizerEmail":"","_OrganizerPhone":"","_OrganizerWebsite":"","_VenueAddress":"","_VenueCity":"","_VenueCountry":"","_VenueProvince":"","_VenueState":"","_VenueZip":"","_VenuePhone":"","_VenueURL":"","_VenueStateProvince":"","_VenueLat":"","_VenueLng":"","_VenueShowMap":false,"_VenueShowMapLink":false,"twitterCardType":"","cardImageID":0,"cardImage":"","cardTitle":"","cardDesc":"","cardImageAlt":"","cardPlayer":"","cardPlayerWidth":0,"cardPlayerHeight":0,"cardPlayerStream":"","cardPlayerCodec":"","footnotes":""},"categories":[7],"tags":[],"class_list":["post-2647","post","type-post","status-publish","format-standard","hentry","category-recenze"],"acf":{"related_products":null},"_links":{"self":[{"href":"https:\/\/www.luxor.cz\/blog\/wp-json\/wp\/v2\/posts\/2647","targetHints":{"allow":["GET"]}}],"collection":[{"href":"https:\/\/www.luxor.cz\/blog\/wp-json\/wp\/v2\/posts"}],"about":[{"href":"https:\/\/www.luxor.cz\/blog\/wp-json\/wp\/v2\/types\/post"}],"author":[{"embeddable":true,"href":"https:\/\/www.luxor.cz\/blog\/wp-json\/wp\/v2\/users\/2"}],"replies":[{"embeddable":true,"href":"https:\/\/www.luxor.cz\/blog\/wp-json\/wp\/v2\/comments?post=2647"}],"version-history":[{"count":0,"href":"https:\/\/www.luxor.cz\/blog\/wp-json\/wp\/v2\/posts\/2647\/revisions"}],"wp:attachment":[{"href":"https:\/\/www.luxor.cz\/blog\/wp-json\/wp\/v2\/media?parent=2647"}],"wp:term":[{"taxonomy":"category","embeddable":true,"href":"https:\/\/www.luxor.cz\/blog\/wp-json\/wp\/v2\/categories?post=2647"},{"taxonomy":"post_tag","embeddable":true,"href":"https:\/\/www.luxor.cz\/blog\/wp-json\/wp\/v2\/tags?post=2647"}],"curies":[{"name":"wp","href":"https:\/\/api.w.org\/{rel}","templated":true}]}}