{"id":2641,"date":"2014-09-18T12:08:00","date_gmt":"2014-09-18T10:08:00","guid":{"rendered":"https:\/\/www.luxor.cz\/blog\/nezarazene\/jsem-christine-a-zitra-si-na-vas-nevzpomenu\/"},"modified":"2023-01-06T16:14:17","modified_gmt":"2023-01-06T15:14:17","slug":"jsem-christine-a-zitra-si-na-vas-nevzpomenu-686","status":"publish","type":"post","link":"https:\/\/www.luxor.cz\/blog\/nezarazene\/jsem-christine-a-zitra-si-na-vas-nevzpomenu-686\/","title":{"rendered":"Jsem Christine a z\u00edtra si na v\u00e1s nevzpomenu"},"content":{"rendered":"<\/p>\n<p><span><\/p>\n<p><\/span><\/p>\n<p><span>Christine Lucasov\u00e1 se ka\u017ed\u00e9 r\u00e1no probouz\u00ed ve sv\u00e9 posteli, jen\u017ee v n\u00ed nen\u00ed ke sv\u00e9mu zd\u011b\u0161en\u00ed sama. Vedle n\u00ed le\u017e\u00ed mu\u017e, kter\u00fd tvrd\u00ed, \u017ee je jej\u00edm man\u017eelem, a ona si na n\u011bj jen nevzpom\u00edn\u00e1. Po autonehod\u011b ztratila pam\u011b\u0165 a poka\u017ed\u00e9, kdy\u017e jde sp\u00e1t, dojde k pomysln\u00e9mu \u201crestartu\u201d jej\u00ed pam\u011bti. Ka\u017ed\u00fd den se tak znovu dozv\u00edd\u00e1, co se stalo a jak se od t\u00e9 doby vyv\u00edjel jej\u00ed \u017eivot.<\/span><\/p>\n<p><i>\u201eA\u017e budu v noci sp\u00e1t, z m\u00e9 mysli se vyma\u017ee v\u0161echno, co v\u00edm dnes. V\u0161echno, co jsem dnes d\u011blala. Z\u00edtra se probud\u00edm, stejn\u011b jako jsem se probudila dneska. Budu si myslet, \u017ee jsem je\u0161t\u011b d\u00edt\u011b. \u017de m\u00e1m dosud cel\u00fd \u017eivot p\u0159ed sebou.\u201c<\/i><\/p>\n<p>Kdy\u017e se j\u00ed ozve doktor Nash, navrhne Christine, aby si za\u010dala ps\u00e1t den\u00edk. Je jen jedna vcelku zvl\u00e1\u0161tn\u00ed podm\u00ednka &#8211; man\u017eel o n\u011bm nesm\u00ed v\u011bd\u011bt. A\u010dkoliv se to Christine zd\u00e1 pon\u011bkud zvl\u00e1\u0161tn\u00ed, postupn\u011b za\u010dne p\u0159ich\u00e1zet na to, \u017ee nen\u00ed v\u0161e tak, jak se na prvn\u00ed pohled zd\u00e1lo. Jej\u00ed mu\u017e j\u00ed ne\u0159\u00edk\u00e1 \u00faplnou pravdu a nast\u00e1v\u00e1 chv\u00edle, kdy mus\u00ed zjistit, pro\u010d tomu tak je. Mohlo by j\u00ed snad hrozit n\u011bjak\u00e9 nebezpe\u010d\u00ed?<\/p>\n<p>Kniha vy\u0161la v roce 2011 a hned zaznamenala velk\u00fd \u00fasp\u011bch. V sou\u010dasn\u00e9 dob\u011b vych\u00e1z\u00ed ve v\u00edce ne\u017e 40 zem\u00edch a do kin jde od 18. z\u00e1\u0159\u00ed filmov\u00e1 adaptace.<\/p>\n<p><\/p>\n<p>Kdy\u017e v kv\u011btnu 2011 zakoupil filmov\u00e1 pr\u00e1va Ridley Scott, kter\u00fd re\u017e\u00edroval zn\u00e1m\u00e9 filmy jako je <i>Vet\u0159elec<\/i>, <i>Hannibal<\/i> nebo <i>Gladi\u00e1tor<\/i>, bylo jasn\u00e9, \u017ee se filmov\u00ed fanou\u0161ci maj\u00ed na co t\u011b\u0161it. Sc\u00e9n\u00e1\u0159 a re\u017eii sv\u011b\u0159il Rowanu Joff\u00e9mu, kter\u00fd u\u017e m\u00e1 zku\u0161enosti z film\u016f <i>The Last Resort<\/i> a <i>Gas Attack<\/i>, za kter\u00e9 vyhr\u00e1l cenu <i>Best New British Feature Award<\/i>.<\/p>\n<p>V roce 2012 z\u00edskal Rowan Joff\u00e9 pro hlavn\u00ed roli Christine here\u010dku Nicol Kidman, kter\u00e1 navrhla Colina Firtha (se kter\u00fdm ji\u017e spolupracovala na filmu <i>Koleje osudu<\/i>) pro roli sv\u00e9ho man\u017eela Bena. V tom sam\u00e9m roce se sou\u010d\u00e1st\u00ed filmu stal tak\u00e9 herec Mark Strong, kter\u00fd hr\u00e1l nap\u0159\u00edklad ve filmech <i>Hv\u011bzdn\u00fd prach<\/i>, <i>Labyrint l\u017e\u00ed<\/i>, <i>Kick-Ass<\/i> nebo <i>Jeden mus\u00ed z kola ven<\/i>.<\/p>\n<h2>O autorovi<\/h2>\n<p>S. J. Watson se narodil v Midlands a p\u016fvodn\u011b studoval fyziku na Birminghamsk\u00e9 univerzit\u011b. Pot\u00e9 se p\u0159est\u011bhoval do Lond\u00fdna, kde \u017eije i v sou\u010dasn\u00e9 dob\u011b. \u00a0Pracoval v r\u016fzn\u00fdch nemocnic\u00edch a jeho specializac\u00ed byla zejm\u00e9na audiologie. Ve sv\u00e9m voln\u00e9m \u010dase se v\u011bnoval psan\u00ed a v roce 2009 byl p\u0159ijat do kurzu Writing a Novel na Faberov\u011b akademii. D\u00edky tomuto kurzu vznikla kniha <a href=\"http:\/\/neoluxor.cz\/beletrie\/driv-nez-pujdu-spat--216972\/\" target=\"_blank\" rel=\"noopener\">D\u0159\u00edv ne\u017e p\u016fjdu sp\u00e1t<\/a>.<\/p>\n<p>Na jaro 2015 je ohl\u00e1\u0161ena autorova dal\u0161\u00ed kniha s n\u00e1zvem <i>The Second Life<\/i>. Podle posledn\u00edch zpr\u00e1v by se m\u011blo jednat o v\u00edcevrstv\u00fd psychologick\u00fd thriller, kter\u00fd nebude ochuzen o ne\u010dekan\u00e9 zvraty.<\/p>\n<p>Jak se povedlo adaptovat tento netradi\u010dn\u00ed a poutav\u00fd thriller, se m\u016f\u017eeme p\u0159esv\u011bd\u010dit ji\u017e 18. z\u00e1\u0159\u00ed 2014, kdy m\u00e1 film premi\u00e9ru v \u010desk\u00fdch kinech.<\/p>\n<p>Zdroje: Wikipedia.org, Csfd.cz, Sj-watson.blogspot.cz, Sjwatson-books.com<\/p>\n<p>Autorka: Ema Krhovsk\u00e1<\/p>\n","protected":false},"excerpt":{"rendered":"<p>P\u0159edstavte si, \u017ee ka\u017ed\u00fd ve\u010der uleh\u00e1te s my\u0161lenkou, \u017ee si r\u00e1no nebudete nic pamatovat. Znovu za\u010dne kolob\u011bh p\u0159ipom\u00edn\u00e1n\u00ed v\u0161ech p\u011bkn\u00fdch chvil, u\u010den\u00ed se o va\u0161em nov\u00e9m \u017eivot\u011b a man\u017eelstv\u00ed. Je\u0161t\u011b \u017ee m\u00e1te alespo\u0148 man\u017eela, kter\u00fd se o v\u00e1s tak l\u00e1skypln\u011b a pe\u010dliv\u011b star\u00e1\u2026<\/p>\n","protected":false},"author":2,"featured_media":0,"comment_status":"open","ping_status":"open","sticky":false,"template":"","format":"standard","meta":{"_acf_changed":false,"_monsterinsights_skip_tracking":false,"_monsterinsights_sitenote_active":false,"_monsterinsights_sitenote_note":"","_monsterinsights_sitenote_category":0,"_EventAllDay":false,"_EventTimezone":"","_EventStartDate":"","_EventEndDate":"","_EventStartDateUTC":"","_EventEndDateUTC":"","_EventShowMap":false,"_EventShowMapLink":false,"_EventURL":"","_EventCost":"","_EventCostDescription":"","_EventCurrencySymbol":"","_EventCurrencyCode":"","_EventCurrencyPosition":"","_EventDateTimeSeparator":"","_EventTimeRangeSeparator":"","_EventOrganizerID":[],"_EventVenueID":[],"_OrganizerEmail":"","_OrganizerPhone":"","_OrganizerWebsite":"","_VenueAddress":"","_VenueCity":"","_VenueCountry":"","_VenueProvince":"","_VenueState":"","_VenueZip":"","_VenuePhone":"","_VenueURL":"","_VenueStateProvince":"","_VenueLat":"","_VenueLng":"","_VenueShowMap":false,"_VenueShowMapLink":false,"twitterCardType":"","cardImageID":0,"cardImage":"","cardTitle":"","cardDesc":"","cardImageAlt":"","cardPlayer":"","cardPlayerWidth":0,"cardPlayerHeight":0,"cardPlayerStream":"","cardPlayerCodec":"","footnotes":""},"categories":[1],"tags":[],"class_list":["post-2641","post","type-post","status-publish","format-standard","hentry","category-nezarazene"],"acf":{"related_products":null},"_links":{"self":[{"href":"https:\/\/www.luxor.cz\/blog\/wp-json\/wp\/v2\/posts\/2641","targetHints":{"allow":["GET"]}}],"collection":[{"href":"https:\/\/www.luxor.cz\/blog\/wp-json\/wp\/v2\/posts"}],"about":[{"href":"https:\/\/www.luxor.cz\/blog\/wp-json\/wp\/v2\/types\/post"}],"author":[{"embeddable":true,"href":"https:\/\/www.luxor.cz\/blog\/wp-json\/wp\/v2\/users\/2"}],"replies":[{"embeddable":true,"href":"https:\/\/www.luxor.cz\/blog\/wp-json\/wp\/v2\/comments?post=2641"}],"version-history":[{"count":0,"href":"https:\/\/www.luxor.cz\/blog\/wp-json\/wp\/v2\/posts\/2641\/revisions"}],"wp:attachment":[{"href":"https:\/\/www.luxor.cz\/blog\/wp-json\/wp\/v2\/media?parent=2641"}],"wp:term":[{"taxonomy":"category","embeddable":true,"href":"https:\/\/www.luxor.cz\/blog\/wp-json\/wp\/v2\/categories?post=2641"},{"taxonomy":"post_tag","embeddable":true,"href":"https:\/\/www.luxor.cz\/blog\/wp-json\/wp\/v2\/tags?post=2641"}],"curies":[{"name":"wp","href":"https:\/\/api.w.org\/{rel}","templated":true}]}}