{"id":2638,"date":"2014-09-17T18:13:00","date_gmt":"2014-09-17T16:13:00","guid":{"rendered":"https:\/\/www.luxor.cz\/blog\/nezarazene\/v-darci-jsou-ukryty-vzpominky-na-lidskost\/"},"modified":"2023-01-06T16:14:17","modified_gmt":"2023-01-06T15:14:17","slug":"v-darci-jsou-ukryty-vzpominky-na-lidskost-683","status":"publish","type":"post","link":"https:\/\/www.luxor.cz\/blog\/recenze\/v-darci-jsou-ukryty-vzpominky-na-lidskost-683\/","title":{"rendered":"V D\u00e1rci jsou ukryty vzpom\u00ednky na lidskost"},"content":{"rendered":"<\/p>\n<p><span><\/span><\/p>\n<\/p>\n<p><span>Kniha je poka\u017ed\u00e9 trochu jin\u00e1 ne\u017e film a <a href=\"http:\/\/neoluxor.cz\/detske\/darce--195467\/\" target=\"_blank\" rel=\"noopener\">D\u00e1rce<\/a> toto pravidlo potvrzuje. Hlavn\u00ed postavou je Jonas, dvan\u00e1ctilet\u00fd chlapec, kter\u00fd je z okoln\u00edho sv\u011bta trochu zmaten\u00fd. Ob\u010das m\u00e1 pocit, \u017ee vid\u00ed v\u011bci, kter\u00e9 jin\u00ed nevn\u00edmaj\u00ed a kter\u00e9 on s\u00e1m nedok\u00e1\u017ee pojmenovat. T\u00ed\u017e\u00ed ho i bl\u00ed\u017e\u00edc\u00ed se slavnost, p\u0159i kter\u00e9 se z jeden\u00e1ctky stane dvan\u00e1ctkou a dostane sv\u00e9 za\u0159azen\u00ed. S\u00e1m nev\u00ed, kam by cht\u011bl pat\u0159it. Pracovat s novod\u011btmi jako jeho otec, nebo se star\u00fdmi, m\u00edt na starosti rekrea\u010dn\u00ed aktivity, b\u00fdt d\u011bln\u00edkem? V\u016fbec netu\u0161\u00ed, kam ho rada star\u0161\u00edch za\u0159ad\u00ed. A pak se stane n\u011bco neo\u010dek\u00e1van\u00e9ho pro cel\u00e9 spole\u010denstv\u00ed. Jonas se st\u00e1v\u00e1 nov\u00fdm p\u0159\u00edjemcem pam\u011bti a \u017eivot se mu nadobro zm\u011bn\u00ed.<\/span><\/p>\n<p>Dosavadn\u00ed p\u0159\u00edjemce se st\u00e1v\u00e1 D\u00e1rcem a Jonas se seznamuje se vzpom\u00ednkami na sv\u011bt minul\u00fd, kter\u00fd vypadal \u00fapln\u011b jinak ne\u017e ten, ve kter\u00e9m \u017eije te\u010f. Nejen krajina, po\u010das\u00ed, barvy, ale i spole\u010dnost je jin\u00e1. Sou\u010dasn\u00e9 p\u0159edur\u010den\u00ed k \u017eivotn\u00edmu za\u0159azen\u00ed neexistovalo a Jonas si za\u010d\u00edn\u00e1 uv\u011bdomovat, \u017ee je v jeho sv\u011bt\u011b n\u011bco \u0161patn\u011b. Netu\u0161\u00ed ale, jak ostatn\u00edm uk\u00e1zat, \u017ee jednota a jednotv\u00e1rnost nen\u00ed ten spr\u00e1vn\u00fd zp\u016fsob \u017eivota. Jeho nov\u00e9 postaven\u00ed mu d\u00e1v\u00e1 \u0161anci n\u011bco zm\u011bnit, ale pl\u00e1n, kter\u00fd vytvo\u0159il spole\u010dn\u011b s D\u00e1rcem, p\u0159ekaz\u00ed jedin\u00fd pohled do o\u010d\u00ed novod\u00edt\u011bte Gabriela. Jonas ch\u00e1pe, \u017ee u\u017e nen\u00ed cesty zp\u011bt. Bez rozlou\u010den\u00ed se vyd\u00e1v\u00e1 pry\u010d, aby se jeho sv\u011bt dozv\u011bd\u011bl to, co on d\u00edky nov\u011b nabyt\u00fdm vzpom\u00ednk\u00e1m u\u017e v\u00ed.<\/p>\n<p><\/p>\n<p>Autorka Lois Lowryov\u00e1 vytvo\u0159ila ve sv\u00e9 knize sv\u011bt sice kr\u00e1sn\u00fd, ale \u010dernob\u00edl\u00fd. V\u0161echno je pravideln\u00e9, jednoduch\u00e9, bez emoc\u00ed, jednota a p\u0159esn\u00e9 vyjad\u0159ov\u00e1n\u00ed je pova\u017eov\u00e1no za standard. Cel\u00e9 spole\u010denstv\u00ed se \u0159\u00edd\u00ed od d\u011btstv\u00ed pravidly a jejich poru\u0161ov\u00e1n\u00ed je trest\u00e1no. Nikdo se nad takov\u00fdm uspo\u0159\u00e1d\u00e1n\u00edm nepozastavuje, nikdo nel\u017ee, v\u0161ichni spole\u010dn\u011b sd\u00edlej\u00ed sv\u00e9 pocity a sny a potla\u010duj\u00ed touhy a pudy. Od novod\u00edt\u011bte m\u00e1 ka\u017ed\u00fd p\u0159esn\u011b napl\u00e1novanou budoucnost. A nejen kv\u016fli tomu se Jonas rozhodne postavit syst\u00e9mu.<\/p>\n<p>Po p\u0159e\u010dten\u00ed knihy jsem m\u011bla trochu obavy, jak cel\u00fd p\u0159\u00edb\u011bh tv\u016frci p\u0159evedou na filmov\u00e9 pl\u00e1tno. U\u017e podle uk\u00e1zek bylo toti\u017e jasn\u00e9, \u017ee se bude oboj\u00ed li\u0161it. Nejv\u011bt\u0161\u00ed strach jsem m\u011bla z pojet\u00ed sv\u011bta, ve kter\u00e9m se d\u011bj odehr\u00e1v\u00e1, ale na\u0161t\u011bst\u00ed zbyte\u010dn\u011b. Jen bych sama za sebe asi \u0159ekla, \u017ee filmov\u00fd <i>D\u00e1rce<\/i> nen\u00ed vylo\u017een\u011b adaptac\u00ed knihy, sp\u00ed\u0161e v n\u00ed jen hled\u00e1 inspiraci. Krom\u011b n\u00e1zv\u016f, jmen postav a hlavn\u00ed linie se od p\u016fvodn\u00edho p\u0159\u00edb\u011bhu v\u00fdrazn\u011b vzd\u00e1lil.<\/p>\n<p>Filmov\u00fd Jonas je \u0161estn\u00e1ctilet\u00fd chlapec, kter\u00fd sv\u016fj \u017eivot tr\u00e1v\u00ed se sv\u00fdmi stejn\u011b star\u00fdmi kamar\u00e1dy Asherem a Fionou. Jeho zvolen\u00ed p\u0159\u00edjemcem pam\u011bti lidstva je pro n\u011bho jak\u00fdmsi vysvobozen\u00edm z nejistoty, z\u00e1rove\u0148 si v\u0161ak uv\u011bdomuje, v jak\u00e9 nev\u011bdomosti jeho spole\u010denstv\u00ed \u017eije. Filma\u0159i do zna\u010dn\u00e9 m\u00edry pozm\u011bnili d\u011bj i z\u00e1sadn\u00ed fakta. M\u00edsto pilulek jsou tu injekce, genetick\u00e1 anom\u00e1lie barvy o\u010d\u00ed je nahrazena znam\u00ednkem, Asher i Fiona jsou za\u0159azeni do jin\u00fdch sekc\u00ed a spac\u00ed pom\u016fcky jsou m\u00fdtick\u00fdmi bytostmi se \u0161patn\u00fdm druhov\u00fdm ur\u010den\u00edm. Nov\u011b se jako jedna z hlavn\u00edch postav objevuje \u017eena, kter\u00e1 v\u0161echna spole\u010denstv\u00ed \u0159\u00edd\u00ed \u2013 vedouc\u00ed Star\u0161\u00edch.<\/p>\n<p>P\u0159esto\u017ee se film tolik li\u0161\u00ed, hlavn\u00ed pointa knihy na\u0161t\u011bst\u00ed z\u016fst\u00e1v\u00e1. Hereck\u00e9 obsazen\u00ed je skv\u011bl\u00e9, p\u0159edev\u0161\u00edm hlavn\u00ed postavy sv\u00fdm v\u00fdkonem p\u0159ed\u010dily m\u00e1 o\u010dek\u00e1v\u00e1n\u00ed. A\u0165 u\u017e \u0161lo o zn\u00e1m\u00e9 tv\u00e1\u0159e (Meryl Streep, Katie Holmes, Jeff Bridges) nebo nov\u00e1\u010dky (Brenton Thwaites, Odeya Rush, Emma Tremblay), v\u0161ichni se sv\u00fdch rol\u00ed zhostili natolik dob\u0159e, \u017ee jim skute\u010dn\u011b uv\u011b\u0159\u00edte sv\u011bt, ve kter\u00e9m \u017eij\u00ed.<\/p>\n<p>Osobn\u011b jsem si film opravdu u\u017eila a mysl\u00edm, \u017ee stoj\u00ed za to. Trouf\u00e1m si i \u0159\u00edci, \u017ee jak kniha tak film se za\u0159ad\u00ed k t\u011bm, ke kter\u00fdm se s chut\u00ed znovu vr\u00e1t\u00edm. <\/p>\n<h2>Hodnocen\u00ed knihy: 95 %<br \/>Hodnocen\u00ed filmu: 85 %<\/h2>\n<p>Autorka: Krist\u00fdna Pek\u00e1rkov\u00e1<\/p>\n","protected":false},"excerpt":{"rendered":"<p>S filmov\u00fdmi adaptacemi knih se roztrhl pytel. Jednou z nich je i D\u00e1rce. Film podle knihy, kter\u00e1 poprv\u00e9 vy\u0161la u\u017e v roce 1993. Stoj\u00ed tenhle p\u0159\u00edb\u011bh za pozornost?<\/p>\n","protected":false},"author":2,"featured_media":0,"comment_status":"open","ping_status":"open","sticky":false,"template":"","format":"standard","meta":{"_acf_changed":false,"_monsterinsights_skip_tracking":false,"_monsterinsights_sitenote_active":false,"_monsterinsights_sitenote_note":"","_monsterinsights_sitenote_category":0,"_EventAllDay":false,"_EventTimezone":"","_EventStartDate":"","_EventEndDate":"","_EventStartDateUTC":"","_EventEndDateUTC":"","_EventShowMap":false,"_EventShowMapLink":false,"_EventURL":"","_EventCost":"","_EventCostDescription":"","_EventCurrencySymbol":"","_EventCurrencyCode":"","_EventCurrencyPosition":"","_EventDateTimeSeparator":"","_EventTimeRangeSeparator":"","_EventOrganizerID":[],"_EventVenueID":[],"_OrganizerEmail":"","_OrganizerPhone":"","_OrganizerWebsite":"","_VenueAddress":"","_VenueCity":"","_VenueCountry":"","_VenueProvince":"","_VenueState":"","_VenueZip":"","_VenuePhone":"","_VenueURL":"","_VenueStateProvince":"","_VenueLat":"","_VenueLng":"","_VenueShowMap":false,"_VenueShowMapLink":false,"twitterCardType":"","cardImageID":0,"cardImage":"","cardTitle":"","cardDesc":"","cardImageAlt":"","cardPlayer":"","cardPlayerWidth":0,"cardPlayerHeight":0,"cardPlayerStream":"","cardPlayerCodec":"","footnotes":""},"categories":[7],"tags":[],"class_list":["post-2638","post","type-post","status-publish","format-standard","hentry","category-recenze"],"acf":{"related_products":null},"_links":{"self":[{"href":"https:\/\/www.luxor.cz\/blog\/wp-json\/wp\/v2\/posts\/2638","targetHints":{"allow":["GET"]}}],"collection":[{"href":"https:\/\/www.luxor.cz\/blog\/wp-json\/wp\/v2\/posts"}],"about":[{"href":"https:\/\/www.luxor.cz\/blog\/wp-json\/wp\/v2\/types\/post"}],"author":[{"embeddable":true,"href":"https:\/\/www.luxor.cz\/blog\/wp-json\/wp\/v2\/users\/2"}],"replies":[{"embeddable":true,"href":"https:\/\/www.luxor.cz\/blog\/wp-json\/wp\/v2\/comments?post=2638"}],"version-history":[{"count":0,"href":"https:\/\/www.luxor.cz\/blog\/wp-json\/wp\/v2\/posts\/2638\/revisions"}],"wp:attachment":[{"href":"https:\/\/www.luxor.cz\/blog\/wp-json\/wp\/v2\/media?parent=2638"}],"wp:term":[{"taxonomy":"category","embeddable":true,"href":"https:\/\/www.luxor.cz\/blog\/wp-json\/wp\/v2\/categories?post=2638"},{"taxonomy":"post_tag","embeddable":true,"href":"https:\/\/www.luxor.cz\/blog\/wp-json\/wp\/v2\/tags?post=2638"}],"curies":[{"name":"wp","href":"https:\/\/api.w.org\/{rel}","templated":true}]}}