{"id":2637,"date":"2014-10-07T20:35:00","date_gmt":"2014-10-07T18:35:00","guid":{"rendered":"https:\/\/www.luxor.cz\/blog\/nezarazene\/co-ceka-na-konci-aleje\/"},"modified":"2023-01-06T16:14:07","modified_gmt":"2023-01-06T15:14:07","slug":"co-ceka-na-konci-aleje-682","status":"publish","type":"post","link":"https:\/\/www.luxor.cz\/blog\/recenze\/co-ceka-na-konci-aleje-682\/","title":{"rendered":"Co \u010dek\u00e1 na konci aleje"},"content":{"rendered":"<\/p>\n<\/p>\n<p>P\u0159\u00edb\u011bh \u00fatl\u00e9ho rom\u00e1nu <a href=\"http:\/\/neoluxor.cz\/beletrie\/na-konci-aleje--217949\/\" target=\"_blank\" rel=\"noopener\">Na konci aleje<\/a> vypr\u00e1v\u00ed m\u00edstn\u00ed kronik\u00e1\u0159 Augustin Skoumal. Postupn\u011b  n\u00e1s seznamuje se svou minulost\u00ed, s obyvateli domova a se v\u0161edn\u00edm i nev\u0161edn\u00edm  \u017eivotem v\u00a0n\u011bm.<\/p>\n<p>Na prvn\u00ed pohled se jedn\u00e1 o jednoduch\u00e9 a  mo\u017en\u00e1 neinven\u010dn\u00ed vypr\u00e1v\u011bn\u00ed, ale u\u017e na ten druh\u00fd najdete v\u00a0knize <a href=\"http:\/\/neoluxor.cz\/beletrie\/na-konci-aleje--217949\/\" target=\"_blank\" rel=\"noopener\">Na konci aleje<\/a> mnoho moudra a jemn\u00e9ho  pohledu na trochu tabuizovanou kapitolu na\u0161ich \u017eivot\u016f \u2013 st\u00e1\u0159\u00ed.<\/p>\n<p>Je \u00fapln\u011b lhostejn\u00e9, \u017ee autorka Valja  St\u00fdblov\u00e1 napsala rom\u00e1n ji\u017e v\u00a0roce 1979. N\u011bkter\u00e9 skute\u010dnosti z\u016fst\u00e1vaj\u00ed  nem\u011bnn\u00e9 po cel\u00e1 desetilet\u00ed, mnohdy je t\u0159eba \u0159\u00edci, \u017ee bohu\u017eel.<\/p>\n<p>Kniha je ps\u00e1na snadn\u00fdm, a\u017e lidov\u00fdm jazykem,  jako by ji opravdu psal n\u011bjak\u00fd pan Skoumal ve voln\u00fdch chv\u00edl\u00edch u kaf\u00ed\u010dka. To  dod\u00e1v\u00e1 vypr\u00e1v\u011bn\u00ed na autenti\u010dnosti a nut\u00ed \u010dten\u00e1\u0159e \u010d\u00edst d\u00e1l a d\u00e1l. I kdy\u017e se  budete sna\u017eit, zanedlouho se ocitnete opravdu na konci aleje, co to pov\u00edd\u00e1m, na  konci rom\u00e1nu.<\/p>\n<p>V\u0161edn\u011b nev\u0161edn\u00ed pohled do \u017eivota senior\u016f je  samoz\u0159ejm\u011b oko\u0159en\u011bn \u0161petkou l\u00e1sky, p\u0159\u00edbuzensk\u00e9 lhostejnosti i nen\u00e1visti, ale  p\u0159edev\u0161\u00edm notnou d\u00e1vkou humoru a ironie. Sm\u00edch je p\u0159eci sol\u00ed \u017eivota a bez soli  va\u0159it nejde.<\/p>\n<p><a href=\"http:\/\/neoluxor.cz\/beletrie\/na-konci-aleje--217949\/\" target=\"_blank\" rel=\"noopener\">Na konci aleje<\/a> je b\u00e1je\u010dn\u00fdm \u010dten\u00edm pro v\u0161echny, jim\u017e nen\u00ed nic lidsk\u00e9ho ciz\u00ed,  r\u00e1di se dozv\u011bd\u00ed, co se hon\u00ed hlavou jednomu star\u00e9mu bern\u00edmu \u00fa\u0159edn\u00edkovi, a um\u011bj\u00ed  se zasm\u00e1t. P\u0159edev\u0161\u00edm sami sob\u011b. Proto\u017ee n\u00e1s v\u0161echny jednou n\u011bjak\u00fd konec aleje taky  \u010dek\u00e1.<\/p>\n<h2>Hodnocen\u00ed: 100 %<\/h2>\n<p>Autorka: Helena Herynkov\u00e1<\/p>\n","protected":false},"excerpt":{"rendered":"<p>Domov d\u016fchodc\u016f. Pro jednoho depresivn\u00ed odkladi\u0161t\u011b starou\u0161k\u016f, pro druh\u00e9ho m\u00edsto zaslou\u017een\u00e9ho odpo\u010dinku, kde spolu babky a d\u011bdov\u00e9 hraj\u00ed karty, \u017eiv\u011b konverzuj\u00ed a u\u017e\u00edvaj\u00ed zlat\u00e9ho st\u00e1\u0159\u00ed. Za br\u00e1ny jednoho takov\u00e9ho domova zve \u010dten\u00e1\u0159e spisovatelka Valja St\u00fdblov\u00e1.<\/p>\n","protected":false},"author":2,"featured_media":0,"comment_status":"open","ping_status":"open","sticky":false,"template":"","format":"standard","meta":{"_acf_changed":false,"_monsterinsights_skip_tracking":false,"_monsterinsights_sitenote_active":false,"_monsterinsights_sitenote_note":"","_monsterinsights_sitenote_category":0,"_EventAllDay":false,"_EventTimezone":"","_EventStartDate":"","_EventEndDate":"","_EventStartDateUTC":"","_EventEndDateUTC":"","_EventShowMap":false,"_EventShowMapLink":false,"_EventURL":"","_EventCost":"","_EventCostDescription":"","_EventCurrencySymbol":"","_EventCurrencyCode":"","_EventCurrencyPosition":"","_EventDateTimeSeparator":"","_EventTimeRangeSeparator":"","_EventOrganizerID":[],"_EventVenueID":[],"_OrganizerEmail":"","_OrganizerPhone":"","_OrganizerWebsite":"","_VenueAddress":"","_VenueCity":"","_VenueCountry":"","_VenueProvince":"","_VenueState":"","_VenueZip":"","_VenuePhone":"","_VenueURL":"","_VenueStateProvince":"","_VenueLat":"","_VenueLng":"","_VenueShowMap":false,"_VenueShowMapLink":false,"twitterCardType":"","cardImageID":0,"cardImage":"","cardTitle":"","cardDesc":"","cardImageAlt":"","cardPlayer":"","cardPlayerWidth":0,"cardPlayerHeight":0,"cardPlayerStream":"","cardPlayerCodec":"","footnotes":""},"categories":[7],"tags":[],"class_list":["post-2637","post","type-post","status-publish","format-standard","hentry","category-recenze"],"acf":{"related_products":null},"_links":{"self":[{"href":"https:\/\/www.luxor.cz\/blog\/wp-json\/wp\/v2\/posts\/2637","targetHints":{"allow":["GET"]}}],"collection":[{"href":"https:\/\/www.luxor.cz\/blog\/wp-json\/wp\/v2\/posts"}],"about":[{"href":"https:\/\/www.luxor.cz\/blog\/wp-json\/wp\/v2\/types\/post"}],"author":[{"embeddable":true,"href":"https:\/\/www.luxor.cz\/blog\/wp-json\/wp\/v2\/users\/2"}],"replies":[{"embeddable":true,"href":"https:\/\/www.luxor.cz\/blog\/wp-json\/wp\/v2\/comments?post=2637"}],"version-history":[{"count":0,"href":"https:\/\/www.luxor.cz\/blog\/wp-json\/wp\/v2\/posts\/2637\/revisions"}],"wp:attachment":[{"href":"https:\/\/www.luxor.cz\/blog\/wp-json\/wp\/v2\/media?parent=2637"}],"wp:term":[{"taxonomy":"category","embeddable":true,"href":"https:\/\/www.luxor.cz\/blog\/wp-json\/wp\/v2\/categories?post=2637"},{"taxonomy":"post_tag","embeddable":true,"href":"https:\/\/www.luxor.cz\/blog\/wp-json\/wp\/v2\/tags?post=2637"}],"curies":[{"name":"wp","href":"https:\/\/api.w.org\/{rel}","templated":true}]}}