{"id":2604,"date":"2014-09-02T12:41:00","date_gmt":"2014-09-02T10:41:00","guid":{"rendered":"https:\/\/www.luxor.cz\/blog\/nezarazene\/jedna-noc-jedna-udalost-jak-zahybe-s-nerozlucnym-pratelstvim\/"},"modified":"2023-01-06T16:14:32","modified_gmt":"2023-01-06T15:14:32","slug":"jedna-noc-jedna-udalost-jak-zahybe-s-nerozlucnym-pratelstvim-648","status":"publish","type":"post","link":"https:\/\/www.luxor.cz\/blog\/recenze\/jedna-noc-jedna-udalost-jak-zahybe-s-nerozlucnym-pratelstvim-648\/","title":{"rendered":"Jedna noc, jedna ud\u00e1lost. Jak zah\u00fdbe s nerozlu\u010dn\u00fdm p\u0159\u00e1telstv\u00edm?"},"content":{"rendered":"<\/p>\n<p><span><\/span><\/p>\n<\/p>\n<p><span>V \u017eensk\u00e9m rom\u00e1nu od britsk\u00e9 autorky Adele Parks se setk\u00e1v\u00e1me se spoustou t\u00e9mat v\u0161edn\u00edho dne modern\u00ed \u017eeny. P\u0159\u00e1telstv\u00ed mezi dv\u011bma \u017eenami i mezi \u017eenou a mu\u017eem, starost o d\u011bti, nev\u011bra, kr\u00e1sa, touha po majetku a pen\u011bz\u00edch, l\u00e1ska, man\u017eelstv\u00ed a oddanost\u2026 Kdy\u017e osmilet\u00e1 sebev\u011bdom\u00e1 Pippa oslovila plachou a tichou Stephanii, ani jedna z nich jist\u011b nepomyslela na to, \u017ee vznik\u00e1 kamar\u00e1dstv\u00ed na \u017eivot a na smrt. Po t\u0159iceti letech se leccos zm\u011bnilo. Pippa ji\u017e nen\u00ed tou ambici\u00f3zn\u00ed mladou sle\u010dnou, n\u00fdbr\u017e zbrklou \u017eenou ran\u011bnou \u017eivotem. Man\u017eel ji utekl a zanechal po sob\u011b pouze dcerku Chlo\u00e9, kterou horko t\u011b\u017eko sama u\u017eiv\u00ed. Se v\u0161\u00edm j\u00ed pom\u00e1h\u00e1 Stephanie, ze kter\u00e9 se stala vyrovnan\u00e1, kr\u00e1sn\u00e1 a sebev\u011bdom\u00e1 \u017eena. Provdala se za dob\u0159e zaji\u0161t\u011bn\u00e9ho Juliana s n\u00edm\u017e m\u00e1 t\u0159i syny a jejich man\u017eelstv\u00ed se zd\u00e1 b\u00fdt dokonal\u00e9. Ale v\u017edy se najde n\u011bjak\u00fd ten h\u00e1\u010dek\u2026<\/span><\/p>\n<p>Situace nabere naprosto jin\u00fd sm\u011br a\u017e ve chv\u00edli, kdy se v rodinn\u00e9m aut\u011b objev\u00ed nezn\u00e1m\u00fd mobil, a tak\u00e9 kdy\u017e Stephanie, kter\u00e1 m\u00e1 v\u017edy v\u0161e pod kontrolou, po\u017e\u00e1d\u00e1 svou nejlep\u0161\u00ed kamar\u00e1dku o to, aby ji potvrdila fale\u0161n\u00e9 alibi. V\u011btou: \u201cPot\u0159ebuji, abys mi dosv\u011bd\u010dila, \u017ee jsem v\u010dera v noci byla u tebe.\u201d se rozpout\u00e1 koloto\u010d ud\u00e1lost\u00ed. Z\u00e1v\u011br rom\u00e1nu se pak odehr\u00e1v\u00e1 v luxusn\u00edm hotelu, v nemocnici i na policejn\u00ed stanici a my \u010dten\u00e1\u0159i m\u016f\u017eeme jen dom\u00fd\u0161let, jak to v\u0161echno jenom dopadne.<\/p>\n<p><a href=\"http:\/\/neoluxor.cz\/beletrie\/stalo-se-vcera-v-noci--213124\/\" target=\"_blank\" rel=\"noopener\">Stalo se v\u010dera v noci<\/a> je klasick\u00fdm oddechov\u00fdm, \u017eensk\u00fdm rom\u00e1nem, i kdy\u017e nen\u00ed nouze ani o trochu p\u0159irozen\u00e9ho nap\u011bt\u00ed. Jedn\u00e1 se o typ knihy, kterou by si ka\u017ed\u00e1 d\u00edvka i \u017eena v jak\u00e9mkoli v\u011bku mohla sbalit s sebou do kufru na dovolenou. Jazykov\u00fd styl je jednoduch\u00fd, ale nikoli ochuzen\u00fd o n\u00e1padit\u00e1 p\u0159irovn\u00e1n\u00ed a metafory. I kdy\u017e se pov\u011bt\u0161inou setk\u00e1v\u00e1me s v\u00e1\u017en\u011bj\u0161\u00edmi t\u00e9maty, kter\u00e1 pro mnoh\u00e9 z n\u00e1s nemus\u00ed b\u00fdt p\u0159\u00edjemn\u00e1, v rom\u00e1nu jsou pod\u00e1v\u00e1na s gr\u00e1ci\u00ed a vtipem. P\u0159\u00edb\u011bh je naps\u00e1n tak \u010dtiv\u011b, \u017ee jsem se n\u011bkolikr\u00e1t p\u0159istihla p\u0159i tom, jak se vztek\u00e1m spole\u010dn\u011b s hlavn\u00ed hrdinkou, \u010di jak si p\u0159edstavuji oble\u010den\u00ed \u010di l\u00ed\u010den\u00ed \u017eensk\u00fdch postav. <a href=\"http:\/\/neoluxor.cz\/beletrie\/stalo-se-vcera-v-noci--213124\/\" target=\"_blank\" rel=\"noopener\">Stalo se v\u010dera v noci<\/a> je t\u00edm typem knihy, u kter\u00e9 v\u00e1m 500 str\u00e1nek ute\u010de s lusknut\u00edm prstu, p\u0159\u00edb\u011bh se zaryje pod k\u016f\u017ei je\u0161t\u011b na n\u011bkolik dal\u0161\u00edch dn\u00ed a a\u010dkoli se jedn\u00e1 \u201cjen\u201d o \u017eensk\u00fd rom\u00e1n, kter\u00fd v\u00e1s pravd\u011bpodobn\u011b v ni\u010dem neobohat\u00ed a nep\u0159in\u00e1\u0161\u00ed \u017e\u00e1dn\u00e9 nov\u00e9 poznatky, nebudete litovat, \u017ee jste si jej p\u0159e\u010detli. Alespo\u0148 j\u00e1 nelituji a v\u011b\u0159\u00edm, \u017ee se k Adele Pakrs a jej\u00edm rom\u00e1n\u016fm je\u0161t\u011b vr\u00e1t\u00edm.<\/p>\n<h2>Hodnocen\u00ed: 78 %<\/h2>\n<p>Autorka: Petra Nov\u00e1kov\u00e1<\/p>\n<p>K dispozici je i <a href=\"http:\/\/www.palmknihy.cz\/web\/kniha\/stalo-se-vcera-v-noci-13549.htm?a_box=2aj48k8n\" target=\"_blank\" rel=\"noopener\">e-kniha<\/a>.<\/p>\n","protected":false},"excerpt":{"rendered":"<p>Ka\u017ed\u00e9 velk\u00e9 p\u0159\u00e1telstv\u00ed mus\u00ed proj\u00edt d\u016fle\u017eit\u00fdmi zkou\u0161kami, u kamar\u00e1dek Pippy a Stephi tomu nen\u00ed jinak. Jsou nejlep\u0161\u00edmi p\u0159\u00edtelkyn\u011bmi od t\u0159et\u00ed t\u0159\u00eddy a a\u010dkoli se toho b\u011bhem t\u0159iceti let ud\u00e1lo mnoho, tyhle dv\u011b \u017eeny z\u016fstaly neodd\u011blitelnou dvojkou. I kdy\u017e jsou jako jing a jang, l\u00e9to a zima \u010di \u010dern\u00e1 a b\u00edl\u00e1. Zkr\u00e1tka protiklady se p\u0159itahuj\u00ed.<\/p>\n","protected":false},"author":2,"featured_media":0,"comment_status":"open","ping_status":"open","sticky":false,"template":"","format":"standard","meta":{"_acf_changed":false,"_monsterinsights_skip_tracking":false,"_monsterinsights_sitenote_active":false,"_monsterinsights_sitenote_note":"","_monsterinsights_sitenote_category":0,"_EventAllDay":false,"_EventTimezone":"","_EventStartDate":"","_EventEndDate":"","_EventStartDateUTC":"","_EventEndDateUTC":"","_EventShowMap":false,"_EventShowMapLink":false,"_EventURL":"","_EventCost":"","_EventCostDescription":"","_EventCurrencySymbol":"","_EventCurrencyCode":"","_EventCurrencyPosition":"","_EventDateTimeSeparator":"","_EventTimeRangeSeparator":"","_EventOrganizerID":[],"_EventVenueID":[],"_OrganizerEmail":"","_OrganizerPhone":"","_OrganizerWebsite":"","_VenueAddress":"","_VenueCity":"","_VenueCountry":"","_VenueProvince":"","_VenueState":"","_VenueZip":"","_VenuePhone":"","_VenueURL":"","_VenueStateProvince":"","_VenueLat":"","_VenueLng":"","_VenueShowMap":false,"_VenueShowMapLink":false,"twitterCardType":"","cardImageID":0,"cardImage":"","cardTitle":"","cardDesc":"","cardImageAlt":"","cardPlayer":"","cardPlayerWidth":0,"cardPlayerHeight":0,"cardPlayerStream":"","cardPlayerCodec":"","footnotes":""},"categories":[7],"tags":[],"class_list":["post-2604","post","type-post","status-publish","format-standard","hentry","category-recenze"],"acf":{"related_products":null},"_links":{"self":[{"href":"https:\/\/www.luxor.cz\/blog\/wp-json\/wp\/v2\/posts\/2604","targetHints":{"allow":["GET"]}}],"collection":[{"href":"https:\/\/www.luxor.cz\/blog\/wp-json\/wp\/v2\/posts"}],"about":[{"href":"https:\/\/www.luxor.cz\/blog\/wp-json\/wp\/v2\/types\/post"}],"author":[{"embeddable":true,"href":"https:\/\/www.luxor.cz\/blog\/wp-json\/wp\/v2\/users\/2"}],"replies":[{"embeddable":true,"href":"https:\/\/www.luxor.cz\/blog\/wp-json\/wp\/v2\/comments?post=2604"}],"version-history":[{"count":0,"href":"https:\/\/www.luxor.cz\/blog\/wp-json\/wp\/v2\/posts\/2604\/revisions"}],"wp:attachment":[{"href":"https:\/\/www.luxor.cz\/blog\/wp-json\/wp\/v2\/media?parent=2604"}],"wp:term":[{"taxonomy":"category","embeddable":true,"href":"https:\/\/www.luxor.cz\/blog\/wp-json\/wp\/v2\/categories?post=2604"},{"taxonomy":"post_tag","embeddable":true,"href":"https:\/\/www.luxor.cz\/blog\/wp-json\/wp\/v2\/tags?post=2604"}],"curies":[{"name":"wp","href":"https:\/\/api.w.org\/{rel}","templated":true}]}}