{"id":2580,"date":"2014-08-15T20:19:00","date_gmt":"2014-08-15T18:19:00","guid":{"rendered":"https:\/\/www.luxor.cz\/blog\/nezarazene\/stryckove-kteri-budou-stale-stejne-bajecni\/"},"modified":"2023-01-06T16:15:05","modified_gmt":"2023-01-06T15:15:05","slug":"stryckove-kteri-budou-stale-stejne-bajecni-624","status":"publish","type":"post","link":"https:\/\/www.luxor.cz\/blog\/recenze\/stryckove-kteri-budou-stale-stejne-bajecni-624\/","title":{"rendered":"Str\u00fd\u010dkov\u00e9, kte\u0159\u00ed budou st\u00e1le stejn\u011b b\u00e1je\u010dn\u00ed"},"content":{"rendered":"<\/p>\n<\/p>\n<p>Knih, kter\u00e9 se p\u0159ed\u00e1vaj\u00ed z generace na generaci, v posledn\u00ed dob\u011b dost ub\u00fdv\u00e1. Nen\u00ed divu, nad\u010dasov\u00fd p\u0159\u00edb\u011bh pro d\u011bti kloub\u00ed n\u011bkolik velice d\u016fle\u017eit\u00fdch vlastnost\u00ed, bez kter\u00fdch d\u0159\u00edve \u010di pozd\u011bji zapadne. Mus\u00ed b\u00fdt dostate\u010dn\u011b chytr\u00fd, na\u0161e d\u011bti p\u0159eci necht\u011bj\u00ed \u010d\u00edst hloup\u00e9 p\u0159\u00edb\u011bhy. Na druhou stranu je ale d\u016fle\u017eit\u00e9, aby byl dostate\u010dn\u011b jednoduch\u00fd a pochopiteln\u00fd. To proto, \u017ee d\u011btsk\u00e9 knihy jsou ur\u010deny pro rozd\u00edln\u00e9 v\u011bkov\u00e9 kategorie. Nezapome\u0148me na zna\u010dnou d\u00e1vku fantazie, humoru a chyb\u011bt by nem\u011blo ani n\u011bjak\u00e9 to ponau\u010den\u00ed. Prost\u011b a jednodu\u0161e, jestli m\u00e1te podobn\u00e9 ambice jako j\u00e1 kdysi, p\u0159ipravte se na to, \u017ee se u toho pekeln\u011b zapot\u00edte. Kam t\u00edm ale m\u00ed\u0159\u00edm?\u00a0<\/p>\n<p>Kniha od Franti\u0161ka Nepila <a href=\"http:\/\/neoluxor.cz\/detske\/pet-bajecnych-strycku--214254\/\" target=\"_blank\" rel=\"noopener\">P\u011bt b\u00e1je\u010dn\u00fdch str\u00fd\u010dk\u016f<\/a> mi po t\u0159i skv\u011bl\u00e9 ve\u010dery d\u011blala spole\u010dnost a mus\u00edm \u0159\u00edct, \u017ee to byla spole\u010dnost velice inspirativn\u00ed, p\u0159\u00edv\u011btiv\u00e1 a pohodov\u00e1. Nen\u00ed t\u011b\u017ek\u00e9 shrnout hlavn\u00ed d\u011bj knihy do jedin\u00e9 v\u011bty, co\u017e je jej\u00ed nejv\u011bt\u0161\u00ed plus. \u010cten\u00e1\u0159 se tak m\u016f\u017ee soust\u0159edit na v\u0161echny jazykov\u00e9 h\u0159\u00ed\u010dky a obrovsk\u00fd p\u0159\u00edval fantazie, nad kter\u00fdm mu ob\u010das z\u016fst\u00e1v\u00e1 rozum st\u00e1t. Minka na sv\u00e9 prvn\u00ed zimn\u00ed dovolen\u00e9 onemocn\u00ed. Aby nebyla cel\u00fd den sama v pokoji, st\u0159\u00edd\u00e1 se u jej\u00ed postele p\u011bt str\u00fd\u010dk\u016f a ka\u017ed\u00fd z nich ji vypr\u00e1v\u00ed sv\u016fj neuv\u011b\u0159iteln\u00fd p\u0159\u00edb\u011bh. Za\u017eila tedy dobrodru\u017estv\u00ed, jak si p\u0159edem vysnila, ale jen zpod pe\u0159iny a hezky v teple. Byla sv\u011bdkem toho, jak str\u00fd\u010dka \u0158eho\u0159e zachra\u0148oval v Alp\u00e1ch bernard\u00fdn, jak str\u00fd\u010dek Arno sko\u010dil na ly\u017e\u00edch 200 km, jak si str\u00fd\u010dek Roman s\u00e1m operoval v Gr\u00f3nsku slep\u00e9 st\u0159evo, jak str\u00fd\u010dek Ale\u0161 r\u00fd\u017eoval zlato a jak str\u00fd\u010dkovi Hanu\u0161ovi jednou na pta\u010d\u00edm krm\u00edtku p\u0159ist\u00e1l pt\u00e1k noh.\u00a0<\/p>\n<p>Zn\u00ed v\u00e1m to neuv\u011b\u0159iteln\u011b? Pro m\u011b bylo. \u010cten\u00e1\u0159 jen sleduje \u0159et\u011bzen\u00ed autorov\u00fdch my\u0161lenkov\u00fdch asociac\u00ed a \u0159\u00edk\u00e1 si: Jak dlouho mu asi trv\u00e1 napsat takovou knihu? P\u0159em\u00fd\u0161l\u00ed nad osnovou jednotliv\u00fdch p\u0159\u00edb\u011bh\u016f tak pe\u010dliv\u011b, ne\u017e do nich dostane onu svi\u017enost a vtip? Nebo naopak nech\u00e1v\u00e1 my\u0161lenky plynout a p\u00ed\u0161e, co jej zrovna napadne? Co z toho funguje v\u00edc? Budu v\u00e1m vd\u011b\u010dn\u00e1 za v\u00e1\u0161 n\u00e1zor v koment\u00e1\u0159\u00edch pod touto recenz\u00ed, proto\u017ee j\u00e1 v\u00e1\u017en\u011b nem\u00e1m tu\u0161en\u00ed.\u00a0<\/p>\n<p>Ale abych to nezamluvila. \u0158ekla jsem si, \u017ee pokud chci napsat objektivn\u00ed recenzi, budu k tomu pot\u0159ebovat pomoc n\u011bkoho mnohem \u201cpovolan\u011bj\u0161\u00edho\u201d, ne\u017e jsem j\u00e1. Vyzkou\u0161ela jsem tedy takov\u00fd mal\u00fd experiment. M\u00e1m p\u011btilet\u00e9ho br\u00e1\u0161ku, kter\u00fd je zvykl\u00fd \u010d\u00edst poh\u00e1dky p\u0159ed span\u00edm. P\u0159edev\u010d\u00edrem jsem nen\u00e1padn\u011b knihy vym\u011bnila a za\u010dala mu p\u0159ed\u010d\u00edtat z <a href=\"http:\/\/neoluxor.cz\/detske\/pet-bajecnych-strycku--214254\/\" target=\"_blank\" rel=\"noopener\">P\u011bti b\u00e1je\u010dn\u00fdch str\u00fd\u010dk\u016f<\/a>. A reakce? Je\u0161t\u011b te\u010f se mus\u00edm sm\u00e1t, kdy\u017e si vzpomenu na jeho v\u00fdraz ve chv\u00edli, kdy jsme se dostali k pas\u00e1\u017ei o opil\u00e9m bernard\u00fdnovi. Ze v\u0161eho nejv\u00edce ho ale bavily ilustrace Adolfa Borna, kter\u00fdch je kniha pln\u00e1 (co\u017e se dalo p\u0159edpokl\u00e1dat, proto\u017ee na Machovi a \u0160ebestov\u00e9 vyr\u016fstal). Tak\u017ee za Va\u0161\u00edka 100 %.\u00a0<\/p>\n<p>J\u00e1 m\u00e1m jen jednu jedinou v\u011bc, kter\u00e1 m\u011b p\u0159ekvapila. T\u011bm, kte\u0159\u00ed sv\u00fdm d\u011btem st\u00e1le tvrd\u00edte, \u017ee v\u00e1no\u010dn\u00ed d\u00e1rky nos\u00ed Je\u017e\u00ed\u0161ek, doporu\u010duji p\u0159esko\u010dit stranu 7, tedy hned prvn\u00ed stranu p\u0159\u00edb\u011bhu (konkr\u00e9tn\u011b 8. \u0159\u00e1dek, 8. v\u011bta &#8211; po\u010d\u00edt\u00e1no i s nadpisem). Tat\u00ednek tam toti\u017e nad\u011bluje Mince k V\u00e1noc\u016fm ly\u017ee. \ud83d\ude42 Je to sice detail, ale pro spoustu z v\u00e1s jist\u011b z\u00e1sadn\u00ed moment, kter\u00fd m\u016f\u017ee vyvolat spoustu v\u0161ete\u010dn\u00fdch ot\u00e1zek. V\u00edm, o \u010dem mluv\u00edm. Ur\u010dit\u011b nechcete d\u011btem a\u017e do p\u016flnoci vysv\u011btlovat, pro\u010d Minka dost\u00e1v\u00e1 d\u00e1rky od tat\u00ednka a ne od Je\u017e\u00ed\u0161ka. A\u0165 si na to p\u0159ijdou sami, trochu pozd\u011bji, ne z d\u011btsk\u00e9 knihy, ne kdy\u017e u\u017e tolik pot\u0159ebujete j\u00edt sp\u00e1t.\u00a0<\/p>\n<p>Svou snahu jsem u\u017e d\u00e1vno vzdala. Rad\u0161i p\u0159enech\u00e1m tuto pr\u00e1ci t\u011bm, kte\u0159\u00ed na to maj\u00ed hlavu. T\u0159eba jako Franti\u0161ku Nepilovi. Knihu <a href=\"http:\/\/neoluxor.cz\/detske\/pet-bajecnych-strycku--214254\/\" target=\"_blank\" rel=\"noopener\">P\u011bt b\u00e1je\u010dn\u00fdch str\u00fd\u010dk\u016f<\/a> ukl\u00e1d\u00e1m do knihovny a vyt\u00e1hnu ji, a\u017e p\u0159ijde ten spr\u00e1vn\u00fd \u010das. V\u00edm toti\u017e, \u017ee i za n\u011bkolik let budou tito str\u00fd\u010dkov\u00e9 stejn\u011b b\u00e1je\u010dn\u00ed, jako jsou te\u010f.\u00a0<\/p>\n<h2>Hodnocen\u00ed: 99 %<\/h2>\n<p>Autorka: Jana Sklen\u00e1\u0159ov\u00e1<\/p>\n","protected":false},"excerpt":{"rendered":"<p>V\u017edycky jsem si p\u0159\u00e1la napsat d\u011btskou knihu. Takovou, kterou budou rodi\u010de \u010d\u00edst sv\u00fdm potomk\u016fm p\u0159ed span\u00edm a ti pak zase sv\u00fdm a tak d\u00e1le a tak d\u00e1le. Ale \u010d\u00edm jsem star\u0161\u00ed, t\u00edm v\u00edc zji\u0161\u0165uji, \u017ee vymyslet p\u0159\u00edb\u011bh pro d\u011bti nen\u00ed zrovna jednoduch\u00e1 z\u00e1le\u017eitost.<\/p>\n","protected":false},"author":2,"featured_media":0,"comment_status":"open","ping_status":"open","sticky":false,"template":"","format":"standard","meta":{"_acf_changed":false,"_monsterinsights_skip_tracking":false,"_monsterinsights_sitenote_active":false,"_monsterinsights_sitenote_note":"","_monsterinsights_sitenote_category":0,"_EventAllDay":false,"_EventTimezone":"","_EventStartDate":"","_EventEndDate":"","_EventStartDateUTC":"","_EventEndDateUTC":"","_EventShowMap":false,"_EventShowMapLink":false,"_EventURL":"","_EventCost":"","_EventCostDescription":"","_EventCurrencySymbol":"","_EventCurrencyCode":"","_EventCurrencyPosition":"","_EventDateTimeSeparator":"","_EventTimeRangeSeparator":"","_EventOrganizerID":[],"_EventVenueID":[],"_OrganizerEmail":"","_OrganizerPhone":"","_OrganizerWebsite":"","_VenueAddress":"","_VenueCity":"","_VenueCountry":"","_VenueProvince":"","_VenueState":"","_VenueZip":"","_VenuePhone":"","_VenueURL":"","_VenueStateProvince":"","_VenueLat":"","_VenueLng":"","_VenueShowMap":false,"_VenueShowMapLink":false,"twitterCardType":"","cardImageID":0,"cardImage":"","cardTitle":"","cardDesc":"","cardImageAlt":"","cardPlayer":"","cardPlayerWidth":0,"cardPlayerHeight":0,"cardPlayerStream":"","cardPlayerCodec":"","footnotes":""},"categories":[7],"tags":[],"class_list":["post-2580","post","type-post","status-publish","format-standard","hentry","category-recenze"],"acf":{"related_products":null},"_links":{"self":[{"href":"https:\/\/www.luxor.cz\/blog\/wp-json\/wp\/v2\/posts\/2580","targetHints":{"allow":["GET"]}}],"collection":[{"href":"https:\/\/www.luxor.cz\/blog\/wp-json\/wp\/v2\/posts"}],"about":[{"href":"https:\/\/www.luxor.cz\/blog\/wp-json\/wp\/v2\/types\/post"}],"author":[{"embeddable":true,"href":"https:\/\/www.luxor.cz\/blog\/wp-json\/wp\/v2\/users\/2"}],"replies":[{"embeddable":true,"href":"https:\/\/www.luxor.cz\/blog\/wp-json\/wp\/v2\/comments?post=2580"}],"version-history":[{"count":0,"href":"https:\/\/www.luxor.cz\/blog\/wp-json\/wp\/v2\/posts\/2580\/revisions"}],"wp:attachment":[{"href":"https:\/\/www.luxor.cz\/blog\/wp-json\/wp\/v2\/media?parent=2580"}],"wp:term":[{"taxonomy":"category","embeddable":true,"href":"https:\/\/www.luxor.cz\/blog\/wp-json\/wp\/v2\/categories?post=2580"},{"taxonomy":"post_tag","embeddable":true,"href":"https:\/\/www.luxor.cz\/blog\/wp-json\/wp\/v2\/tags?post=2580"}],"curies":[{"name":"wp","href":"https:\/\/api.w.org\/{rel}","templated":true}]}}