{"id":2576,"date":"2014-08-12T15:09:00","date_gmt":"2014-08-12T13:09:00","guid":{"rendered":"https:\/\/www.luxor.cz\/blog\/nezarazene\/prach-v-bergenu-smaci-krvavy-dest\/"},"modified":"2023-01-06T16:15:05","modified_gmt":"2023-01-06T15:15:05","slug":"prach-v-bergenu-smaci-krvavy-dest-617","status":"publish","type":"post","link":"https:\/\/www.luxor.cz\/blog\/recenze\/prach-v-bergenu-smaci-krvavy-dest-617\/","title":{"rendered":"Prach v Bergenu sm\u00e1\u010d\u00ed krvav\u00fd d\u00e9\u0161\u0165"},"content":{"rendered":"<\/p>\n<p><span><\/span><\/p>\n<\/p>\n<p><span>Na samot\u011b v les\u00edch pobl\u00ed\u017e Osla je nemilosrdn\u011b zast\u0159elen star\u00fd mu\u017e. P\u0159\u00edpad se dostane do rukou detektivu Edvardu Matremu, ale vy\u0161et\u0159ov\u00e1n\u00ed se brzy dost\u00e1v\u00e1 do slep\u00e9 uli\u010dky. A tak je Edvard se sv\u00fdm t\u00fdmem posl\u00e1n do Bergenu, kde bylo nalezeno zohaven\u00e9 mrtv\u00e9 t\u011blo mlad\u00e9 \u017eeny a dal\u0161\u00ed d\u00edvka le\u017e\u00ed s t\u011b\u017ek\u00fdmi zran\u011bn\u00edmi v nemocnici. Zd\u00e1 se, \u017ee spolu ob\u011b ud\u00e1losti souvis\u00ed a podez\u0159en\u00ed roste, kdy\u017e jsou policist\u00e9 upozorn\u011bni na jist\u00fd novinov\u00fd \u010dl\u00e1nek. Se z\u00e1v\u011bry vy\u0161et\u0159ovatel\u016f souhlas\u00ed i psychiatr Wiersholm, proto v\u0161echny vyvedou z m\u00edry n\u00e1sleduj\u00edc\u00ed ud\u00e1losti, kter\u00e9 cel\u00fd p\u0159\u00edpad znovu zamotaj\u00ed. Bergen u\u017e nen\u00ed klidn\u00fdm p\u0159\u00edstavem. Lid\u00e9 se boj\u00ed o sv\u00e9 \u017eivoty a na policii nal\u00e9haj\u00ed i nejvy\u0161\u0161\u00ed st\u00e1tn\u00ed p\u0159edstavitel\u00e9.<\/span><\/p>\n<p>Edvard Matre, vedouc\u00ed vy\u0161et\u0159ov\u00e1n\u00ed v\u0161ak z\u00edskal je\u0161t\u011b dal\u0161\u00ed n\u00e1m\u011bt k p\u0159em\u00fd\u0161len\u00ed, a to kdy\u017e zjistil, \u017ee v hromadn\u00e9m hrob\u011b pacient\u016f z gaustadsk\u00e9 nemocnice byly nalezeny ostatky jeho matky, i kdy\u017e si on s\u00e1m dlouh\u00e1 l\u00e9ta myslel, \u017ee oba jeho rodi\u010de zem\u0159eli p\u0159i autonehod\u011b a jsou poh\u0159ben\u00ed na bergensk\u00e9m h\u0159bitov\u011b.<\/p>\n<p>Detektivka <a href=\"http:\/\/neoluxor.cz\/beletrie\/prach-jsi-a-v-prach-se-obratis--213853\/\" target=\"_blank\" rel=\"noopener\">Prach jsi a v prach se obr\u00e1t\u00ed\u0161<\/a> od za\u010d\u00e1tku nab\u00edr\u00e1 velmi rychl\u00fd sp\u00e1d, kter\u00fd m\u00e1 na sv\u011bdom\u00ed hlavn\u011b velk\u00fd po\u010det z\u00e1pletek. Situace se v\u00e1m postupn\u011b bude zd\u00e1t ne\u0159e\u0161iteln\u00e1, jasn\u00e1, zamotan\u00e1, snadno objasniteln\u00e1 a nakonec p\u0159ekvapiv\u00e1, ale nikdy ne nep\u0159ehledn\u00e1.<\/p>\n<p>V pr\u016fb\u011bhu \u010dten\u00ed budete m\u00edt mnohokr\u00e1t pocit, \u017ee u\u017e byste p\u0159\u00edpad d\u00e1vno sami vy\u0159e\u0161ili, hlavn\u011b d\u00edky tomu, \u017ee v\u00e1m spisovatel Chris Tvedt d\u00e1 mo\u017enost nahl\u00e9dnout na situaci z pohled\u016f hned n\u011bkolika z\u00fa\u010dastn\u011bn\u00fdch. To se ale pletete, proto\u017ee pr\u00e1v\u011b v t\u011bchto chv\u00edl\u00edch na v\u00e1s nastra\u017e\u00ed obrat d\u011bje o sto osmdes\u00e1t stup\u0148\u016f. Stejn\u011b tak se b\u00fdval\u00fd advok\u00e1t neboj\u00ed spojit dva d\u011bje do sebe tak, \u017ee v\u00e1s dokonale navede na \u0161patnou stopu, a vy pak jen krout\u00edte hlavou nad bravurnost\u00ed jeho n\u00e1pad\u016f.<\/p>\n<p>Pokud ale p\u0159edpokl\u00e1d\u00e1te, \u017ee v knize <a href=\"http:\/\/neoluxor.cz\/beletrie\/prach-jsi-a-v-prach-se-obratis--213853\/\" target=\"_blank\" rel=\"noopener\">Prach jsi a v prach se obr\u00e1t\u00ed\u0161<\/a> jde jen o stroh\u00fd popis zapeklit\u00e9ho policejn\u00edho p\u0159\u00edpadu, jste na omylu. Nejen \u017ee m\u00e1 styl psan\u00ed k popisu daleko a autor r\u00e1d vyu\u017e\u00edv\u00e1 k posunut\u00ed d\u011bje dialogy a rozhovory, ale \u010dten\u00e1\u0159 se tak\u00e9 m\u016f\u017ee pono\u0159it do my\u0161lenek vy\u0161et\u0159ovatel\u016f, ob\u011bt\u00ed i oby\u010dejn\u00fdch lid\u00ed. Tak jako v \u017eivot\u011b, ani tady se nevyhnete milostn\u00e9 z\u00e1pletce, kter\u00e1 je ale seversky stroh\u00e1.<\/p>\n<p>Cel\u00e1 kniha je ps\u00e1na velmi \u010dtiv\u011b a neust\u00e1le v\u00e1s bude nutit \u010d\u00edst d\u00e1l. Autor ve v\u00e1s toti\u017e vzbud\u00ed pocit, \u017ee nic nen\u00ed jist\u00e9. J\u00e1 sama jsem se dlouho nesetkala s p\u0159\u00edb\u011bhem, kter\u00fd by m\u011b tolikr\u00e1t \u0161okoval. Ne\u010dekejte vnit\u0159nosti a potoky krve, i kdy\u017e ani Chris Tvedt nen\u00ed v\u00fdjimka a stejn\u011b jako ostatn\u00ed sever\u0161t\u00ed auto\u0159i se popis\u016f nehezk\u00fdch sc\u00e9n neboj\u00ed, sp\u00ed\u0161 propracovan\u00fd p\u0159\u00edb\u011bh, jen\u017e je pln\u00fd mali\u010dkost\u00ed, kter\u00e9 paradoxn\u011b bij\u00ed do o\u010d\u00ed a vy, stejn\u011b jako j\u00e1, se budete na konci divit, kolik indici\u00ed v\u00e1m uniklo.<\/p>\n<p>Knihu <a href=\"http:\/\/neoluxor.cz\/beletrie\/prach-jsi-a-v-prach-se-obratis--213853\/\" target=\"_blank\" rel=\"noopener\">Prach jsi a v prach se obr\u00e1t\u00ed\u0161<\/a> chci doporu\u010dit v\u0161em \u010dten\u00e1\u0159\u016fm, nejen milovn\u00edk\u016fm detektivek, proto\u017ee tento p\u0159\u00edb\u011bh je sice ps\u00e1n jedn\u00edm z mnoha skandin\u00e1vsk\u00fdch spisovatel\u016f krimi, ale vy na n\u011bj d\u00edky samoz\u0159ejmosti, s jakou v\u00e1s p\u0159ekvap\u00ed, nebudete moct zapomenout. Mezi dal\u0161\u00ed, kdo budou z p\u0159\u00edb\u011bhu nad\u0161eni, pat\u0159\u00ed ti, kte\u0159\u00ed na d\u011bj r\u00e1di pohl\u00ed\u017e\u00ed v souvislostech, kter\u00e9 autor odkryje a\u017e v samotn\u00e9m z\u00e1v\u011bru.<\/p>\n<h2>Hodnocen\u00ed: 95 %<\/h2>\n<p>Autor: Michaela Vav\u0159inov\u00e1<\/p>\n","protected":false},"excerpt":{"rendered":"<p>Detektiv Edvard Matre se pot\u00fdk\u00e1 nejen s vy\u0161et\u0159ov\u00e1n\u00edm n\u011bkolika vra\u017ed mlad\u00fdch d\u00edvek, kter\u00e9 h\u00fdbou jinak ospal\u00fdm Bergenem, ale tak\u00e9 se zji\u0161t\u011bn\u00edm, jen\u017e ho nut\u00ed p\u0159em\u00fd\u0161let o sv\u00e9m dosavadn\u00edm \u017eivot\u011b. Zvl\u00e1dne tlak, kter\u00fd je na n\u011bj vyv\u00edjen hned z n\u011bkolika stran?<\/p>\n","protected":false},"author":2,"featured_media":0,"comment_status":"open","ping_status":"open","sticky":false,"template":"","format":"standard","meta":{"_acf_changed":false,"_monsterinsights_skip_tracking":false,"_monsterinsights_sitenote_active":false,"_monsterinsights_sitenote_note":"","_monsterinsights_sitenote_category":0,"_EventAllDay":false,"_EventTimezone":"","_EventStartDate":"","_EventEndDate":"","_EventStartDateUTC":"","_EventEndDateUTC":"","_EventShowMap":false,"_EventShowMapLink":false,"_EventURL":"","_EventCost":"","_EventCostDescription":"","_EventCurrencySymbol":"","_EventCurrencyCode":"","_EventCurrencyPosition":"","_EventDateTimeSeparator":"","_EventTimeRangeSeparator":"","_EventOrganizerID":[],"_EventVenueID":[],"_OrganizerEmail":"","_OrganizerPhone":"","_OrganizerWebsite":"","_VenueAddress":"","_VenueCity":"","_VenueCountry":"","_VenueProvince":"","_VenueState":"","_VenueZip":"","_VenuePhone":"","_VenueURL":"","_VenueStateProvince":"","_VenueLat":"","_VenueLng":"","_VenueShowMap":false,"_VenueShowMapLink":false,"twitterCardType":"","cardImageID":0,"cardImage":"","cardTitle":"","cardDesc":"","cardImageAlt":"","cardPlayer":"","cardPlayerWidth":0,"cardPlayerHeight":0,"cardPlayerStream":"","cardPlayerCodec":"","footnotes":""},"categories":[7],"tags":[],"class_list":["post-2576","post","type-post","status-publish","format-standard","hentry","category-recenze"],"acf":{"related_products":null},"_links":{"self":[{"href":"https:\/\/www.luxor.cz\/blog\/wp-json\/wp\/v2\/posts\/2576","targetHints":{"allow":["GET"]}}],"collection":[{"href":"https:\/\/www.luxor.cz\/blog\/wp-json\/wp\/v2\/posts"}],"about":[{"href":"https:\/\/www.luxor.cz\/blog\/wp-json\/wp\/v2\/types\/post"}],"author":[{"embeddable":true,"href":"https:\/\/www.luxor.cz\/blog\/wp-json\/wp\/v2\/users\/2"}],"replies":[{"embeddable":true,"href":"https:\/\/www.luxor.cz\/blog\/wp-json\/wp\/v2\/comments?post=2576"}],"version-history":[{"count":0,"href":"https:\/\/www.luxor.cz\/blog\/wp-json\/wp\/v2\/posts\/2576\/revisions"}],"wp:attachment":[{"href":"https:\/\/www.luxor.cz\/blog\/wp-json\/wp\/v2\/media?parent=2576"}],"wp:term":[{"taxonomy":"category","embeddable":true,"href":"https:\/\/www.luxor.cz\/blog\/wp-json\/wp\/v2\/categories?post=2576"},{"taxonomy":"post_tag","embeddable":true,"href":"https:\/\/www.luxor.cz\/blog\/wp-json\/wp\/v2\/tags?post=2576"}],"curies":[{"name":"wp","href":"https:\/\/api.w.org\/{rel}","templated":true}]}}