{"id":2570,"date":"2014-07-29T12:08:00","date_gmt":"2014-07-29T10:08:00","guid":{"rendered":"https:\/\/www.luxor.cz\/blog\/nezarazene\/presne-strizeny-roman\/"},"modified":"2023-01-06T16:15:16","modified_gmt":"2023-01-06T15:15:16","slug":"presne-strizeny-roman-611","status":"publish","type":"post","link":"https:\/\/www.luxor.cz\/blog\/recenze\/presne-strizeny-roman-611\/","title":{"rendered":"P\u0159esn\u011b st\u0159i\u017een\u00fd rom\u00e1n"},"content":{"rendered":"<\/p>\n<p><span><\/span><\/p>\n<\/p>\n<p><span>Kniha se okam\u017eit\u011b po sv\u00e9m vyd\u00e1n\u00ed v roce 2009 stala bestsellerem a byla p\u0159elo\u017een do v\u00edce ne\u017e 25 jazyk\u016f. A nen\u00ed divu, \u017ee dos\u00e1hla takov\u00e9ho \u00fasp\u011bchu. Obs\u00e1hl\u00fd rom\u00e1n o oby\u010dejn\u00fdch lidech, lidech jako jsme my v\u0161ichni, vypr\u00e1v\u00ed o hou\u017eevnatosti a odvaze v nebezpe\u010dn\u00fdch \u010dasech v\u00e1lky, a tak\u00e9 o tom, jak se ti \u0161ikovn\u00ed um\u011bj\u00ed poprat s osudem.<\/span><\/p>\n<p>Hlavn\u00ed hrdinka, s cizokrajn\u011b zn\u011bj\u00edc\u00edm jm\u00e9nem Sira, n\u00e1m vypr\u00e1v\u00ed sv\u016fj \u017eivotn\u00ed p\u0159\u00edb\u011bh. P\u0159\u00edb\u011bh, kter\u00fd za\u010dal velmi nevinn\u011b, aby se posl\u00e9ze \u0159\u00edzen\u00edm osudu rozb\u011bhl jako spla\u0161en\u00fd \u0161ic\u00ed stroj. Sira se slu\u0161n\u011b \u017eiv\u00ed jako \u0161vadlena a p\u0159ipravuje se na svatbu, kdy\u017e j\u00ed do \u017eivota zas\u00e1hnou dva mu\u017ei. Prvn\u00edm je milenec, jeho\u017e kouzlu zcela propadne, bezv\u00fdhradn\u011b mu uv\u011b\u0159\u00ed, opust\u00ed kv\u016fli n\u011bmu snoubence a rozh\u00e1d\u00e1 se s matkou. Druh\u00fdm je znovunalezen\u00fd otec, kter\u00fd j\u00ed p\u0159ed\u00e1 velk\u00e9 d\u011bdictv\u00ed, aby od\u010dinil sv\u016fj zd\u00e1nliv\u00fd nez\u00e1jem. S kufrem pln\u00fdm pen\u011bz a milovan\u00fdm mu\u017eem po bohu se Sira vyd\u00e1v\u00e1 do Maroka, aby zde za\u010dala sv\u016fj vysn\u011bn\u00fd \u017eivot.<\/p>\n<p>Velmi z\u00e1hy v\u0161ak zjist\u00ed, \u017ee jej\u00ed mil\u00fd v\u016fbec nen\u00ed tak mil\u00fd a vyklube se z n\u011bj zr\u00e1dce a zlod\u011bj. A tak se Sira ocit\u00e1 v nezn\u00e1m\u00e9m prost\u0159ed\u00ed m\u011bsta Tetu\u00e1n okraden\u00e1, zneu\u017eit\u00e1, bez prost\u0159edk\u016f a po krk v dluz\u00edch. Aby v\u0161e splatila, chyt\u00e1 se op\u011bt jehly a nit\u011b a pro\u0161\u00edv\u00e1 se ke sl\u00e1v\u011b.<\/p>\n<p>V\u00fd\u0161e nazna\u010den\u00fd d\u011bj je pouhou kostrou mnohovrstevn\u00e9ho p\u0159\u00edb\u011bhu, jen\u017e <a href=\"http:\/\/neoluxor.cz\/beletrie\/cas-mezi-sitim--214332\/\" target=\"_blank\" rel=\"noopener\">\u010cas mezi \u0161it\u00edm<\/a> nab\u00edz\u00ed. Na prvn\u00ed pohled se m\u016f\u017ee zd\u00e1t, \u017ee jde o docela nudn\u00e9 vypr\u00e1v\u011bn\u00ed o oby\u010dejn\u00e9 \u0161vadlen\u011b, kter\u00e1 k v\u011bhlasu p\u0159i\u0161la. Ale u\u017e na druh\u00fd pohled je v\u0161echno jinak. Sta\u010d\u00ed toti\u017e, abych v\u00e1m \u0159ekla, \u017ee se Sira narodila v roce 1911 a jej\u00ed pohnut\u00fd osud se tak odehr\u00e1v\u00e1 na pozad\u00ed \u0160pan\u011blsk\u00e9 ob\u010dansk\u00e9 v\u00e1lky a posl\u00e9ze tak\u00e9 2. sv\u011btov\u00e9 v\u00e1lky. Sira nen\u00ed jen oby\u010dejnou \u0161vadlenkou, \u010das mezi \u0161it\u00edm tr\u00e1v\u00ed docela jinak, ne\u017e si p\u0159edstavujete, tak trochu nev\u0161edn\u011b a nebezpe\u010dn\u011bji, pod kryc\u00edm jm\u00e9nem\u00a0Arish Agoriuq.<\/p>\n<p>\u010c\u00edm, jak a pro\u010d se Sira stane, to v\u00e1m samoz\u0159ejm\u011b neprozrad\u00edm, p\u0159i\u0161li byste o chv\u00edle nap\u011bt\u00ed, dechberouc\u00edch situac\u00ed a p\u0159ekvapen\u00ed. Prozrad\u00edm v\u00e1m v\u0161ak, \u017ee hned od prvn\u00edch stran budete m\u00edt neodbytn\u00fd pocit, \u017ee tento rozs\u00e1hl\u00fd rom\u00e1n (\u010d\u00edtaj\u00edc\u00ed t\u00e9m\u011b\u0159 700 stran) napsal n\u011bkter\u00fd z velk\u00fdch romanopisc\u016f dvac\u00e1t\u00e9ho stolet\u00ed. Mn\u011b tedy sv\u00fdm z\u00e1b\u011brem a t\u00e9matem rozhodn\u011b p\u0159ipom\u00edn\u00e1 nejlep\u0161\u00ed d\u00edla slavn\u00e9ho Ernesta Hemingwaye, na jeho\u017e \u017eenu Marthu Gellhornovou je dokonce v epilogu vzpom\u00edn\u00e1no.<\/p>\n<p>Autorka Mar\u00eda Due\u00f1asov\u00e1 velmi umn\u011b propojuje sv\u00e9 smy\u0161len\u00e9 postavy s nejv\u011bt\u0161\u00edmi osobnosti doby, aby vytvo\u0159ila dokonalou iluzi skute\u010dn\u00e9ho p\u0159\u00edb\u011bhu. Bezm\u00e1la \u0161pion\u00e1\u017en\u00ed rom\u00e1n se tak st\u00e1v\u00e1 knihou, kterou nebudete cht\u00edt odlo\u017eit, ani kdy\u017e v\u00e1m u\u017e jej\u00ed vahou bude umdl\u00e9vat ruka. Kn\u00ed\u017eka jist\u011b zaujme v\u0161echny, kte\u0159\u00ed la\u010dn\u00ed po velk\u00fdch p\u0159\u00edb\u011bz\u00edch, s jejich\u017e hrdiny mohou str\u00e1vit n\u011bjakou tu p\u0159\u00edjemnou hodinku. <a href=\"http:\/\/neoluxor.cz\/beletrie\/cas-mezi-sitim--214332\/\" target=\"_blank\" rel=\"noopener\">\u010cas mezi \u0161it\u00edm<\/a> pot\u011b\u0161\u00ed tak\u00e9 ty, kte\u0159\u00ed miluj\u00ed spojen\u00ed fikce s realitou a ji\u017e d\u0159\u00edve propadli d\u00edl\u016fm velik\u00e1n\u016f literatury. A rozhodn\u011b se nenechte odradit po\u010dtem stran.<\/p>\n<p>Osobn\u011b u\u017e se t\u011b\u0161\u00edm na dal\u0161\u00ed rom\u00e1n autorky, <i>Mise: Zapomn\u011bn\u00ed<\/i>, kter\u00e1 nakladatelstv\u00ed Jota chyst\u00e1 na p\u0159\u00ed\u0161t\u00ed rok. A a\u017e do\u010dtete <a href=\"http:\/\/neoluxor.cz\/beletrie\/cas-mezi-sitim--214332\/\" target=\"_blank\" rel=\"noopener\">\u010cas mezi \u0161it\u00edm<\/a> vy, budete se t\u011b\u0161it tak\u00e9, to mohu garantovat.<\/p>\n<h2>Hodnocen\u00ed: 90 %<\/h2>\n<p>Autorka: Helena Herynkov\u00e1<\/p>\n<\/p>\n<h2>Sout\u011b\u017e<\/h2>\n<p>Vyhrajte jeden ze t\u0159\u00ed v\u00fdtisk\u016f knihy <a href=\"http:\/\/neoluxor.cz\/beletrie\/cas-mezi-sitim--214332\/\" target=\"_blank\" rel=\"noopener\">\u010cas mezi \u0161it\u00edm<\/a>. Sta\u010d\u00ed odpov\u011bd\u011bt na jednoduchou v\u011bdomostn\u00ed a kreativn\u00ed sout\u011b\u017en\u00ed ot\u00e1zku a doufat, \u017ee va\u0161i odpov\u011b\u010f vybere na\u0161e dvou\u010dlenn\u00e1 porota jako v\u00fdhern\u00ed. Sout\u011b\u017e kon\u010d\u00ed 7. 8. 2014. <a href=\"http:\/\/neoluxor.cz\/files\/pravidla_souteze_cas_mezi_sitim.pdf\" target=\"_blank\" rel=\"noopener\">\u00dapln\u00e1 pravidla sout\u011b\u017ee<\/a>.<\/p>\n<\/p>\n<p><b>V\u00fdherci:<\/b><\/p>\n<\/p>\n<ul>\n<li><span style=\"line-height: 1.45em: background-color: initial:\">Vendula Jindrov\u00e1\u00a0<\/span><\/li>\n<li><span style=\"line-height: 1.45em: background-color: initial:\">Martina Kol\u00e1\u0159ov\u00e1\u00a0<\/span><\/li>\n<li><span style=\"line-height: 1.45em: background-color: initial:\">Jan \u0158\u00edha<\/span><span style=\"line-height: 1.45em: background-color: initial:\">\u00a0<\/span><\/li>\n<\/ul>\n","protected":false},"excerpt":{"rendered":"<p>P\u0159\u00edb\u011bh jednoho \u017eivota na pozad\u00ed d\u011bjin 20. stolet\u00ed. M\u00f3da, atraktivn\u00ed prost\u0159ed\u00ed i doba, vzletn\u00e1 l\u00e1ska, hlubok\u00e1 nen\u00e1vist, to v\u0161echno jsou p\u0159\u00edsady skv\u011bl\u00e9 rom\u00e1nov\u00e9 prvotiny \u010cas mezi \u0161it\u00edm \u0161pan\u011blsk\u00e9 autorky Mar\u00edi Due\u00f1asov\u00e9. Velk\u00fd rom\u00e1n pln\u00fd nap\u011bt\u00ed i k\u0159ehk\u00e9 kr\u00e1sy p\u0159in\u00e1\u0161\u00ed nakladatelstv\u00ed Jota.<\/p>\n","protected":false},"author":2,"featured_media":0,"comment_status":"open","ping_status":"open","sticky":false,"template":"","format":"standard","meta":{"_acf_changed":false,"_monsterinsights_skip_tracking":false,"_monsterinsights_sitenote_active":false,"_monsterinsights_sitenote_note":"","_monsterinsights_sitenote_category":0,"_EventAllDay":false,"_EventTimezone":"","_EventStartDate":"","_EventEndDate":"","_EventStartDateUTC":"","_EventEndDateUTC":"","_EventShowMap":false,"_EventShowMapLink":false,"_EventURL":"","_EventCost":"","_EventCostDescription":"","_EventCurrencySymbol":"","_EventCurrencyCode":"","_EventCurrencyPosition":"","_EventDateTimeSeparator":"","_EventTimeRangeSeparator":"","_EventOrganizerID":[],"_EventVenueID":[],"_OrganizerEmail":"","_OrganizerPhone":"","_OrganizerWebsite":"","_VenueAddress":"","_VenueCity":"","_VenueCountry":"","_VenueProvince":"","_VenueState":"","_VenueZip":"","_VenuePhone":"","_VenueURL":"","_VenueStateProvince":"","_VenueLat":"","_VenueLng":"","_VenueShowMap":false,"_VenueShowMapLink":false,"twitterCardType":"","cardImageID":0,"cardImage":"","cardTitle":"","cardDesc":"","cardImageAlt":"","cardPlayer":"","cardPlayerWidth":0,"cardPlayerHeight":0,"cardPlayerStream":"","cardPlayerCodec":"","footnotes":""},"categories":[7],"tags":[],"class_list":["post-2570","post","type-post","status-publish","format-standard","hentry","category-recenze"],"acf":{"related_products":null},"_links":{"self":[{"href":"https:\/\/www.luxor.cz\/blog\/wp-json\/wp\/v2\/posts\/2570","targetHints":{"allow":["GET"]}}],"collection":[{"href":"https:\/\/www.luxor.cz\/blog\/wp-json\/wp\/v2\/posts"}],"about":[{"href":"https:\/\/www.luxor.cz\/blog\/wp-json\/wp\/v2\/types\/post"}],"author":[{"embeddable":true,"href":"https:\/\/www.luxor.cz\/blog\/wp-json\/wp\/v2\/users\/2"}],"replies":[{"embeddable":true,"href":"https:\/\/www.luxor.cz\/blog\/wp-json\/wp\/v2\/comments?post=2570"}],"version-history":[{"count":0,"href":"https:\/\/www.luxor.cz\/blog\/wp-json\/wp\/v2\/posts\/2570\/revisions"}],"wp:attachment":[{"href":"https:\/\/www.luxor.cz\/blog\/wp-json\/wp\/v2\/media?parent=2570"}],"wp:term":[{"taxonomy":"category","embeddable":true,"href":"https:\/\/www.luxor.cz\/blog\/wp-json\/wp\/v2\/categories?post=2570"},{"taxonomy":"post_tag","embeddable":true,"href":"https:\/\/www.luxor.cz\/blog\/wp-json\/wp\/v2\/tags?post=2570"}],"curies":[{"name":"wp","href":"https:\/\/api.w.org\/{rel}","templated":true}]}}