{"id":2569,"date":"2014-08-08T09:36:00","date_gmt":"2014-08-08T07:36:00","guid":{"rendered":"https:\/\/www.luxor.cz\/blog\/nezarazene\/jako-zlodejka-knih\/"},"modified":"2023-01-06T16:15:06","modified_gmt":"2023-01-06T15:15:06","slug":"jako-zlodejka-knih-610","status":"publish","type":"post","link":"https:\/\/www.luxor.cz\/blog\/nezarazene\/jako-zlodejka-knih-610\/","title":{"rendered":"12 knih, kter\u00e9 si p\u0159e\u010dt\u011bte, pokud se v\u00e1m l\u00edbila Zlod\u011bjka knih"},"content":{"rendered":"<\/p>\n<p>P\u0159ipn\u011bte si na sv\u016fj Pinterest obr\u00e1zek s p\u0159ehledem v\u0161ech knih:\u00a0<a  data-pin-href=\"\/\/cz.pinterest.com\/pin\/create\/button\/?url=http%3A%2F%2Fnlx.cz%2Fjako-zlodejka-knih&#038;media=http%3A%2F%2Fneoluxor.cz%2Ffiles%2Fzlodejka_knih_web.png&#038;guid=PeBiSzXjCA3C-0&#038;description=NEOLUXOR%3A%2012%20knih%2C%20kter%C3%A9%20si%20p%C5%99e%C4%8Dt%C4%9Bte%2C%20pokud%20se%20v%C3%A1m%20l%C3%ADbila%20Zlod%C4%9Bjka%20knih\" data-pin-log=\"button_pinit\" data-pin-config=\"none\"><span  id=\"PIN_1407707790288_pin_count_0\"><i><\/i><\/span><\/a>    <\/p>\n<p><span>Zlod\u011bjka knih v sob\u011b krom\u011b t\u00e9matu v\u00e1lky skr\u00fdv\u00e1 i siln\u00fd lidsk\u00fd p\u0159\u00edb\u011bh, kter\u00fd p\u0159etrv\u00e1v\u00e1 hr\u016fz\u00e1m doby navzdory. L\u00e1ska ukryt\u00e1 v \u0159\u00e1dc\u00edch knih, laskavost a lidskost, touha a odvaha pomoci, n\u00e1dhern\u00fd d\u011btsk\u00fd sv\u011bt, kter\u00fd ani zlo nedok\u00e1\u017ee pok\u0159ivit. Zlod\u011bjka knih je jedine\u010dn\u00e1 a m\u00e1loco se j\u00ed vyrovn\u00e1. I p\u0159esto se n\u00e1m poda\u0159ilo naj\u00edt n\u011bkolik titul\u016f, kter\u00e9 v\u00e1s zas\u00e1hnou podobn\u011b. A nejsou v\u0161echny jen o v\u00e1lce.<\/span><\/p>\n<h2><span>1. Sharon Dogar: L\u00e1ska Anny Frankov\u00e9<\/span><\/h2>\n<p><span><\/span><\/p>\n<\/p>\n<p><span><a href=\"http:\/\/neoluxor.cz\/popularne-naucna\/laska-anny-frankove--127604\/\" target=\"_blank\" rel=\"noopener\">L\u00e1ska Anny Frankov\u00e9<\/a> &#8211;\u00a0<\/span><span style=\"line-height: 1.45em: background-color: initial:\">Asi se nenajde nikdo, kdo by neznal p\u0159\u00edb\u011bh Anny Frankov\u00e9 \u2013 \u017eidovsk\u00e9 d\u00edvky, kter\u00e1 se b\u011bhem okupace Holandska schov\u00e1vala s rodi\u010di v \u00fakrytu v zadn\u00edm traktu amsterodamsk\u00e9ho domu. \u010ctrn\u00e1ctilet\u00e1 Anne pro\u017eila v zadn\u00edm traktu i sv\u00e9 prvn\u00ed milostn\u00e9 vzplanut\u00ed a \u010dten\u00e1\u0159i jej\u00edho Den\u00edku mohli vn\u00edmat plach\u00e9ho a nemotorn\u00e9ho Petra van Pelse dlouho jen d\u00edv\u010din\u00fdma o\u010dima. Sharon Dogarov\u00e1 se na z\u00e1klad\u011b dobov\u00fdch dokument\u016f pokusila zpracovat cel\u00fd p\u0159\u00edb\u011bh z opa\u010dn\u00e9ho hlediska \u2013 o\u010dima Anniny l\u00e1sky. Jak Peter vn\u00edmal \u017eivot v \u00fakrytu, ka\u017edodenn\u00ed \u00fatrapy i rostouc\u00ed z\u00e1jem mladink\u00e9 Anny? \u010c\u00edm za\u010dalo to dojemn\u011b nevinn\u00e9 t\u00e1p\u00e1n\u00ed na poli vz\u00e1jemn\u00e9 nevra\u017eivosti, kter\u00e1 se postupn\u011b m\u011bnila v oboustrannou p\u0159ita\u017elivost? Petrovo vypr\u00e1v\u011bn\u00ed zachycuje prvn\u00ed neobratn\u00e9 doteky a polibky, odehr\u00e1vaj\u00edc\u00ed se pod napjat\u00fdm dozorem dosp\u011bl\u00fdch obyvatel \u00fakrytu, marn\u00e9 pokusy o pubert\u00e1ln\u00ed vzdor i p\u0159ekotn\u00e9 dosp\u00edv\u00e1n\u00ed obou zamilovan\u00fdch, jejich\u017e sbli\u017eov\u00e1n\u00ed p\u0159erval vp\u00e1d nacistick\u00e9 policie.<\/span><\/p>\n<h2><span style=\"line-height: 1.45em: background-color: initial:\">2. Eva\u00a0Weaverov\u00e1: Loutk\u00e1\u0159 z ghetta<\/span><\/h2>\n<p><span style=\"line-height: 1.45em: background-color: initial:\"><\/span><\/p>\n<\/p>\n<p><a href=\"http:\/\/neoluxor.cz\/beletrie\/loutkar-z-ghetta--202800\/\" target=\"_blank\" rel=\"noopener\">Loutk\u00e1\u0159 z ghetta<\/a> &#8211;\u00a0<span style=\"line-height: 1.45em: background-color: initial:\">\u00dachvatn\u00fd p\u0159\u00edb\u011bh o mal\u00e9m chlapci z var\u0161avsk\u00e9ho ghetta, kter\u00fd chce p\u0159e\u017e\u00edt v\u00e1lku. I v nejt\u011b\u017e\u0161\u00edch chv\u00edl\u00edch lidsk\u00e9ho \u017eivota mus\u00ed existovat nad\u011bje. A n\u011bkdy se tato nad\u011bje vt\u011bl\u00ed do mal\u00e9ho kluka, kter\u00fd je vyzbrojen loutkami\u2026 Var\u0161ava 1939. Mika \u017eije s rodinou v ghettu. Kdy\u017e zem\u0159e jeho d\u011bde\u010dek Jakob, zd\u011bd\u00ed vnuk tajemn\u00fd kab\u00e1t, ve kter\u00e9m objev\u00ed loutku. Vyrobil ji d\u011bda, stejn\u011b jako loutky krokod\u00fdla, kr\u00e1le a \u0161a\u0161ka. Mika za\u010dne loutky s\u00e1m vyr\u00e1b\u011bt, hr\u00e1t pro obyvatele ghetta a vytv\u00e1\u0159et v \u010dase strachu a kl\u00ed\u010d\u00edc\u00ed beznad\u011bje okam\u017eiky radosti a zapomn\u011bn\u00ed na d\u011bsivou v\u00e1lku. Jednoho dne chlapce nachyt\u00e1 n\u011bmeck\u00fd voj\u00e1k Max. Pokud se chce Mika zachr\u00e1nit, mus\u00ed hr\u00e1t i pro N\u011bmce\u2026<\/span><\/p>\n<h2><span style=\"line-height: 1.45em: background-color: initial:\">3. Ruta Sepetysov\u00e1: V \u0161ed\u00fdch t\u00f3nech<\/span><\/h2>\n<p><span style=\"line-height: 1.45em: background-color: initial:\"><\/span><\/p>\n<\/p>\n<p><a href=\"http:\/\/neoluxor.cz\/beletrie\/v-sedych-tonech--198752\/\" target=\"_blank\" rel=\"noopener\">V \u0161ed\u00fdch t\u00f3nech<\/a> &#8211;\u00a0<span style=\"line-height: 1.45em: background-color: initial:\">P\u00ed\u0161e se rok 1941. Lin\u011b je patn\u00e1ct let a t\u011b\u0161\u00ed se, \u017ee po pr\u00e1zdnin\u00e1ch p\u016fjde na um\u011bleckou \u0161kolu. Jednoho ve\u010dera ale k nim dom\u016f vraz\u00ed sov\u011btsk\u00e1 tajn\u00e1 policie a spole\u010dn\u011b s jej\u00ed matkou a mal\u00fdm br\u00e1\u0161kou ji odvle\u010dou pry\u010d. \u010cek\u00e1 je deportace do pracovn\u00edch t\u00e1bor\u016f na Sibi\u0159i. Lina se mus\u00ed nau\u010dit bojovat o \u017eivot, p\u0159ij\u00edmat obt\u00ed\u017en\u00e1 rozhodnut\u00ed, spolknout poni\u017eov\u00e1n\u00ed a bit\u00ed a hlavn\u011b nenechat se zlomit, udr\u017eet si vlastn\u00ed lidstv\u00ed. A to se j\u00ed da\u0159\u00ed d\u00edky sv\u00e9 rodin\u011b a tak\u00e9 l\u00e1sce k v\u00fdtvarn\u00e9mu um\u011bn\u00ed.<\/span><\/p>\n<\/p>\n<h2><span style=\"line-height: 1.45em: background-color: initial:\">4. Jerzy Kosinski: Nabarven\u00e9 pt\u00e1\u010de<\/span><\/h2>\n<p><span style=\"line-height: 1.45em: background-color: initial:\"><\/span><\/p>\n<\/p>\n<p><a href=\"http:\/\/neoluxor.cz\/beletrie\/nabarvene-ptace--99096\/\" target=\"_blank\" rel=\"noopener\">Nabarven\u00e9 pt\u00e1\u010de<\/a> &#8211;\u00a0<span style=\"line-height: 1.45em: background-color: initial:\">Druh\u00e9 vyd\u00e1n\u00ed autobiografick\u00e9ho rom\u00e1nu l\u00ed\u010d\u00ed osud mal\u00e9ho \u017eidovsk\u00e9ho chlapce, kter\u00fd s\u00e1m pro\u017eil druhou sv\u011btovou v\u00e1lku na zaostal\u00e9m venkov\u011b kdesi v prostoru v\u00fdchodn\u00edho Polska \u010di Ukrajiny. Osam\u011bl\u00e9 d\u00edt\u011b p\u016fsobilo jako vet\u0159elec a ve vypjat\u00e9m obdob\u00ed aktu\u00e1ln\u00edho ohro\u017een\u00ed bylo vystaveno v\u0161em mysliteln\u00fdm \u00fatok\u016fm primitivn\u00edch venkovan\u016f a hr\u016fzn\u00e9 v\u00e1le\u010dn\u00e9 pom\u011bry m\u011blo zost\u0159eno svou odli\u0161nost\u00ed a samotou. Ve chv\u00edli \u017eivotn\u00edho ohro\u017een\u00ed se chlapec dostal mezi rudoarm\u011bjce a u nich se poprv\u00e9 setkal s lidsk\u00fdm zach\u00e1zen\u00edm a porozum\u011bn\u00edm. Pov\u00e1le\u010dn\u00e9 setk\u00e1n\u00ed chlapce s rodi\u010di pak nebylo v\u016fbec snadn\u00e9.<\/span><\/p>\n<h2><span style=\"line-height: 1.45em: background-color: initial:\">5. Zde\u0148ka Bezd\u011bkov\u00e1: \u0158\u00edkali mi Leni<\/span><\/h2>\n<p><span style=\"line-height: 1.45em: background-color: initial:\"><\/span><\/p>\n<\/p>\n<p><a href=\"http:\/\/neoluxor.cz\/detske\/rikali-mi-leni--182632\/\" target=\"_blank\" rel=\"noopener\">\u0158\u00edkali mi Leni<\/a> &#8211;\u00a0<span style=\"line-height: 1.45em: background-color: initial:\">K\u0159ehk\u00e9 a p\u016fsobiv\u00e9 vypr\u00e1v\u011bn\u00ed mal\u00e9 Leni Freiwald z m\u011bste\u010dka Herrnstadt v N\u011bmecku z\u00edskalo po sv\u00e9m prvn\u00edm vyd\u00e1n\u00ed popularitu mezi na\u0161imi \u010dten\u00e1\u0159i a uzn\u00e1n\u00ed i v zahrani\u010d\u00ed. Kn\u00ed\u017eka vy\u0161la mimo jin\u00e9 tak\u00e9 v N\u011bmecku, USA, Velk\u00e9 Brit\u00e1nii i Japonsku a pat\u0159\u00ed do pokladnice \u010desk\u00e9 literatury pro d\u011bti. Nov\u00e9 vyd\u00e1n\u00ed vych\u00e1zi s ilustracemi japonsk\u00e9 ilustr\u00e1torky Iku Dekune, kter\u00e9 jsou stejn\u011b k\u0159ehk\u00e9 a sou\u010dasn\u011b siln\u00e9 jako p\u0159\u00edb\u011bh desetilet\u00e9ho d\u011bv\u010d\u00e1tka, kter\u00e9 postupn\u011b zji\u0161\u0165uje, kdo je a kam pat\u0159\u00ed, strhuje, doj\u00edm\u00e1 a sou\u010dasn\u011b burcuje \u010dten\u00e1\u0159e dnes stejn\u011b jako p\u0159ed pades\u00e1ti lety&#8230;<\/span><\/p>\n<h2><span style=\"line-height: 1.45em: background-color: initial:\">6. Uri Orlev: Ostrov v Pta\u010d\u00ed ulici<\/span><\/h2>\n<p><span style=\"line-height: 1.45em: background-color: initial:\"><\/span><\/p>\n<\/p>\n<p><a href=\"http:\/\/neoluxor.cz\/detske\/ostrov-v-ptaci-ulici--193881\/\" target=\"_blank\" rel=\"noopener\">Ostrov v Pta\u010d\u00ed ulici<\/a> &#8211;\u00a0<span style=\"line-height: 1.45em: background-color: initial:\">Jako Robinson Crusoe na opu\u0161t\u011bn\u00e9m ostrov\u011b p\u0159e\u017e\u00edv\u00e1 \u017eidovsk\u00fd chlapec s nesm\u00edrnou odvahou a vynal\u00e9zavost\u00ed v polorozbo\u0159en\u00e9m dom\u011b v opu\u0161t\u011bn\u00e9 \u010dtvrti var\u0161avsk\u00e9ho ghetta. Obyvatel\u00e9 \u010dtvrti byli odvedeni a zanechali po sob\u011b t\u00e9m\u011b\u0159 ve\u0161ker\u00fd sv\u016fj majetek. Zni\u010den\u00fd d\u016fm se nach\u00e1z\u00ed u zdi odd\u011bluj\u00edc\u00ed ghetto od zbytku m\u011bsta. V\u011btrac\u00edm otvorem m\u016f\u017ee Alex ze sv\u00e9ho \u00fakrytu sledovat, co se d\u011bje ve \u010dtvrti vn\u011b ghetta. M\u00e1 za \u00fakol po\u010dkat v trosk\u00e1ch na tat\u00ednka, kter\u00fd mu sl\u00edbil, \u017ee se za n\u011bkolik dn\u016f vr\u00e1t\u00ed. Dny se v\u0161ak m\u011bn\u00ed v t\u00fddny a t\u00fddny v m\u011bs\u00edce\u2026<\/span><\/p>\n<h2><span style=\"line-height: 1.45em: background-color: initial:\">7. Leon Leyson: Chlapec na d\u0159ev\u011bn\u00e9 bedn\u011b<\/span><\/h2>\n<p><span style=\"line-height: 1.45em: background-color: initial:\"><\/span><\/p>\n<\/p>\n<p><span style=\"line-height: 1.45em: background-color: initial:\"><a href=\"http:\/\/neoluxor.cz\/beletrie\/chlapec-na-drevene-bedne--203461\/\" target=\"_blank\" rel=\"noopener\">Chlapec na d\u0159ev\u011bn\u00e9 bedn\u011b<\/a> &#8211;\u00a0<\/span><span style=\"line-height: 1.45em: background-color: initial:\">Leonu Leysonovi (narozen jako Leib Lejzon) bylo teprve deset let, kdy\u017e nacist\u00e9 obsadili Polsko a jeho rodina byla donucena p\u0159est\u011bhovat se do krakovsk\u00e9ho ghetta. S velkou d\u00e1vkou \u0161t\u011bst\u00ed, hou\u017eevnatosti a odvahy Leyson p\u0159e\u017eil sadismus nacist\u016f. Byly to p\u0159edev\u0161\u00edm \u0161lechetnost a vytrvalost jednoho \u010dlov\u011bka, mu\u017ee jm\u00e9nem Oskar Schindler, kter\u00e9 zachr\u00e1nily \u017eivoty Leona Leysona, jeho matky, otce a dvou ze \u010dty\u0159 sourozenc\u016f. Pam\u011bti d\u00edt\u011bte ze Schindlerova seznamu zachycuj\u00ed s j\u00edmavou pr\u016fzra\u010dnost\u00ed nevinnost mal\u00e9ho chlapce a jeho st\u0159etu s nep\u0159edstavitelnou krutost\u00ed, bezpr\u00e1v\u00edm a zlem. Je pozoruhodn\u00e9, \u017ee navzdory v\u0161emu utrpen\u00ed, kter\u00e9 pam\u011bti popisuj\u00ed, se jejich autor nenechal un\u00e9st a zaslepit nen\u00e1vist\u00ed a z\u00e1\u0161t\u00ed. Z ka\u017ed\u00e9ho \u0159\u00e1dku vyza\u0159uje nad\u011bje, moudrost a lidsk\u00e1 d\u016fstojnost. T\u00edm jsou Leysonovy pam\u011bti v\u00fdjime\u010dn\u00e9.<\/span><\/p>\n<h2>8. Harper Leeov\u00e1: Jako zab\u00edt pt\u00e1\u010dka<\/h2>\n<\/p>\n<\/p>\n<p><a href=\"http:\/\/neoluxor.cz\/beletrie\/jako-zabit-ptacka--31734\/\" target=\"_blank\" rel=\"noopener\">Jako zab\u00edt pt\u00e1\u010dka<\/a> &#8211;\u00a0<span style=\"line-height: 1.45em: background-color: initial:\">Dnes ji\u017e klasick\u00fd rom\u00e1n modern\u00ed americk\u00e9 literatury, za kter\u00fd autorka v roce 1961 obdr\u017eela Pulitzerovu cenu. P\u0159\u00edb\u011bh justi\u010dn\u00ed vra\u017edy nevinn\u00e9ho \u010dernocha na americk\u00e9m jihu v prvn\u00ed t\u0159etin\u011b 20. stolet\u00ed, vid\u011bn\u00fd o\u010dima dvou mal\u00fdch d\u011bt\u00ed. Nem\u011bnn\u00fd \u0159\u00e1d sv\u011bta je naru\u0161en: nevinn\u00fd \u010dernoch je k\u0159iv\u011b obvin\u011bn ze zn\u00e1siln\u011bn\u00ed b\u011blo\u0161ky a postaven p\u0159ed soud. Obh\u00e1jcem \u010dernocha se st\u00e1v\u00e1 otec obou d\u011bt\u00ed, kter\u00fd bere tento p\u0159\u00edpad jako v\u011bc sv\u00e9 osobn\u00ed cti. Kniha navazuje na humanistick\u00e9 tradice Marka Twaina.<\/span><\/p>\n<h2><span style=\"line-height: 1.45em: background-color: initial:\">9. Patrick Ness: Vol\u00e1n\u00ed netvora<\/span><\/h2>\n<p><span style=\"line-height: 1.45em: background-color: initial:\"><\/span><\/p>\n<\/p>\n<p><a href=\"http:\/\/neoluxor.cz\/beletrie\/volani-netvora--176246\/\" target=\"_blank\" rel=\"noopener\">Vol\u00e1n\u00ed netvora<\/a> &#8211;\u00a0<span style=\"line-height: 1.45em: background-color: initial:\">T\u0159in\u00e1ctilet\u00e9mu Conorovi se do sn\u016f vkr\u00e1daj\u00ed no\u010dn\u00ed m\u016fry. A jakpak by taky ne &#8211; jeho maminka je v\u00e1\u017en\u011b nemocn\u00e1, t\u00e1ta \u017eije kdesi za mo\u0159em v Americe, babi\u010dka ho po\u0159\u00e1d jen peskuje a spolu\u017e\u00e1ci jsou tak trochu tyrani. Pak se rozh\u00e1d\u00e1 se svou nejlep\u0161\u00ed kamar\u00e1dkou a z\u016fstane na v\u0161echno s\u00e1m. Tedy, skoro s\u00e1m. V noci, v\u017edycky chv\u00edli po p\u016flnoci, ho toti\u017e nav\u0161t\u011bvuje netvor &#8211; obrovit\u00e1nsk\u00fd chod\u00edc\u00ed a mluv\u00edc\u00ed star\u00fd strom, kter\u00fd roste na kopci za domem. Postupn\u011b Conorovi vypr\u00e1v\u00ed t\u0159i starobyl\u00e9 p\u0159\u00edb\u011bhy a u\u010d\u00ed jej, \u017ee v\u011bci \u010dasto nejsou takov\u00e9, jak\u00fdmi se na prvn\u00ed pohled zdaj\u00ed. A \u017ee na\u0161\u00edm nejv\u011bt\u0161\u00edm nep\u0159\u00edtelem je n\u00e1\u0161 vlastn\u00ed strach. Netvor chlapce ponouk\u00e1, aby povypr\u00e1v\u011bl \u010dtvrt\u00fd, posledn\u00ed, p\u0159\u00edb\u011bh s\u00e1m. Vlastn\u011b po n\u011bm chce tu v\u016fbec nejt\u011b\u017e\u0161\u00ed v\u011bc &#8211; pod\u00edvat se d\u011bsiv\u00e9 pravd\u011b do o\u010d\u00ed. Dok\u00e1\u017ee to Conor?<\/span><\/p>\n<h2>10. Elizabeth Labanov\u00e1: Esej o trag\u00e9dii<\/h2>\n<\/p>\n<\/p>\n<p><a href=\"http:\/\/neoluxor.cz\/detske\/esej-o-tragedii--214478\/\" target=\"_blank\" rel=\"noopener\">Esej o trag\u00e9dii<\/a>\u00a0(<a href=\"http:\/\/www.palmknihy.cz\/esej-o-tragedii.html?a_box=2aj48k8n\" target=\"_blank\" rel=\"noopener\">e-kniha<\/a>) &#8211;\u00a0<span style=\"line-height: 1.45em: background-color: initial:\">Tim Macbeth, sedmn\u00e1ctilet\u00fd alb\u00edn, ned\u00e1vno p\u0159estoupil na presti\u017en\u00ed Irvingovu \u0161kolu, jej\u00ed\u017e motto zn\u00ed: &#8222;Vejdi, p\u0159\u00edtele najdi a p\u0159\u00edtelem se sta\u0148&#8220;. P\u0159\u00edtel je ale to posledn\u00ed, co Tim hled\u00e1 &#8211; douf\u00e1 jen, \u017ee absolvuje posledn\u00ed ro\u010dn\u00edk, ani\u017e by vzbudil p\u0159\u00edli\u0161 pozornosti. Navzdory sv\u00e9 snaze z\u016fstat nen\u00e1padn\u00fd se v\u0161ak zamiluje do hv\u011bzdy ro\u010dn\u00edku Vanessy, p\u0159\u00edtelkyn\u011b nejobl\u00edben\u011bj\u0161\u00edho studenta na \u0161kole. K Timovu p\u0159ekvapen\u00ed Vanessa jeho l\u00e1sku op\u011btuje, z\u00e1rove\u0148 ale v\u00ed, \u017ee pokud jejich cit vyjde najevo, doplat\u00ed na to ztr\u00e1tou sv\u00e9ho spole\u010densk\u00e9ho postaven\u00ed. Tim a Vanessa sv\u016fj vztah taj\u00ed\u2026<\/span><\/p>\n<h2><span style=\"line-height: 1.45em: background-color: initial:\">11. Jean-Michel Guenassia: Klub nenapraviteln\u00fdch optimist\u016f<\/span><\/h2>\n<p><span style=\"line-height: 1.45em: background-color: initial:\"><\/span><\/p>\n<\/p>\n<p><a href=\"http:\/\/neoluxor.cz\/beletrie\/klub-nenapravitelnych-optimistu--180712\/\" target=\"_blank\" rel=\"noopener\">Klub nenapraviteln\u00fdch optimist\u016f<\/a> &#8211;\u00a0<span style=\"line-height: 1.45em: background-color: initial:\">P\u00ed\u0161e se rok 1959 a dvan\u00e1ctilet\u00fd Michel Marini pro\u017e\u00edv\u00e1 prvn\u00ed krizi v rodin\u011b. Rodi\u010de se nemohou na ni\u010dem shodnout a bratr Franck p\u0159es jejich odpor narukuje do v\u00e1lky v Al\u017e\u00edrsku. Michelov\u00fdm jedin\u00fdm \u00fato\u010di\u0161t\u011bm se st\u00e1vaj\u00ed knihy a utajen\u00fd \u0161achov\u00fd klub ve \u010dtvrti Montparnasse, kde se sch\u00e1zej\u00ed uprchl\u00edci z v\u00fdchodn\u00edho bloku a vypr\u00e1v\u011bj\u00ed si jen st\u011b\u017e\u00ed uv\u011b\u0159iteln\u00e9 osobn\u00ed p\u0159\u00edb\u011bhy. B\u011bhem n\u011bkolika let p\u0159ich\u00e1z\u00ed Michel o p\u0159\u00edtelkyni i o iluze a p\u0159ed\u010dasn\u011b dosp\u00edv\u00e1, p\u0159esto se v\u0161ak st\u00e1v\u00e1 pr\u00e1voplatn\u00fdm \u010dlenem \u0161achov\u00e9ho klubu a jedn\u00edm z nemnoha nenapraviteln\u00fdch optimist\u016f.<\/span><\/p>\n<h2>12. Simon Mawer: D\u00edvka, kter\u00e1 spadla z nebe<\/h2>\n<\/p>\n<\/p>\n<p><a href=\"http:\/\/neoluxor.cz\/beletrie\/divka-ktera-spadla-z-nebe--180514\/\" target=\"_blank\" rel=\"noopener\">D\u00edvka, kter\u00e1 spadla z nebe<\/a>\u00a0(<a href=\"http:\/\/www.palmknihy.cz\/divka-ktera-spadla-z-nebe.html?a_box=2aj48k8n\" target=\"_blank\" rel=\"noopener\">e-kniha<\/a>) &#8211;\u00a0<span style=\"line-height: 1.45em: background-color: initial:\">Marian Sutro je nap\u016fl Angli\u010danka, nap\u016fl Francouzka. Ve t\u0159et\u00edm roce druh\u00e9 sv\u011btov\u00e9 v\u00e1lky ji mimo jin\u00e9 pr\u00e1v\u011b pro jej\u00ed perfektn\u00ed znalost francouz\u0161tiny naverbuje francouzsk\u00e1 sekce britsk\u00fdch zvl\u00e1\u0161tn\u00edch jednotek a Marian se za\u010dne p\u0159ipravovat na v\u00fdsadek v okupovan\u00e9 Francii. B\u011bhem n\u00e1ro\u010dn\u00e9ho v\u00fdcviku se nau\u010d\u00ed zach\u00e1zet se zbran\u011bmi, v\u00fdbu\u0161ninami a vys\u00edla\u010dkami, sn\u00e1\u0161et fyzickou z\u00e1t\u011b\u017e i drsn\u00e9 metody v\u00fdslechu, sk\u00e1kat pad\u00e1kem a pohybovat se v utajen\u00ed v zemi, kde stejn\u011b nebezpe\u010dn\u00ed jako okupanti mohou b\u00fdt kolaboranti nebo zd\u00e1nliv\u00ed spojenci. Jej\u00ed mise ve Francii m\u00e1 ale krom\u011b podpory dom\u00e1c\u00edho odporu je\u0161t\u011b jedno, velmi speci\u00e1ln\u00ed posl\u00e1n\u00ed: p\u0159esv\u011bd\u010dit mlad\u00e9ho fyzika Cl\u00e9menta, jeho\u017e v\u00fdzkum by spojenci r\u00e1di vyu\u017eili v nevypsan\u00e9m z\u00e1vodu o zkonstruov\u00e1n\u00ed atomov\u00e9 bomby, aby opustil svou zemi a odlet\u011bl do Anglie. Skute\u010dnost, \u017ee ji s Cl\u00e9mentem poj\u00ed citov\u00e9 pouto z dob spole\u010dn\u00e9ho dosp\u00edv\u00e1n\u00ed, m\u016f\u017ee Marian pomoci &#8211; anebo j\u00ed \u00fakol hodn\u011b zkomplikovat.<\/span><\/p>\n<p><span style=\"line-height: 1.45em: background-color: initial:\">Autorka: Ema Krhovsk\u00e1, <a href=\"http:\/\/neoluxor.cz\/poradna\/\" target=\"_blank\" rel=\"noopener\">Kni\u017en\u00ed poradna<\/a><\/span><\/p>\n<p>Jakou dal\u0161\u00ed knihu byste doporu\u010dili vy?<\/p>\n","protected":false},"excerpt":{"rendered":"<p>Zlod\u011bjku knih zn\u00e1te nazpam\u011b\u0165, film jste vid\u011bli u\u017e p\u011btkr\u00e1t a Zusakovu dal\u0161\u00ed knihu Posel jste m\u011bli p\u0159e\u010dtenou za chv\u00edli? Pak se pod\u00edvejte na v\u00fdb\u011br dal\u0161\u00edch knih, kter\u00e9 v\u00e1s zaujmou sv\u00fdm siln\u00fdm p\u0159\u00edb\u011bhem.<\/p>\n","protected":false},"author":2,"featured_media":0,"comment_status":"open","ping_status":"open","sticky":false,"template":"","format":"standard","meta":{"_acf_changed":false,"_monsterinsights_skip_tracking":false,"_monsterinsights_sitenote_active":false,"_monsterinsights_sitenote_note":"","_monsterinsights_sitenote_category":0,"_EventAllDay":false,"_EventTimezone":"","_EventStartDate":"","_EventEndDate":"","_EventStartDateUTC":"","_EventEndDateUTC":"","_EventShowMap":false,"_EventShowMapLink":false,"_EventURL":"","_EventCost":"","_EventCostDescription":"","_EventCurrencySymbol":"","_EventCurrencyCode":"","_EventCurrencyPosition":"","_EventDateTimeSeparator":"","_EventTimeRangeSeparator":"","_EventOrganizerID":[],"_EventVenueID":[],"_OrganizerEmail":"","_OrganizerPhone":"","_OrganizerWebsite":"","_VenueAddress":"","_VenueCity":"","_VenueCountry":"","_VenueProvince":"","_VenueState":"","_VenueZip":"","_VenuePhone":"","_VenueURL":"","_VenueStateProvince":"","_VenueLat":"","_VenueLng":"","_VenueShowMap":false,"_VenueShowMapLink":false,"twitterCardType":"","cardImageID":0,"cardImage":"","cardTitle":"","cardDesc":"","cardImageAlt":"","cardPlayer":"","cardPlayerWidth":0,"cardPlayerHeight":0,"cardPlayerStream":"","cardPlayerCodec":"","footnotes":""},"categories":[1],"tags":[],"class_list":["post-2569","post","type-post","status-publish","format-standard","hentry","category-nezarazene"],"acf":{"related_products":null},"_links":{"self":[{"href":"https:\/\/www.luxor.cz\/blog\/wp-json\/wp\/v2\/posts\/2569","targetHints":{"allow":["GET"]}}],"collection":[{"href":"https:\/\/www.luxor.cz\/blog\/wp-json\/wp\/v2\/posts"}],"about":[{"href":"https:\/\/www.luxor.cz\/blog\/wp-json\/wp\/v2\/types\/post"}],"author":[{"embeddable":true,"href":"https:\/\/www.luxor.cz\/blog\/wp-json\/wp\/v2\/users\/2"}],"replies":[{"embeddable":true,"href":"https:\/\/www.luxor.cz\/blog\/wp-json\/wp\/v2\/comments?post=2569"}],"version-history":[{"count":0,"href":"https:\/\/www.luxor.cz\/blog\/wp-json\/wp\/v2\/posts\/2569\/revisions"}],"wp:attachment":[{"href":"https:\/\/www.luxor.cz\/blog\/wp-json\/wp\/v2\/media?parent=2569"}],"wp:term":[{"taxonomy":"category","embeddable":true,"href":"https:\/\/www.luxor.cz\/blog\/wp-json\/wp\/v2\/categories?post=2569"},{"taxonomy":"post_tag","embeddable":true,"href":"https:\/\/www.luxor.cz\/blog\/wp-json\/wp\/v2\/tags?post=2569"}],"curies":[{"name":"wp","href":"https:\/\/api.w.org\/{rel}","templated":true}]}}