{"id":2568,"date":"2014-08-03T19:34:00","date_gmt":"2014-08-03T17:34:00","guid":{"rendered":"https:\/\/www.luxor.cz\/blog\/nezarazene\/letem-kniznim-svetem-31-tyden-2014\/"},"modified":"2023-01-06T16:15:06","modified_gmt":"2023-01-06T15:15:06","slug":"letem-kniznim-svetem-31-tyden-2014-609","status":"publish","type":"post","link":"https:\/\/www.luxor.cz\/blog\/nezarazene\/letem-kniznim-svetem-31-tyden-2014-609\/","title":{"rendered":"Letem kni\u017en\u00edm sv\u011btem (31. t\u00fdden 2014)"},"content":{"rendered":"<\/p>\n<\/p>\n<p>Minul\u00fd t\u00fdden jsme oslavili narozeniny J. K. Rowlingov\u00e9 a Harryho Pottera <a href=\"http:\/\/neoluxor.cz\/blog\/specialy\/harry-potter-slavi-narozeniny-je-mu-34-let--616\/\" target=\"_blank\" rel=\"noopener\">speci\u00e1ln\u00edm \u010dl\u00e1nkem<\/a>.<\/p>\n<\/p>\n<p><span style=\"color: rgb(0, 0, 0): font-size: 30px: font-weight: bold: line-height: 38px: background-color: initial:\">P\u0159ipravovan\u00e9 knihy<\/span><\/p>\n<p>Pod\u00edvejte se do sekce <a href=\"http:\/\/neoluxor.cz\/pripravujeme\/\" target=\"_blank\" rel=\"noopener\">P\u0159ipravujeme<\/a> a zjist\u011bte, jak\u00e9 knihy vyjdou co nevid\u011bt u n\u00e1s.<\/p>\n<\/p>\n<ul>\n<li>Byla zve\u0159ejn\u011bna ob\u00e1lka z\u00e1v\u011bre\u010dn\u00e9ho d\u00edlu s\u00e9rie <i>Nebe<\/i> s n\u00e1zvem <a href=\"http:\/\/neoluxor.cz\/pripravujeme\/nebe-3-do-poklidne-modri--986\/\" target=\"_blank\" rel=\"noopener\">Do Poklidn\u00e9 mod\u0159i<\/a>, kter\u00fd vyjde v z\u00e1\u0159\u00ed v Kni\u017en\u00edm klubu. Pod\u00edvat se m\u016f\u017eete i na fin\u00e1ln\u00ed podobu ob\u00e1lky knihy <a href=\"http:\/\/neoluxor.cz\/pripravujeme\/labyrint-utek--807\/\" target=\"_blank\" rel=\"noopener\">Labyrint: \u00dat\u011bk<\/a>, kter\u00e1 je p\u0159ipravena podle filmov\u00e9ho plak\u00e1tu. A nakonec tu m\u00e1me novou ob\u00e1lku 9. d\u00edlu s\u00e9rie s Harrym Holem s n\u00e1zvem <a href=\"http:\/\/neoluxor.cz\/pripravujeme\/prizrak--1038\/\" target=\"_blank\" rel=\"noopener\">P\u0159\u00edzrak<\/a>, kter\u00fd vyjde na Velk\u00fd kni\u017en\u00ed \u010dtvrtek 16. \u0159\u00edjna.<\/li>\n<li>21. \u0159\u00edjna vyd\u00e1 George R. R. Martin knihu pro d\u011bti s n\u00e1zvem <i>The Ice Dragon<\/i>. D\u011bj se bude odehr\u00e1vat ve sv\u011bt\u011b s\u00e9rie <i>P\u00edse\u0148 ledu a ohn\u011b<\/i> a bude dopln\u011bn celkem 30 ilustracemi od\u00a0Luise Roya. Pod\u00edvejte se na pr\u00e1v\u011b zve\u0159ejn\u011bnou ob\u00e1lku a prvn\u00ed n\u00e1\u010drty obr\u00e1zk\u016f.<\/li>\n<\/ul>\n<\/p>\n<ul>\n<li>Tympanum zve\u0159ejnilo ob\u00e1lky audioknih <a href=\"http:\/\/neoluxor.cz\/pripravujeme\/cd-pan-prstenu-dve-veze--1036\/\" target=\"_blank\" rel=\"noopener\">Dv\u011b v\u011b\u017ee<\/a> a <a href=\"http:\/\/neoluxor.cz\/pripravujeme\/cd-pan-prstenu-navrat-krale--1037\/\" target=\"_blank\" rel=\"noopener\">N\u00e1vrat kr\u00e1le<\/a>, kter\u00e9, stejn\u011b jako prvn\u00ed d\u00edl (<a href=\"http:\/\/neoluxor.cz\/audio\/cd-pan-prstenu-spolecenstvo-prstenu--213650\/\" target=\"_blank\" rel=\"noopener\">CD<\/a> | <a href=\"http:\/\/www.palmknihy.cz\/pan-prstenu-spolecenstvo-prstenu.html?a_box=2aj48k8n\" target=\"_blank\" rel=\"noopener\">mp3<\/a>), namluv\u00ed\u00a0Ale\u0161 Proch\u00e1zka. Vyjdou v z\u00e1\u0159\u00ed a listopadu.<\/li>\n<li>P\u0159\u00ed\u0161t\u00ed m\u011bs\u00edc vyjde nov\u00e1 kniha Harukiho Murakamiho s n\u00e1zvem\u00a0<i>Colorless Tsukuru Tazaki and His Years of Pilgrimage<\/i>. P\u0159e\u010dt\u011bte si <a href=\"http:\/\/www.slate.com\/articles\/arts\/books\/2014\/07\/haruki_murakami_excerpt_from_colorless_tsukuru_tazaki_and_his_years_of_pilgrimage.html\" target=\"_blank\" rel=\"noopener\">prvn\u00ed uk\u00e1zku<\/a>.<\/li>\n<\/ul>\n<\/p>\n<p><span style=\"color: rgb(0, 0, 0): line-height: 38px: font-size: 30px: font-weight: bold:\">Kni\u017en\u00ed novinky t\u00fddne<\/span><\/p>\n<p>Kompletn\u00ed p\u0159ehled novinek najdete v sekci <a href=\"http:\/\/neoluxor.cz\/nove-knihy\/\" target=\"_blank\" rel=\"noopener\">Nov\u00e9 knihy<\/a>.\u00a0<\/p>\n<\/p>\n<p><a href=\"http:\/\/neoluxor.cz\/beletrie\/kazatel--215159\/\" target=\"_blank\" rel=\"noopener\"><\/a><\/p>\n<\/p>\n<p><a href=\"http:\/\/neoluxor.cz\/beletrie\/kazatel--215159\/\" target=\"_blank\" rel=\"noopener\"><\/a><\/p>\n<p><a href=\"http:\/\/neoluxor.cz\/beletrie\/mango-laska-a-kari--215004\/\" target=\"_blank\" rel=\"noopener\"><\/a><\/p>\n<p><a href=\"http:\/\/neoluxor.cz\/beletrie\/dabel--214939\/\" target=\"_blank\" rel=\"noopener\"><\/a><\/p>\n<p><a href=\"http:\/\/neoluxor.cz\/popularne-naucna\/pribeh-filmu-tri-bratri--214936\/\" target=\"_blank\" rel=\"noopener\"><\/a><\/p>\n<p><a href=\"http:\/\/neoluxor.cz\/beletrie\/detektivove-z-tawcesteru-dcera-svrzeneho-krale--214907\/\" target=\"_blank\" rel=\"noopener\"><\/a><\/p>\n<p><a href=\"http:\/\/neoluxor.cz\/detske\/jak-vycvicit-draka-1-skytak-selmovska-stika-iii--214892\/\" target=\"_blank\" rel=\"noopener\"><\/a><\/p>\n<p><a href=\"http:\/\/neoluxor.cz\/beletrie\/muj-zivot-u-sousedu--215154\/\" target=\"_blank\" rel=\"noopener\"><\/a><\/p>\n<p><a href=\"http:\/\/neoluxor.cz\/cizojazycne-knihy\/girlboss--214513\/\" target=\"_blank\" rel=\"noopener\"><\/a><\/p>\n<p><a href=\"http:\/\/neoluxor.cz\/cizojazycne-knihy\/happy-are-the-happy--214514\/\" target=\"_blank\" rel=\"noopener\"><\/a><\/p>\n<p><a href=\"http:\/\/neoluxor.cz\/cizojazycne-knihy\/company-you-keep--214538\/\" target=\"_blank\" rel=\"noopener\"><\/a><\/p>\n<\/p>\n<p><span style=\"color: rgb(0, 0, 0): line-height: 38px: font-size: 30px: font-weight: bold:\">Filmov\u00e9 novinky<\/span><\/p>\n<p>Zve\u0159ejn\u011bn byl prvn\u00ed teaser trailer filmu <i>Hobit: Bitva p\u011bti arm\u00e1d<\/i>. Pln\u00e9ho traileru se do\u010dk\u00e1me pravd\u011bpodobn\u011b v \u0159\u00edjnu, premi\u00e9ra filmu je v prosinci. Pod\u00edvat se m\u016f\u017eete i na druh\u00fd plak\u00e1t, tentokr\u00e1t s Bilbem Pytl\u00edkem.<\/p>\n<p><\/p>\n<\/p>\n<p><span style=\"line-height: 1.45em: background-color: initial:\"><\/span><\/p>\n<p align=\"center\">\n<\/p>\n<p>Mluv\u00ed se o tom, \u017ee postavu sle\u010dny Peregrinov\u00e9 v chystan\u00e9 filmov\u00e9 adaptaci knihy <a href=\"http:\/\/neoluxor.cz\/beletrie\/sirotcinec-slecny-peregrinove-pro-podivne-deti--176492\/\" target=\"_blank\" rel=\"noopener\">Sirot\u010dinec sle\u010dny Peregrinov\u00e9 pro podivn\u00e9 d\u011bti<\/a>, si zahraje Eva Green. Film re\u017e\u00edruje Tim Burton a premi\u00e9ra, kter\u00e1 byla p\u016fvodn\u011b stanovena na 31. \u010dervence 2015, se posunula na 4. b\u0159ezna 2016.<\/p>\n<p>Filmov\u00e1 adaptace dal\u0161\u00ed Greenovy knihy s n\u00e1zvem <a href=\"http:\/\/neoluxor.cz\/cizojazycne-knihy\/paper-towns--204560\/\" target=\"_blank\" rel=\"noopener\">Paper Towns<\/a> (\u010desky vyjde v nakladatelstv\u00ed YOLI) m\u00e1 potvrzenou premi\u00e9ru. Do kin p\u016fjdeme na film 31. \u010dervence 2015. Hlavn\u00ed roli z\u00edskal\u00a0Nat Wolff.<\/p>\n<p>Zve\u0159ejn\u011bn byl nov\u00fd trailer filmu <i>Maze Runner<\/i>. \u010ceskou premi\u00e9ru m\u00e1 18. z\u00e1\u0159\u00ed a koncem srpna vyjde tak\u00e9 kni\u017en\u00ed p\u0159edloha s n\u00e1zvem\u00a0<a href=\"http:\/\/neoluxor.cz\/pripravujeme\/labyrint-utek--807\/\" target=\"_blank\" rel=\"noopener\">Labyrint: \u00dat\u011bk<\/a>.<\/p>\n<p><\/p>\n<p><span style=\"line-height: 1.45em:\">Pod\u00edvejte se na jednu z vyst\u0159i\u017een\u00fdch sc\u00e9n z filmov\u00e9 adaptace <\/span><a href=\"http:\/\/neoluxor.cz\/detske\/divergence--173311\/\" style=\"line-height: 1.45em:\" target=\"_blank\" rel=\"noopener\">Divergence<\/a><span style=\"line-height: 1.45em:\">. P\u0159edstavitelka hlavn\u00ed role,\u00a0Shailene Woodley, prozradila, \u017ee Tris bude m\u00edt v dal\u0161\u00edm filmu kr\u00e1tk\u00e9 vlasy (krat\u0161\u00ed, ne\u017e jak je pops\u00e1no v knize). Ty si here\u010dka nechala ost\u0159\u00edhat kv\u016fli roli Hazel ve filmov\u00e9 adaptaci knihy <\/span><a href=\"http:\/\/neoluxor.cz\/beletrie\/hvezdy-nam-nepraly--212194\/\" style=\"line-height: 1.45em:\" target=\"_blank\" rel=\"noopener\">Hv\u011bzdy n\u00e1m nep\u0159\u00e1ly<\/a><span style=\"line-height: 1.45em:\">.<\/span><\/p>\n<p><span style=\"line-height: 1.45em: background-color: initial:\"><br \/><\/span><\/p>\n<p><span style=\"line-height: 1.45em: background-color: initial:\">Warner Bros. zakoupilo pr\u00e1va na filmovou adaptaci knihy <a href=\"http:\/\/neoluxor.cz\/cizojazycne-knihy\/goldfinch--201670\/\" target=\"_blank\" rel=\"noopener\">The Goldfinch<\/a> autorky Donny Tartt, \u010derstv\u00e9 dr\u017eitelky Pulitzerovy ceny. Stejn\u00e9 studio zva\u017euje tak\u00e9 adaptaci s\u00e9rie <a href=\"http:\/\/neoluxor.cz\/vyhledavani\/?query=McCaffreyov%C3%A1+Anne\" target=\"_blank\" rel=\"noopener\">Drakeni z Pernu<\/a> (v origin\u00e1le vy\u0161el prvn\u00ed d\u00edl u\u017e v roce 1968).<br \/><\/span><\/p>\n<p><span style=\"line-height: 1.45em: background-color: initial:\">Zve\u0159ejn\u011bny byly dva nov\u00e9 plak\u00e1ty filmov\u00e9 adaptace knihy <a href=\"http:\/\/neoluxor.cz\/beletrie\/zmizela--198031\/\" target=\"_blank\" rel=\"noopener\">Zmizel\u00e1<\/a>. \u010cesk\u00e1 premi\u00e9ra je pl\u00e1nov\u00e1na na konec z\u00e1\u0159\u00ed.<\/span><\/p>\n<p><span style=\"line-height: 1.45em: background-color: initial:\"><\/span><\/p>\n<\/p>\n<p><span style=\"line-height: 1.45em: background-color: initial:\">K dispozici je prvn\u00ed trailer dokumentu\u00a0<i>Mudbloods<\/i>. Pod taktovkou Farzada Sangariho se pod\u00edv\u00e1me na\u00a0famfrp\u00e1lov\u00fd t\u00fdm UCLA, kter\u00fd sout\u011b\u017e\u00ed na Mistrovstv\u00ed sv\u011bta ve famfrp\u00e1lu v New Yorku.<\/span><\/p>\n<p><\/p>\n<p><span style=\"line-height: 1.45em: background-color: initial:\">D\u00edky \u00fasp\u011b\u0161n\u00e9 kampani na\u00a0Kickstarteru za\u010dala produkce web seri\u00e1lu podle knih <a href=\"http:\/\/neoluxor.cz\/vyhledavani\/?query=Up%C3%AD%C5%99i+z+Morganville\" target=\"_blank\" rel=\"noopener\">Up\u00ed\u0159i z Morganville<\/a>. K dispozici je prvn\u00ed teaser trailer.<\/span><\/p>\n<p><span style=\"line-height: 1.45em: background-color: initial:\"><br \/><\/span><\/p>\n<p><span style=\"line-height: 1.45em: background-color: initial:\">Zdroje: Hollywoodreporter.com, Shelftoscreen.com, Mediabistro.com, Redcarpetendings.com, Collider.com, Pagetopremiere.com, Tor.com<\/span><\/p>\n<p>Autorka: Olga Biern\u00e1tov\u00e1<\/p>\n<p>Na jakou knihu \u010di filmovou adaptaci se t\u011b\u0161\u00edte nejv\u00edc? Zaujal v\u00e1s n\u011bkter\u00fd z trailer\u016f? Jakou knihu byste osobn\u011b r\u00e1di vid\u011bli na st\u0159\u00edbrn\u00e9m pl\u00e1tn\u011b? Napi\u0161te n\u00e1m do koment\u00e1\u0159\u016f.<\/p><\/p>\n","protected":false},"excerpt":{"rendered":"<p>Na podzim se u n\u00e1s i v zahrani\u010d\u00ed chystaj\u00ed skv\u011bl\u00e9 kni\u017en\u00ed novinky v\u010detn\u011b dal\u0161\u00edho rom\u00e1nu od Murakamiho a d\u011btsk\u00e9 knihy od George R. R. Martina. Nenechte si uj\u00edt ani prvn\u00ed teaser Hobita a druh\u00fd trailer Maze Runneru, plak\u00e1ty k filmov\u00e9 adaptaci knihy Zmizel\u00e1, nov\u011b potvrzen\u00e9 premi\u00e9ry a dal\u0161\u00ed aktuality ze sv\u011bta knih.<\/p>\n","protected":false},"author":2,"featured_media":0,"comment_status":"open","ping_status":"open","sticky":false,"template":"","format":"standard","meta":{"_acf_changed":false,"_monsterinsights_skip_tracking":false,"_monsterinsights_sitenote_active":false,"_monsterinsights_sitenote_note":"","_monsterinsights_sitenote_category":0,"_EventAllDay":false,"_EventTimezone":"","_EventStartDate":"","_EventEndDate":"","_EventStartDateUTC":"","_EventEndDateUTC":"","_EventShowMap":false,"_EventShowMapLink":false,"_EventURL":"","_EventCost":"","_EventCostDescription":"","_EventCurrencySymbol":"","_EventCurrencyCode":"","_EventCurrencyPosition":"","_EventDateTimeSeparator":"","_EventTimeRangeSeparator":"","_EventOrganizerID":[],"_EventVenueID":[],"_OrganizerEmail":"","_OrganizerPhone":"","_OrganizerWebsite":"","_VenueAddress":"","_VenueCity":"","_VenueCountry":"","_VenueProvince":"","_VenueState":"","_VenueZip":"","_VenuePhone":"","_VenueURL":"","_VenueStateProvince":"","_VenueLat":"","_VenueLng":"","_VenueShowMap":false,"_VenueShowMapLink":false,"twitterCardType":"","cardImageID":0,"cardImage":"","cardTitle":"","cardDesc":"","cardImageAlt":"","cardPlayer":"","cardPlayerWidth":0,"cardPlayerHeight":0,"cardPlayerStream":"","cardPlayerCodec":"","footnotes":""},"categories":[1],"tags":[],"class_list":["post-2568","post","type-post","status-publish","format-standard","hentry","category-nezarazene"],"acf":{"related_products":null},"_links":{"self":[{"href":"https:\/\/www.luxor.cz\/blog\/wp-json\/wp\/v2\/posts\/2568","targetHints":{"allow":["GET"]}}],"collection":[{"href":"https:\/\/www.luxor.cz\/blog\/wp-json\/wp\/v2\/posts"}],"about":[{"href":"https:\/\/www.luxor.cz\/blog\/wp-json\/wp\/v2\/types\/post"}],"author":[{"embeddable":true,"href":"https:\/\/www.luxor.cz\/blog\/wp-json\/wp\/v2\/users\/2"}],"replies":[{"embeddable":true,"href":"https:\/\/www.luxor.cz\/blog\/wp-json\/wp\/v2\/comments?post=2568"}],"version-history":[{"count":0,"href":"https:\/\/www.luxor.cz\/blog\/wp-json\/wp\/v2\/posts\/2568\/revisions"}],"wp:attachment":[{"href":"https:\/\/www.luxor.cz\/blog\/wp-json\/wp\/v2\/media?parent=2568"}],"wp:term":[{"taxonomy":"category","embeddable":true,"href":"https:\/\/www.luxor.cz\/blog\/wp-json\/wp\/v2\/categories?post=2568"},{"taxonomy":"post_tag","embeddable":true,"href":"https:\/\/www.luxor.cz\/blog\/wp-json\/wp\/v2\/tags?post=2568"}],"curies":[{"name":"wp","href":"https:\/\/api.w.org\/{rel}","templated":true}]}}