{"id":2550,"date":"2014-07-11T12:08:00","date_gmt":"2014-07-11T10:08:00","guid":{"rendered":"https:\/\/www.luxor.cz\/blog\/nezarazene\/nesnesitelne-rvave-ticho\/"},"modified":"2023-01-06T16:15:16","modified_gmt":"2023-01-06T15:15:16","slug":"nesnesitelne-rvave-ticho-589","status":"publish","type":"post","link":"https:\/\/www.luxor.cz\/blog\/recenze\/nesnesitelne-rvave-ticho-589\/","title":{"rendered":"Nesnesiteln\u011b \u0159vav\u00e9 ticho"},"content":{"rendered":"<\/p>\n<\/p>\n<p>Pr\u00e1v\u011b ze S\u00fdrie toti\u017e spisovatel p\u0159ed  dv\u011bma lety uprchl do exilu. A nen\u00ed tak slo\u017eit\u00e9 si jednotlivosti, jich\u017e je <a href=\"http:\/\/neoluxor.cz\/beletrie\/ticho-a-vrava--209951\/\" target=\"_blank\" rel=\"noopener\">Ticho a v\u0159ava<\/a> pln\u00e1, spojit pr\u00e1v\u011b se S\u00fdri\u00ed a re\u017eimem  Ba\u0161\u00e1ra Asada. Ten ned\u00e1vno znovuusp\u011bl ve volb\u00e1ch, a tak \u010desk\u00e9mu vyd\u00e1n\u00ed ji\u017e deset  let star\u00e9 knihy rozhodn\u011b nesch\u00e1z\u00ed vhodn\u00e9 na\u010dasov\u00e1n\u00ed a &#8211; bohu\u017eel &#8211; st\u00e1le aktu\u00e1lnost.  <\/p>\n<p>Jakmile si nav\u00edc zjist\u00edme n\u011bkolik  drobnost\u00ed o Sireesovi, nebude slo\u017eit\u00e9 <a href=\"http:\/\/neoluxor.cz\/beletrie\/ticho-a-vrava--209951\/\" target=\"_blank\" rel=\"noopener\">Ticho a v\u0159avu<\/a> vn\u00edmat  jako niternou v\u00fdpov\u011b\u010f o sob\u011b sam\u00e9mu. Autobiografie v\u0161ak d\u00edky \u00fase\u010dnosti, s n\u00ed\u017e  je komponov\u00e1na, stejn\u011b jako jak\u00e9si anonymit\u011b v\u0161eho a v\u0161ech, funguje skv\u011ble coby  obraz jak\u00e9hokoliv totalitn\u00edho re\u017eimu. (N\u011bkte\u0159\u00ed by v tom pochopiteln\u011b na\u0161li i  vazby na vnit\u0159n\u00ed syst\u00e9my uvnit\u0159 demokracie, proto\u017ee p\u0159i tro\u0161e snahy lze t\u00e9ma  nav\u00e1zat i na souboj se spoluprac\u00ed\/zaprod\u00e1n\u00edm komerci, politick\u00e9 stran\u011b atd.) <\/p>\n<p>Asociace na Orwella d\u00e1vaj\u00ed smysl  pr\u00e1v\u011b d\u00edky d\u016frazu na V\u016fdce, na jeho hlas, jen\u017e promlouv\u00e1 na lidi a hlavn\u00edho  hrdinu odev\u0161ad a neumo\u017e\u0148uje, aby jeho mysl mohla alespo\u0148 na chv\u00edli d\u00fdchat v  tichu. Orwellowsk\u00fd je i popis syst\u00e9mu, kter\u00fd kontroluje v\u0161echno a v\u0161e, p\u0159i\u010dem\u017e  do \u201ekafkovsk\u00fdch\u201c rozm\u011br\u016f se dost\u00e1v\u00e1 hrdina v momentu, kdy se s n\u00edm jeden z papal\u00e1\u0161\u016f\u00a0hodl\u00e1 sbl\u00ed\u017eit d\u00edky s\u0148atku s jeho matkou. A najednou napovrch prosakuj\u00ed absurdity,  kup\u0159\u00edkladu ty, je\u017e se poj\u00ed s tvo\u0159en\u00edm hesel \u010di b\u00e1sn\u00ed. Pr\u00e1ce s masou a mysl\u00ed  lidu prosakuje z \u0159\u00e1dk\u016f jen velmi nen\u00e1padn\u011b, p\u0159esto po p\u0159e\u010dten\u00ed lze z\u00edskat pom\u011brn\u011b  p\u0159esv\u011bd\u010div\u00fd obraz fungov\u00e1n\u00ed moci a ideologie. S\u00edla knihy pak spo\u010d\u00edv\u00e1 nap\u0159\u00edklad  v tom, jak univerz\u00e1ln\u00ed post\u0159ehy a koment\u00e1\u0159e vznikl\u00e9 ze \u010dten\u00ed rom\u00e1nu mohou b\u00fdt.<\/p>\n<p>Pro\u010d v\u0161ak knize zatleskat ve  stoje? Nihad Sirees vytvo\u0159il \u00fatlou kn\u00ed\u017eku, obraz jednoho jedin\u00e9ho dne, do n\u011bho\u017e  bez siln\u00fdch gest a proklamac\u00ed vlastn\u011b bez p\u0159\u00edkras pojmenov\u00e1v\u00e1 zlo\u010dinnost totalitn\u00edch  z\u0159\u00edzen\u00ed, absurditu lidu, kter\u00fd v\u011b\u0159\u00ed ploch\u00fdm hesl\u016fm, strach z prohry p\u0159ed sebou  sam\u00fdm. <a href=\"http:\/\/neoluxor.cz\/beletrie\/ticho-a-vrava--209951\/\" target=\"_blank\" rel=\"noopener\">Ticho a v\u0159ava<\/a> pat\u0159\u00ed bezpochyby mezi to nejzaj\u00edmav\u011bj\u0161\u00ed,  co si pro n\u00e1s zat\u00edm v tomto roce edice Sv\u011btov\u00e9 knihovny Odeon p\u0159ipravila.<\/p>\n<h2>Hodnocen\u00ed: 100 %<\/h2>\n<p>Autor: Luk\u00e1\u0161 Gregor<\/p>\n","protected":false},"excerpt":{"rendered":"<p>Nepojmenovan\u00e1 doba. Nepojmenovan\u00e9 m\u00edsto. Univerz\u00e1ln\u011b platn\u00fd (vnit\u0159n\u00ed) souboj s totalitou a l\u00e1kadlem klidu a \u00fasp\u011bchu. Rom\u00e1n Nihada Sireese b\u00fdv\u00e1 spojov\u00e1n s Kafkou i Orwellem. V neposledn\u00ed \u0159ad\u011b pak se S\u00fdri\u00ed.<\/p>\n","protected":false},"author":2,"featured_media":0,"comment_status":"open","ping_status":"open","sticky":false,"template":"","format":"standard","meta":{"_acf_changed":false,"_monsterinsights_skip_tracking":false,"_monsterinsights_sitenote_active":false,"_monsterinsights_sitenote_note":"","_monsterinsights_sitenote_category":0,"_EventAllDay":false,"_EventTimezone":"","_EventStartDate":"","_EventEndDate":"","_EventStartDateUTC":"","_EventEndDateUTC":"","_EventShowMap":false,"_EventShowMapLink":false,"_EventURL":"","_EventCost":"","_EventCostDescription":"","_EventCurrencySymbol":"","_EventCurrencyCode":"","_EventCurrencyPosition":"","_EventDateTimeSeparator":"","_EventTimeRangeSeparator":"","_EventOrganizerID":[],"_EventVenueID":[],"_OrganizerEmail":"","_OrganizerPhone":"","_OrganizerWebsite":"","_VenueAddress":"","_VenueCity":"","_VenueCountry":"","_VenueProvince":"","_VenueState":"","_VenueZip":"","_VenuePhone":"","_VenueURL":"","_VenueStateProvince":"","_VenueLat":"","_VenueLng":"","_VenueShowMap":false,"_VenueShowMapLink":false,"twitterCardType":"","cardImageID":0,"cardImage":"","cardTitle":"","cardDesc":"","cardImageAlt":"","cardPlayer":"","cardPlayerWidth":0,"cardPlayerHeight":0,"cardPlayerStream":"","cardPlayerCodec":"","footnotes":""},"categories":[7],"tags":[],"class_list":["post-2550","post","type-post","status-publish","format-standard","hentry","category-recenze"],"acf":{"related_products":null},"_links":{"self":[{"href":"https:\/\/www.luxor.cz\/blog\/wp-json\/wp\/v2\/posts\/2550","targetHints":{"allow":["GET"]}}],"collection":[{"href":"https:\/\/www.luxor.cz\/blog\/wp-json\/wp\/v2\/posts"}],"about":[{"href":"https:\/\/www.luxor.cz\/blog\/wp-json\/wp\/v2\/types\/post"}],"author":[{"embeddable":true,"href":"https:\/\/www.luxor.cz\/blog\/wp-json\/wp\/v2\/users\/2"}],"replies":[{"embeddable":true,"href":"https:\/\/www.luxor.cz\/blog\/wp-json\/wp\/v2\/comments?post=2550"}],"version-history":[{"count":0,"href":"https:\/\/www.luxor.cz\/blog\/wp-json\/wp\/v2\/posts\/2550\/revisions"}],"wp:attachment":[{"href":"https:\/\/www.luxor.cz\/blog\/wp-json\/wp\/v2\/media?parent=2550"}],"wp:term":[{"taxonomy":"category","embeddable":true,"href":"https:\/\/www.luxor.cz\/blog\/wp-json\/wp\/v2\/categories?post=2550"},{"taxonomy":"post_tag","embeddable":true,"href":"https:\/\/www.luxor.cz\/blog\/wp-json\/wp\/v2\/tags?post=2550"}],"curies":[{"name":"wp","href":"https:\/\/api.w.org\/{rel}","templated":true}]}}