{"id":2547,"date":"2014-07-16T12:08:00","date_gmt":"2014-07-16T10:08:00","guid":{"rendered":"https:\/\/www.luxor.cz\/blog\/nezarazene\/jak-temny-umi-byt-snih\/"},"modified":"2023-01-06T16:15:16","modified_gmt":"2023-01-06T15:15:16","slug":"jak-temny-umi-byt-snih-586","status":"publish","type":"post","link":"https:\/\/www.luxor.cz\/blog\/recenze\/jak-temny-umi-byt-snih-586\/","title":{"rendered":"Jak temn\u00fd um\u00ed b\u00fdt sn\u00edh"},"content":{"rendered":"<\/p>\n<p>Duncan se vrac\u00ed na Irvingovu intern\u00e1tn\u00ed \u0161kolu jako student maturitn\u00edho ro\u010dn\u00edku. Mimo jin\u00e9 to znamen\u00e1 i novou kolej a esej o trag\u00e9dii, kterou mus\u00ed na konci roku v\u0161ichni odevzdal do hodiny literatury. S hr\u016fzou zji\u0161tuje, \u017ee mu byl p\u0159id\u011blen pokoj po Timovi, ten nejhor\u0161\u00ed ze v\u0161ech. Na Tima si vzpom\u00edn\u00e1 z minul\u00e9ho roku a nikdy u\u017e si jeho obli\u010dej nevyma\u017ee z pam\u011bti, ne snad kv\u016fli tomu, \u017ee je Tim alb\u00edn, ale hlavn\u011b kv\u016fli T\u00c9 tragick\u00e9 ud\u00e1losti. Jak u\u017e je ve \u0161kole zvykem, ka\u017ed\u00fd p\u0159edchoz\u00ed obyvatel pokoje zanech\u00e1 tomu dal\u0161\u00edmu n\u011bjak\u00fd poklad. Ob\u010das se tak pod postel\u00ed objev\u00ed fla\u0161ka alkoholu nebo star\u00e9 kn\u00ed\u017eky. Duncan najde na stole hromadu c\u00e9d\u00e9\u010dek. Kdy\u017e si je pozd\u011bji pust\u00ed, do sluch\u00e1tek mu zn\u00ed Tim\u016fv hlas.<\/p>\n<p><i>Nejdr\u030ci\u0301v mi dovol, abych ti pode\u030ckoval, z\u030ce ses rozhodl si to poslechnout. Por\u030ca\u0301d jsem musel myslet na nas\u030ce posledni\u0301 setka\u0301ni\u0301 a na to, jak bych si pr\u030ca\u0301l, abych se byl by\u0301val rozhodl jinak. Koneckoncu\u030a by to asi nic nezme\u030cnilo, vs\u030cechno uz\u030c bylo stejne\u030c nevyhnutelne\u0301. Ale na tebe by to me\u030clo jiny\u0301 dopad \u2014 pokud se te\u030c to tedy vu\u030abec ty\u0301kalo. Mu\u030az\u030cu se jen domni\u0301vat, z\u030ce ano.<\/p>\n<p>Pr\u030cedstavuju si, jak sedi\u0301s\u030c u me\u0301ho stolu \u2014 ted\u030c uz\u030c u sve\u0301ho stolu \u2014 a hrajes\u030c si s krabic\u030ckami od ce\u0301de\u0301c\u030cek. Pr\u030cedstava, z\u030ce mu\u030aj pr\u030ci\u0301be\u030ch posloucha\u0301s\u030c, me\u030c uklidn\u030cuje. Je to vlastne\u030c jedina\u0301 u\u0301te\u030ccha, kterou ma\u0301m, krome\u030c pr\u030cemy\u0301s\u030cleni\u0301 o tom, jak se vra\u0301tit zpa\u0301tky a ude\u030clat vs\u030cechno jinak, coz\u030c uz\u030c nikdy nepu\u030ajde. Tak tady to je \u2014 mu\u030aj pokus to vs\u030cechno ne\u030cjak vysve\u030ctlit.<\/i><\/p>\n<p><a href=\"http:\/\/neoluxor.cz\/detske\/esej-o-tragedii--214478\/\" target=\"_blank\" rel=\"noopener\">Esej o trag\u00e9dii<\/a> p\u0159edstavuje p\u0159\u00edb\u011bhy dvou chlapc\u016f. Ten jeden jej pr\u00e1v\u011b pro\u017e\u00edv\u00e1 a ten druh\u00fd u\u017e ho pro\u017eil. Timova a Duncanova cesta se jednoho dne potkala na tragick\u00e9 k\u0159i\u017eovatce a Duncanovi se nyn\u00ed skrze audioz\u00e1znamy dost\u00e1v\u00e1 vysv\u011btlen\u00ed. Jak to s Timem doopravdy bylo, co tomu p\u0159edch\u00e1zelo, jak do jejich \u017eivot\u016f zasahuje povinn\u00e1 esej o trag\u00e9dii a co je doopravdy relevantn\u00ed. Tim je alb\u00edn, jeho p\u0159\u00edtelkyn\u011b Vanessa miluje sn\u00edh, barvou leto\u0161n\u00edho \u0161koln\u00edho roku je b\u00edl\u00e1. A p\u0159esto je cel\u00fd p\u0159\u00edb\u011bh velice temn\u00fd, i kdy\u017e ne t\u00edm hororov\u00fdm zp\u016fsobem, v\u0161echno m\u00e1 sp\u00ed\u0161e poetick\u00fd n\u00e1dech shakespearovsk\u00e9 trag\u00e9die.\u00a0<\/p>\n<p>A stejn\u011b jako v ka\u017ed\u00e9 trag\u00e9dii i tady je na za\u010d\u00e1tku v\u0161echno organizovan\u00e9 a jasn\u00e9, pak nast\u00e1v\u00e1 chaos a nakonec v\u011bci zase dostanou sv\u016fj \u0159\u00e1d. Celou dobu vis\u00ed mezi \u0159\u00e1dky ono velk\u00e9 tajemstv\u00ed, a tak budete neust\u00e1le \u010d\u00edst d\u00e1l, proto\u017ee pointa je a\u017e \u00fapln\u011b na konci.\u00a0<\/p>\n<p>Definice trag\u00e9die podle Mal\u00e9ho Ottova slovn\u00edku nau\u010dn\u00e9ho: <i>&#8222;Trag\u00e9die, truchlohra, druh b\u00e1sn\u00ed dram., v nich\u017e hrdina sv\u00fdmi skutky i v\u016fl\u00ed jedn\u00e1 proti ust\u00e1len\u00fdm lidsk\u00fdm n\u00e1zor\u016fm, norm\u00e1m, mravn\u00edmu \u0159\u00e1du, z\u00e1kon\u016fm, \u010d\u00edm\u017e dopust\u00ed se vinny tragick\u00e9, a hyne ve tragick\u00e9m sporu bu\u010f s ciz\u00edm protivn\u00edkem, nebo s vlastn\u00edm nitrem.&#8220; <\/i>(vyd\u00e1n\u00ed z roku\u00a01905, s. 940)<\/p>\n<p><a href=\"http:\/\/neoluxor.cz\/detske\/esej-o-tragedii--214478\/\" target=\"_blank\" rel=\"noopener\">Esej o trag\u00e9dii<\/a> je kniha, kterou byste si m\u011bli p\u0159e\u010d\u00edst, proto\u017ee vypr\u00e1v\u00ed velmi prost\u00fd a z\u00e1rove\u0148 siln\u00fd p\u0159\u00edb\u011bh, kter\u00fd zanech\u00e1v\u00e1 stopu. Po do\u010dteni nevyvol\u00e1v\u00e1 (u\u017e ze sv\u00e9 podstaty) velk\u00e9 nad\u0161en\u00ed a vzru\u0161en\u00ed, sp\u00ed\u0161e brn\u00ed n\u011bkde v koutku va\u0161\u00ed hlavy. A mo\u017en\u00e1 dostanete i odpov\u011b\u010f na tu odv\u011bkou ot\u00e1zku, zda b\u00fdt \u010di neb\u00fdt (hr\u00e1t \u010di nehr\u00e1t).<\/p>\n<h2>Hodnocen\u00ed: 96 %<\/h2>\n<p>Autorka: Olga Biern\u00e1tov\u00e1<\/p>\n<h2>Sout\u011b\u017e (byla ukon\u010dena)<\/h2>\n<p>Vyhrajte jeden ze t\u0159\u00ed v\u00fdtisk\u016f knihy <a href=\"http:\/\/neoluxor.cz\/detske\/esej-o-tragedii--214478\/\" target=\"_blank\" rel=\"noopener\">Esej o trag\u00e9dii<\/a>. Sta\u010d\u00ed odpov\u011bd\u011bt na jednoduchou sout\u011b\u017en\u00ed ot\u00e1zku a doufat, \u017ee va\u0161i odpov\u011b\u010f vybere na\u0161e dvou\u010dlenn\u00e1 porota jako v\u00fdhern\u00ed. Pokud v\u00e1m nen\u00ed ot\u00e1zka jasn\u00e1, p\u0159e\u010dt\u011bte si je\u0161t\u011b jednou recenzi a pochop\u00edte, o co jde. Sout\u011b\u017e kon\u010d\u00ed 21. 7. 2014. <a href=\"http:\/\/www.greaders.cz\/!img\/fb\/neoluxor\/pravidla_souteze_esej_o_tragedii.pdf\" target=\"_blank\" rel=\"noopener\">\u00dapln\u00e1 pravidla sout\u011b\u017ee<\/a>.<\/p>\n<p><b>Nejlep\u0161\u00ed odpov\u011bdi na sout\u011b\u017en\u00ed ot\u00e1zku a jejich auto\u0159i:<\/b><\/p>\n<p>Sout\u011b\u017en\u00ed ot\u00e1zka:\u00a0Kdybyste nov\u00e9mu obyvateli va\u0161eho star\u00e9ho pokoje m\u011bli darovat n\u011bjak\u00fd poklad, co byste mu nechali a jak\u00fd vzkaz byste mu napsali?<\/p>\n<p>Lucie Kocourkov\u00e1:\u00a0Nechala bych tam bednu \u0161ampa\u0148sk\u00e9ho a napsala bych&#8230; A\u0165 ka\u017edou l\u00e1hev dob\u0159e vyu\u017eije&#8230; jednu ur\u010dit\u011b na oslavu nov\u00e9ho bytu, a jednu, kdy\u017e se s bytem bude lou\u010dit. A zbytek lahv\u00ed na chmury a radosti v \u017eivot\u011b, kter\u00e9 bude v \u017eivot\u011b oslavovat nebo zapom\u00ednat.<\/p>\n<p>Veronika Burgerov\u00e1:\u00a0Mo\u017en\u00e1 bych rozmalovala obraz, av\u0161ak nechala nedokon\u010deno. Vzkazem bych vyj\u00e1d\u0159ila, \u017ee je to vlastn\u011b posl\u00e1n\u00ed &#8211; dokon\u010dit n\u011bco, co j\u00e1 nestihla. Kdybych byla toti\u017e j\u00e1 na tom m\u00edst\u011b, p\u0159i\u0161lo by mi celkem vzru\u0161uj\u00edc\u00ed pod\u00edlet se na v\u011bci, kter\u00e1 by m\u011b s n\u011bjakou osobou vlastn\u011b neodvratiteln\u011b a nav\u017edy spojila. <\/p>\n<p>Kl\u00e1ra Jankov\u00e1:\u00a0Nechala bych mu tam fotoalbum s fotkama onoho pokoje, kdy\u017e jsem v n\u011bm bydlela, a toho, co jsem v tom pokoji pro\u017eila. Na fotoalbu by byl l\u00edstek s n\u00e1pisem: Te\u010f je \u0159ada na tob\u011b.<\/p>\n","protected":false},"excerpt":{"rendered":"<p>Esej o trag\u00e9dii mi d\u011blala spole\u010dnost cel\u00fd sobotn\u00ed ve\u010der. \u00dapln\u011b jsem se ztratila mezi str\u00e1nkami a po p\u00e1r hodin\u00e1ch si vzdychla nad tou posledn\u00ed. Nikdy bych ne\u010dekala, \u017ee se mi takov\u00fd typ knihy zal\u00edb\u00ed. Tu\u0161ila jsem, \u017ee po do\u010dten\u00ed p\u0159ijde deprese a pr\u00e1zdnota, \u017ee je to vlastn\u011b v\u0161echno hodn\u011b smutn\u00e9. Ale nakonec se nic z toho nestalo, jen jsem na ten p\u0159\u00edb\u011bh musela po\u0159\u00e1d myslet. Asi se ho je\u0161t\u011b chv\u00edli nezbav\u00edm a mo\u017en\u00e1 m\u011b bude pron\u00e1sledovat stejn\u011b, jako Duncana pron\u00e1sledoval Tim\u016fv hlas na c\u00e9d\u00e9\u010dk\u00e1ch v temn\u00e9m pokoji.<\/p>\n","protected":false},"author":2,"featured_media":0,"comment_status":"open","ping_status":"open","sticky":false,"template":"","format":"standard","meta":{"_acf_changed":false,"_monsterinsights_skip_tracking":false,"_monsterinsights_sitenote_active":false,"_monsterinsights_sitenote_note":"","_monsterinsights_sitenote_category":0,"_EventAllDay":false,"_EventTimezone":"","_EventStartDate":"","_EventEndDate":"","_EventStartDateUTC":"","_EventEndDateUTC":"","_EventShowMap":false,"_EventShowMapLink":false,"_EventURL":"","_EventCost":"","_EventCostDescription":"","_EventCurrencySymbol":"","_EventCurrencyCode":"","_EventCurrencyPosition":"","_EventDateTimeSeparator":"","_EventTimeRangeSeparator":"","_EventOrganizerID":[],"_EventVenueID":[],"_OrganizerEmail":"","_OrganizerPhone":"","_OrganizerWebsite":"","_VenueAddress":"","_VenueCity":"","_VenueCountry":"","_VenueProvince":"","_VenueState":"","_VenueZip":"","_VenuePhone":"","_VenueURL":"","_VenueStateProvince":"","_VenueLat":"","_VenueLng":"","_VenueShowMap":false,"_VenueShowMapLink":false,"twitterCardType":"","cardImageID":0,"cardImage":"","cardTitle":"","cardDesc":"","cardImageAlt":"","cardPlayer":"","cardPlayerWidth":0,"cardPlayerHeight":0,"cardPlayerStream":"","cardPlayerCodec":"","footnotes":""},"categories":[7],"tags":[],"class_list":["post-2547","post","type-post","status-publish","format-standard","hentry","category-recenze"],"acf":{"related_products":null},"_links":{"self":[{"href":"https:\/\/www.luxor.cz\/blog\/wp-json\/wp\/v2\/posts\/2547","targetHints":{"allow":["GET"]}}],"collection":[{"href":"https:\/\/www.luxor.cz\/blog\/wp-json\/wp\/v2\/posts"}],"about":[{"href":"https:\/\/www.luxor.cz\/blog\/wp-json\/wp\/v2\/types\/post"}],"author":[{"embeddable":true,"href":"https:\/\/www.luxor.cz\/blog\/wp-json\/wp\/v2\/users\/2"}],"replies":[{"embeddable":true,"href":"https:\/\/www.luxor.cz\/blog\/wp-json\/wp\/v2\/comments?post=2547"}],"version-history":[{"count":0,"href":"https:\/\/www.luxor.cz\/blog\/wp-json\/wp\/v2\/posts\/2547\/revisions"}],"wp:attachment":[{"href":"https:\/\/www.luxor.cz\/blog\/wp-json\/wp\/v2\/media?parent=2547"}],"wp:term":[{"taxonomy":"category","embeddable":true,"href":"https:\/\/www.luxor.cz\/blog\/wp-json\/wp\/v2\/categories?post=2547"},{"taxonomy":"post_tag","embeddable":true,"href":"https:\/\/www.luxor.cz\/blog\/wp-json\/wp\/v2\/tags?post=2547"}],"curies":[{"name":"wp","href":"https:\/\/api.w.org\/{rel}","templated":true}]}}