{"id":2543,"date":"2014-07-01T12:57:00","date_gmt":"2014-07-01T10:57:00","guid":{"rendered":"https:\/\/www.luxor.cz\/blog\/nezarazene\/soutez-o-5-pobytu-v-dolnim-rakousku\/"},"modified":"2023-01-06T16:15:28","modified_gmt":"2023-01-06T15:15:28","slug":"soutez-o-5-pobytu-v-dolnim-rakousku-582","status":"publish","type":"post","link":"https:\/\/www.luxor.cz\/blog\/souteze\/soutez-o-5-pobytu-v-dolnim-rakousku-582\/","title":{"rendered":"Sout\u011b\u017e o 5 pobyt\u016f v Doln\u00edm Rakousku"},"content":{"rendered":"<\/p>\n<p><span style=\"line-height: 1.45em: background-color: initial:\"><\/span><\/p>\n<\/p>\n<p><span style=\"line-height: 1.45em: background-color: initial:\">Podm\u00ednkou \u00fa\u010dasti v sout\u011b\u017ei je n\u00e1kup n\u00e1kup nad 300 K\u010d (v jednom n\u00e1kupu) v prodejn\u00e1ch Neoluxor nebo na e-shopu a n\u00e1sledn\u00e1 online registrace na <\/span><a href=\"http:\/\/www.dolni-rakousko.info\/dovolena\" style=\"line-height: 1.45em: background-color: initial:\" target=\"_blank\" rel=\"noopener\">http:\/\/www.dolni-rakousko.info\/dovolena<\/a><span style=\"line-height: 1.45em: background-color: initial:\">\u00a0Sout\u011b\u017e prob\u00edh\u00e1 v term\u00ednu od 1. 7. do 15. 8. 2014\u00a0<\/span><\/p>\n<p>Pro \u00fa\u010dast v sout\u011b\u017ei je nutn\u00e9 zadat \u010d\u00edslo dokladu z n\u00e1kupu (unik\u00e1tn\u00ed k\u00f3d \u00fa\u010dtenky nebo \u010d\u00edslo objedn\u00e1vky p\u0159i n\u00e1kupu na e-shopu) v\u010detn\u011b osobn\u00edch \u00fadaj\u016f a zodpov\u011bzen\u00ed sout\u011b\u017en\u00ed tipovac\u00ed ot\u00e1zky. N\u00e1kup a online registrace mus\u00ed b\u00fdt u\u010din\u011bni v dob\u011b kon\u00e1n\u00ed sout\u011b\u017ee. Zaregistrovat se do sout\u011b\u017ee je mo\u017en\u00e9 v\u00edcekr\u00e1t, av\u0161ak ka\u017ed\u00fd doklad o n\u00e1kupu sm\u00ed b\u00fdt v sout\u011b\u017ei pou\u017eit pouze jednou. Ka\u017ed\u00fd sout\u011b\u017e\u00edc\u00ed m\u016f\u017ee z\u00edskat pouze jednu v\u00fdhru v sout\u011b\u017ei. Sout\u011b\u017e\u00edc\u00ed je povinen uschovat origin\u00e1l nebo kopii dokladu o zaplacen\u00ed sout\u011b\u017en\u00edho n\u00e1kupu za \u00fa\u010delem ov\u011b\u0159en\u00ed platn\u00e9 \u00fa\u010dasti v sout\u011b\u017ei a za \u00fa\u010delem vyd\u00e1n\u00ed v\u00fdhry.\u00a0<\/p>\n<h2>V\u00fdhry<\/h2>\n<p>1. CENA \u2013 1x rodinn\u00fd pobyt na 4 dny\/3 noci pro 4 osoby (2 dosp\u011bl\u00ed, 2 d\u011bti) v 3* penzionu \/ nebo hostinci se sn\u00eddan\u00ed v oblasti Mostviertel v Doln\u00edm Rakousku (v\u010detn\u011b slevov\u00e9 karty Wilde Wunder)<\/p>\n<p>2. CENA \u2013 1x pobyt na 5 dn\u00ed\/4 noci pro 2 osoby ve 4* hotelu Schneeberghof\u00a0s polopenz\u00ed v oblasti Wiener Alpen v Doln\u00edm Rakousku\u00a0<\/p>\n<p>3. CENA \u2013 1x pobyt na 4 dny\/3 noci pro 2 osoby v 3* hotelu se sn\u00eddan\u00ed v oblasti Podunajsko \u2013 Wachau v Doln\u00edm Rakousku (v\u010detn\u011b jedn\u00e9 j\u00edzdy lod\u00ed po Dunaji a zap\u016fj\u010den\u00ed kol na \u00bd dne)\u00a0<\/p>\n<p>4. CENA \u2013 1x pobyt na 3 dny\/2 noci pro 2 osoby v 4* Hotelu zum Br\u00fcdertor se sn\u00eddan\u00ed v oblasti Weinviertel v Doln\u00edm Rakousku (v\u010detn\u011b n\u00e1v\u0161t\u011bvy sklep\u016f vina\u0159sk\u00e9 vesnice a ochutn\u00e1vky v\u00edn)\u00a0<\/p>\n<p>5. CENA \u2013 1x pobyt na 3 dny\/2 noci pro 2 osoby v 3* hotelu s polopenz\u00ed v oblasti Waldviertel v Doln\u00edm Rakousku (v\u010detn\u011b n\u00e1v\u0161t\u011bvy tzv. Makov\u00e9 vesnice a ob\u011bda ve zdej\u0161\u00edm hostinci, n\u00e1v\u0161t\u011bvy sv\u011bta whisky a poho\u0161t\u011bn\u00ed v pivovaru)<\/p>\n<p><\/p>\n<\/p>\n<p><b><\/p>\n<h2>Seznam v\u00fdherc\u016f sout\u011b\u017ee:\u00a0<\/h2>\n<p><\/b><\/p>\n<p>Z celkov\u00e9ho po\u010dtu platn\u00fdch registrac\u00ed se spr\u00e1vnou odpov\u011bd\u00ed bylo vybr\u00e1no dle pravidel sout\u011b\u017ee 5 v\u00fdherc\u016f jejich\u017e odpov\u011b\u010f na tipovac\u00ed ot\u00e1zku byla spr\u00e1vn\u00e1 nebo bude nejbl\u00ed\u017ee spr\u00e1vn\u00e9 odpov\u011bdi ( spr\u00e1vn\u00e1 odpov\u011b\u010f byla 334 ).\u00a0<\/p>\n<p><b>Dovolenkov\u00fd pobyt pro 4 osoby v Doln\u00edm Rakousku z\u00edskav\u00e1:\u00a0<\/b><\/p>\n<p>Kv\u011bta Kr\u00fcger \u2014\u00a0Kam\u00fdk nad Vltavou\u00a0<\/p>\n<p><b>Dovolenkov\u00fd pobyt pro 2 osoby v Doln\u00edm Rakousku z\u00edsk\u00e1vaj\u00ed:\u00a0<\/b><\/p>\n<p>Monika Klajblov\u00e1 \u2014\u00a0Praha\u00a0<\/p>\n<p>Luk\u00e1\u0161 Rynda \u2014\u00a0Litom\u011b\u0159ice\u00a0<\/p>\n<p>Anna Gollerova \u2014 Praha\u00a0<\/p>\n<p>Martina Mal\u00e1tkov\u00e1 \u2014\u00a0Praha\u00a0<\/p>\n<p>V\u00fdherc\u016fm blahop\u0159ejeme a v\u0161em ostatn\u00edm d\u011bkujeme za \u00fa\u010dast!\u00a0<\/p>\n<p>Slosov\u00e1n\u00ed provedeno dne 20.8. 2014, dle pravidel sout\u011b\u017ee, spr\u00e1vnost a platnost slosov\u00e1n\u00ed potvrzuje provozovatel sout\u011b\u017ee. Pobytov\u00e9 vouchery budou v\u00fdherc\u016fm odeslan\u00e9 v nejbli\u017e\u0161\u00edch dnech! \u010cerp\u00e1n\u00ed pobytu je pak mo\u017en\u00e9 po up\u0159esn\u011bn\u00ed term\u00ednu mezi v\u00fdhercem a poskytovatelem pobytu, dle voln\u00fdch kapacit partnersk\u00fdch hotel\u016f. Organiz\u00e1tor sout\u011b\u017ee: Nieder\u00f6sterreich Werbung GmbH, Nieder\u00f6sterreichring 2, Haus C, 3100 St. P\u00f6lten, Rakousko,<\/p>\n<p>E-mail: informace@noe.co.at , <a href=\"http:\/\/www.dolni-rakousko.info\" target=\"_blank\" rel=\"noopener\">www.dolni-rakousko.info<\/a><\/p>\n<p><\/p>\n","protected":false},"excerpt":{"rendered":"<p>Nakupte u n\u00e1s v knihkupectv\u00ed nebo na e-shopu nad 300 K\u010d a zapojte se do sout\u011b\u017ee o 5 pobyt\u016f v Doln\u00edm Rakousku. Sout\u011b\u017e kon\u010d\u00ed 15. srpna 2014.<\/p>\n","protected":false},"author":2,"featured_media":0,"comment_status":"open","ping_status":"open","sticky":false,"template":"","format":"standard","meta":{"_acf_changed":false,"_monsterinsights_skip_tracking":false,"_monsterinsights_sitenote_active":false,"_monsterinsights_sitenote_note":"","_monsterinsights_sitenote_category":0,"_EventAllDay":false,"_EventTimezone":"","_EventStartDate":"","_EventEndDate":"","_EventStartDateUTC":"","_EventEndDateUTC":"","_EventShowMap":false,"_EventShowMapLink":false,"_EventURL":"","_EventCost":"","_EventCostDescription":"","_EventCurrencySymbol":"","_EventCurrencyCode":"","_EventCurrencyPosition":"","_EventDateTimeSeparator":"","_EventTimeRangeSeparator":"","_EventOrganizerID":[],"_EventVenueID":[],"_OrganizerEmail":"","_OrganizerPhone":"","_OrganizerWebsite":"","_VenueAddress":"","_VenueCity":"","_VenueCountry":"","_VenueProvince":"","_VenueState":"","_VenueZip":"","_VenuePhone":"","_VenueURL":"","_VenueStateProvince":"","_VenueLat":"","_VenueLng":"","_VenueShowMap":false,"_VenueShowMapLink":false,"twitterCardType":"","cardImageID":0,"cardImage":"","cardTitle":"","cardDesc":"","cardImageAlt":"","cardPlayer":"","cardPlayerWidth":0,"cardPlayerHeight":0,"cardPlayerStream":"","cardPlayerCodec":"","footnotes":""},"categories":[9],"tags":[],"class_list":["post-2543","post","type-post","status-publish","format-standard","hentry","category-souteze"],"acf":{"related_products":null},"_links":{"self":[{"href":"https:\/\/www.luxor.cz\/blog\/wp-json\/wp\/v2\/posts\/2543","targetHints":{"allow":["GET"]}}],"collection":[{"href":"https:\/\/www.luxor.cz\/blog\/wp-json\/wp\/v2\/posts"}],"about":[{"href":"https:\/\/www.luxor.cz\/blog\/wp-json\/wp\/v2\/types\/post"}],"author":[{"embeddable":true,"href":"https:\/\/www.luxor.cz\/blog\/wp-json\/wp\/v2\/users\/2"}],"replies":[{"embeddable":true,"href":"https:\/\/www.luxor.cz\/blog\/wp-json\/wp\/v2\/comments?post=2543"}],"version-history":[{"count":0,"href":"https:\/\/www.luxor.cz\/blog\/wp-json\/wp\/v2\/posts\/2543\/revisions"}],"wp:attachment":[{"href":"https:\/\/www.luxor.cz\/blog\/wp-json\/wp\/v2\/media?parent=2543"}],"wp:term":[{"taxonomy":"category","embeddable":true,"href":"https:\/\/www.luxor.cz\/blog\/wp-json\/wp\/v2\/categories?post=2543"},{"taxonomy":"post_tag","embeddable":true,"href":"https:\/\/www.luxor.cz\/blog\/wp-json\/wp\/v2\/tags?post=2543"}],"curies":[{"name":"wp","href":"https:\/\/api.w.org\/{rel}","templated":true}]}}