{"id":2541,"date":"2014-06-30T13:22:00","date_gmt":"2014-06-30T11:22:00","guid":{"rendered":"https:\/\/www.luxor.cz\/blog\/nezarazene\/skola-konci-kino-vola\/"},"modified":"2023-01-06T16:15:28","modified_gmt":"2023-01-06T15:15:28","slug":"skola-konci-kino-vola-580","status":"publish","type":"post","link":"https:\/\/www.luxor.cz\/blog\/nezarazene\/skola-konci-kino-vola-580\/","title":{"rendered":"\u0160kola kon\u010d\u00ed, kino vol\u00e1"},"content":{"rendered":"<\/p>\n<p><span><\/span><\/p>\n<\/p>\n<p><span>P\u016fvodn\u00ed knihy od autorsk\u00e9 dvojice Goscinny &#8211; Jacques vy\u0161ly poprv\u00e9 v 50. letech 20. stolet\u00ed pod n\u00e1zvem Le Petit Nicolas. Od doby prvn\u00edho vyd\u00e1n\u00ed ji\u017e uplynulo 55 let a celkov\u00fd po\u010det prodan\u00fdch v\u00fdtisk\u016f ve v\u00edce ne\u017e 30 zem\u00edch dos\u00e1hl neskute\u010dn\u00fdch 10 milion\u016f kus\u016f. V letech 2004 a 2006 vy\u0161lo je\u0161t\u011b n\u011bkolik doposud nevydan\u00fdch p\u0159\u00edb\u011bh\u016f, kter\u00e9 shrom\u00e1\u017edila Anne Goscinny. Krom\u011b kni\u017en\u00ed verze byl p\u0159\u00edb\u011bh Mal\u00e9ho Mikul\u00e1\u0161e zfilmov\u00e1n a do\u010dkal se tak\u00e9 vlastn\u00ed seri\u00e1lov\u00e9, animovan\u00e9 verze.<\/span><\/p>\n<p>Hlavn\u00ed vyprav\u011b\u010d Mikul\u00e1\u0161 ve sv\u00fdch knih\u00e1ch popisuje v\u0161echny z\u00e1\u017eitky, kter\u00e9 spole\u010dn\u011b se sv\u00fdmi spolu\u017e\u00e1ky za\u017e\u00edv\u00e1. Jen m\u00e1lokdo si nevzpomene na v\u011b\u010dn\u011b se cpouc\u00edho Vendel\u00edna, maz\u00e1nka Celest\u00fdna a nebo na p\u0159\u00edsn\u00e9ho vychovatele pana Pol\u00edvku (jak asi v\u00edte, nen\u00ed to jeho prav\u00e9 jm\u00e9no, ale poka\u017ed\u00e9 kdy\u017e s n\u011bk\u00fdm mluv\u00ed, \u0159\u00edk\u00e1 \u201cPod\u00edvejte se mi do o\u010d\u00ed!\u201d no a pol\u00e9vka m\u00e1 p\u0159ece o\u010di, ne?).<\/p>\n<p><b>Protivn\u00fd Celest\u00fdn:<\/b><\/p>\n<p><\/p>\n<h2>Mikul\u00e1\u0161ovy Pat\u00e1lie<\/h2>\n<p>K\u00a0dispozici na <a href=\"http:\/\/neoluxor.cz\/filmy\/dvd-mikulasovy-patalie--94650\/\" target=\"_blank\" rel=\"noopener\">DVD<\/a>.<\/p>\n<p>P\u0159\u00edb\u011bh o \u0161kol\u00e1kovi a jeho kamar\u00e1dech, kte\u0159\u00ed jsou ka\u017ed\u00fd n\u011b\u010d\u00edm origin\u00e1ln\u00ed, bav\u00ed cel\u00fd sv\u011bt a nen\u00ed tak divu, \u017ee do\u0161lo na filmovou verzi. Prvn\u00edho filmu se ujal sc\u00e9n\u00e1rista a re\u017eis\u00e9r Laurent Tirard. Krom\u011b \u00fast\u0159edn\u00edho p\u0159\u00edb\u011bhu, ve kter\u00e9m se Mikul\u00e1\u0161 do\u010dk\u00e1 sourozence, nezapomn\u011bl sc\u00e9n\u00e1rista ani na n\u00e1v\u0161t\u011bvu tat\u00ednkova \u0161\u00e9fa nebo z\u00e1bavnou sc\u00e9nku s n\u00e1v\u0161t\u011bvou ministra \u0161kolstv\u00ed. Aby Laurent Tirard na\u0161el co nejv\u011brohodn\u011bj\u0161\u00ed herce, pro\u0161el na castingu okolo osmi tis\u00edc d\u011bt\u00ed, ze kter\u00fdch si pak vybral herce pro sv\u016fj film. Hlavn\u00ed roli z\u00edskal desetilet\u00fd Maxime Godart.<\/p>\n<p>Spojen\u00edm zaj\u00edmav\u00fdch herc\u016f a vtipn\u00fdch situac\u00ed vznikla rodinn\u00e1 komedie, kter\u00e1 a\u010dkoliv se p\u0159\u00edmo nedr\u017eela kni\u017en\u00ed verze, z\u00edskala od fanou\u0161k\u016f pochvalu za perfektn\u00ed p\u0159eveden\u00ed knihy do filmov\u00e9 podoby. Nad tvorbou sc\u00e9n\u00e1\u0159e bd\u011bla tak\u00e9 Anne Gosciny, kter\u00e1 je d\u011bdi\u010dkou autorsk\u00fdch pr\u00e1v a m\u011bla tak posledn\u00ed slovo ohledn\u011b jeho podoby.<\/p>\n<h2>Mikul\u00e1\u0161ovy pat\u00e1lie na pr\u00e1zdnin\u00e1ch<\/h2>\n<p><\/p>\n<p>Druh\u00e9 pokra\u010dov\u00e1n\u00ed na sebe nechalo chv\u00edli \u010dekat a do kin se dostane a\u017e v l\u00e9t\u011b 2014. Tentokr\u00e1t film opou\u0161t\u00ed \u0161koln\u00ed prost\u0159ed\u00ed a v\u011bnuje se naplno pr\u00e1zdninov\u00fdm p\u0159\u00edb\u011bh\u016fm, kter\u00e9 potkaj\u00ed samotn\u00e9ho Mikul\u00e1\u0161e. Ten odjede se sv\u00fdmi rodi\u010di a babi\u010dkou k mo\u0159i a najde si zde nov\u00e9 kamar\u00e1dy: m\u00edstn\u00edho chlapce Bena, Freddyho, kter\u00fd st\u00e1le n\u011bco j\u00ed, George, kter\u00fd je angli\u010dan (t\u00edm p\u00e1dem vtipn\u00fd s\u00e1m o sob\u011b), Paula, kter\u00fd je v\u011b\u010dn\u011b uplakan\u00fd a Christophera, kter\u00fd mus\u00ed m\u00edt v\u017edy pravdu. Skupinku p\u0159\u00e1tel tak \u010dek\u00e1 spousta nov\u00fdch z\u00e1\u017eitk\u016f a vylomenin.<\/p>\n<p>Obsazen\u00ed z\u016fstalo oproti prvn\u00edmu filmu relativn\u011b stejn\u00e9, nejv\u011bt\u0161\u00ed zm\u011bny se do\u010dkal jen hlavn\u00ed p\u0159edstavitel, kter\u00e9ho nahradil Math\u00e9o Boisselier.<\/p>\n<p>Filmu se v \u010desk\u00fdch kinech do\u010dk\u00e1me 10. \u010dervence 2014 a spole\u010dn\u011b s n\u00edm vych\u00e1z\u00ed tak\u00e9 <a href=\"http:\/\/neoluxor.cz\/pripravujeme\/mikulas-na-prazdninach-filmovy-pribeh--964\/\" target=\"_blank\" rel=\"noopener\">kni\u017en\u00ed verze filmov\u00e9ho p\u0159\u00edb\u011bhu<\/a>.<\/p>\n<p>Autorka: Ema Krhovsk\u00e1<\/p>\n<p>Zdroje: Wikipedia.org, csfd.cz, Fdb.cz<\/p><\/p>\n","protected":false},"excerpt":{"rendered":"<p>S Mikul\u00e1\u0161em jsme se setkali nejen v knih\u00e1ch Ren\u00e9 Goscinnyho s ilustracemi Jean-Jacquese, ale do francouzsk\u00e9 \u0161koly n\u00e1s zavedl i film z roku 2009 s n\u00e1zvem Mikul\u00e1\u0161ovy pat\u00e1lie. Zanedlouho v\u0161ak potk\u00e1me filmov\u00e9ho Mikul\u00e1\u0161e podruh\u00e9 a to s letn\u00edm n\u00e1dechem&#8230; Mikul\u00e1\u0161ovy pat\u00e1lie na pr\u00e1zdnin\u00e1ch m\u00ed\u0159\u00ed do kin!<\/p>\n","protected":false},"author":2,"featured_media":0,"comment_status":"open","ping_status":"open","sticky":false,"template":"","format":"standard","meta":{"_acf_changed":false,"_monsterinsights_skip_tracking":false,"_monsterinsights_sitenote_active":false,"_monsterinsights_sitenote_note":"","_monsterinsights_sitenote_category":0,"_EventAllDay":false,"_EventTimezone":"","_EventStartDate":"","_EventEndDate":"","_EventStartDateUTC":"","_EventEndDateUTC":"","_EventShowMap":false,"_EventShowMapLink":false,"_EventURL":"","_EventCost":"","_EventCostDescription":"","_EventCurrencySymbol":"","_EventCurrencyCode":"","_EventCurrencyPosition":"","_EventDateTimeSeparator":"","_EventTimeRangeSeparator":"","_EventOrganizerID":[],"_EventVenueID":[],"_OrganizerEmail":"","_OrganizerPhone":"","_OrganizerWebsite":"","_VenueAddress":"","_VenueCity":"","_VenueCountry":"","_VenueProvince":"","_VenueState":"","_VenueZip":"","_VenuePhone":"","_VenueURL":"","_VenueStateProvince":"","_VenueLat":"","_VenueLng":"","_VenueShowMap":false,"_VenueShowMapLink":false,"twitterCardType":"","cardImageID":0,"cardImage":"","cardTitle":"","cardDesc":"","cardImageAlt":"","cardPlayer":"","cardPlayerWidth":0,"cardPlayerHeight":0,"cardPlayerStream":"","cardPlayerCodec":"","footnotes":""},"categories":[1],"tags":[],"class_list":["post-2541","post","type-post","status-publish","format-standard","hentry","category-nezarazene"],"acf":{"related_products":null},"_links":{"self":[{"href":"https:\/\/www.luxor.cz\/blog\/wp-json\/wp\/v2\/posts\/2541","targetHints":{"allow":["GET"]}}],"collection":[{"href":"https:\/\/www.luxor.cz\/blog\/wp-json\/wp\/v2\/posts"}],"about":[{"href":"https:\/\/www.luxor.cz\/blog\/wp-json\/wp\/v2\/types\/post"}],"author":[{"embeddable":true,"href":"https:\/\/www.luxor.cz\/blog\/wp-json\/wp\/v2\/users\/2"}],"replies":[{"embeddable":true,"href":"https:\/\/www.luxor.cz\/blog\/wp-json\/wp\/v2\/comments?post=2541"}],"version-history":[{"count":0,"href":"https:\/\/www.luxor.cz\/blog\/wp-json\/wp\/v2\/posts\/2541\/revisions"}],"wp:attachment":[{"href":"https:\/\/www.luxor.cz\/blog\/wp-json\/wp\/v2\/media?parent=2541"}],"wp:term":[{"taxonomy":"category","embeddable":true,"href":"https:\/\/www.luxor.cz\/blog\/wp-json\/wp\/v2\/categories?post=2541"},{"taxonomy":"post_tag","embeddable":true,"href":"https:\/\/www.luxor.cz\/blog\/wp-json\/wp\/v2\/tags?post=2541"}],"curies":[{"name":"wp","href":"https:\/\/api.w.org\/{rel}","templated":true}]}}