{"id":2536,"date":"2014-06-30T10:11:00","date_gmt":"2014-06-30T08:11:00","guid":{"rendered":"https:\/\/www.luxor.cz\/blog\/nezarazene\/letem-kniznim-svetem-26-tyden-2014\/"},"modified":"2023-01-06T16:15:28","modified_gmt":"2023-01-06T15:15:28","slug":"letem-kniznim-svetem-26-tyden-2014-575","status":"publish","type":"post","link":"https:\/\/www.luxor.cz\/blog\/nezarazene\/letem-kniznim-svetem-26-tyden-2014-575\/","title":{"rendered":"Letem kni\u017en\u00edm sv\u011btem (26. t\u00fdden 2014)"},"content":{"rendered":"<\/p>\n<p>James Patterson se rozhodl ve\u0159ejn\u00fdm \u0161kol\u00e1m v NY zdarma v\u011bnovat 45 000 knih ze sv\u00e9 s\u00e9rie\u00a0<i>M\u016fj nejhor\u0161\u00ed \u0161koln\u00ed rok<\/i>\u00a0(<a href=\"http:\/\/neoluxor.cz\/detske\/muj-nejhorsi-skolni-rok-1--182650\/\" target=\"_blank\" rel=\"noopener\">M\u016fj nejhor\u0161\u00ed \u0161koln\u00ed rok<\/a>, <a href=\"http:\/\/neoluxor.cz\/detske\/muj-nejhorsi-skolni-rok-2--190334\/\" target=\"_blank\" rel=\"noopener\">Dosta\u0148te m\u011b odsud!<\/a>, <a href=\"http:\/\/neoluxor.cz\/detske\/muj-nejhorsi-skolni-rok-3--202262\/\" target=\"_blank\" rel=\"noopener\">M\u016fj br\u00e1cha je vype\u010den\u00fd sedmilh\u00e1\u0159<\/a>, <a href=\"http:\/\/neoluxor.cz\/detske\/muj-nejhorsi-skolni-rok-4--206718\/\" target=\"_blank\" rel=\"noopener\">Jak jsem p\u0159e\u017eil \u0161ikanu, brokolici a had\u00ed kopec<\/a>). Jeho knihu dostane ka\u017ed\u00fd \u017e\u00e1k 6. t\u0159\u00eddy. C\u00edlem akce je inspirovat d\u011bti ke \u010dten\u00ed b\u011bhem pr\u00e1zdnin.<\/p>\n<p><a href=\"http:\/\/neoluxor.cz\/vyhledavani\/?query=Chandler+Raymond\" target=\"_blank\" rel=\"noopener\">Raymond Chandler<\/a> m\u00e1 hv\u011bzdu na hollywoodsk\u00e9m chodn\u00edku sl\u00e1vy.\u00a0<\/p>\n<p>Kr\u00e1lovna Al\u017eb\u011bta minul\u00fd t\u00fdden nav\u0161t\u00edvila m\u00edsto nat\u00e1\u010den\u00ed seri\u00e1lu <i>Game of Thrones<\/i>. P\u0159es v\u0161echna o\u010dek\u00e1v\u00e1n\u00ed bohu\u017eel neusedla na \u017delezn\u00fd tr\u016fn.<\/p>\n<\/p>\n<p><span style=\"color: rgb(0, 0, 0): font-size: 30px: font-weight: bold: line-height: 38px: background-color: initial:\">P\u0159ipravovan\u00e9 knihy<\/span><\/p>\n<p>Pod\u00edvejte se do sekce <a href=\"http:\/\/neoluxor.cz\/pripravujeme\/\" target=\"_blank\" rel=\"noopener\">P\u0159ipravujeme<\/a> a zjist\u011bte, jak\u00e9 knihy vyjdou co nevid\u011bt u n\u00e1s.<\/p>\n<ul>\n<li>Nakladatelstv\u00ed BB art prozradilo, jak\u00e9 komiksy chyst\u00e1 na rok 2015:\u00a0<i>Banda 3, Planetary 3, Americk\u00fd up\u00edr 3, Punisher Max &#8211; Long Cold Dark, DMZ 7, 100 n\u00e1boj\u016f 10, Batman a Robin 2, Candide 2, Saga Pokra\u010dov\u00e1n\u00ed New 52: Action Comics, Detective Comics, Superman, Batman, Dark Knight, Liga Spravedlnosti, All Star Western, Criminal 2, Wonder Woman &#8211; New 52 Azzarello, Batman Black Glove<\/i>.<\/li>\n<li><b>SPOILER ALERT (pokud jste ne\u010detli v\u0161echny dosud vy\u0161l\u00e9 d\u00edly s\u00e9rie <i>P\u00edse\u0148 ledu a ohn\u011b<\/i>)<\/b>\u00a0George R. R. Martin prozradil p\u00e1r detail\u016f z chystan\u00e9 knihy <i>Winds of Winter<\/i> (vyjde pravd\u011bpodobn\u011b p\u0159\u00ed\u0161t\u00ed rok). P\u0159\u00edb\u011bh pr\u00fd za\u010dne dv\u011bma velk\u00fdmi bitvami (jedn\u00e1 se pravd\u011bpodobn\u011b o st\u0159et Ramsayho a Stannise a bitvu v Meereenu). N\u00e1sledovat bude v\u00edce \u00famrt\u00ed, zrad a tak\u00e9 s\u0148atk\u016f. Tyrion a\u00a0Daenerys by se m\u011bli n\u011bjak\u00fdm zp\u016fsobem potkat, ale jinak jejich cesty z\u016fstanou odd\u011blen\u00e9. Oba se chystaj\u00ed dom\u016f. Do\u010dk\u00e1me se tak\u00e9 v\u00edce Dothrak\u016f (a bude to pr\u00fd velk\u00e9) a nem\u00e1lo se toho stane i na Zdi. K prohl\u00e9dnut\u00ed doporu\u010dujeme\u00a0<a href=\"http:\/\/imgur.com\/a\/GRIkN#0\" target=\"_blank\" rel=\"noopener\">skv\u011blou s\u00e9rii map<\/a>, kter\u00e9 zobrazuj\u00ed osudy a v\u00fdvoj Z\u00e1padozem\u00ed.<\/li>\n<li><span style=\"line-height: 1.45em: background-color: initial:\">John Grisham na sv\u00e9m Facebooku zve\u0159ejnil ob\u00e1lku sv\u00e9ho nov\u00e9ho thrilleru\u00a0<\/span><i style=\"line-height: 1.45em: background-color: initial:\">Gray Mountain<\/i><span style=\"line-height: 1.45em: background-color: initial:\">. Kniha vyjde v origin\u00e1le letos na podzim.<\/span><\/li>\n<\/ul>\n<p align=\"center\">\n<\/p>\n<p><span style=\"color: rgb(0, 0, 0): line-height: 38px: font-size: 30px: font-weight: bold:\">Kni\u017en\u00ed novinky t\u00fddne<\/span><\/p>\n<p>Kompletn\u00ed p\u0159ehled novinek najdete v sekci <a href=\"http:\/\/neoluxor.cz\/nove-knihy\/\" target=\"_blank\" rel=\"noopener\">Nov\u00e9 knihy<\/a>.\u00a0<\/p>\n<\/p>\n<p><a href=\"http:\/\/neoluxor.cz\/beletrie\/kraska-a-zvire--213711\/\" target=\"_blank\" rel=\"noopener\"><\/a><\/p>\n<p><a href=\"http:\/\/neoluxor.cz\/detske\/proroctvi--213707\/\" target=\"_blank\" rel=\"noopener\"><\/a><\/p>\n<p><a href=\"http:\/\/neoluxor.cz\/cizojazycne-knihy\/silkworm--213684\/\" target=\"_blank\" rel=\"noopener\"><\/a><\/p>\n<p><a href=\"http:\/\/neoluxor.cz\/detske\/cena-nevinnosti--213685\/\" target=\"_blank\" rel=\"noopener\"><\/a><\/p>\n<\/p>\n<p><a href=\"http:\/\/neoluxor.cz\/beletrie\/garfield-42-zatmeni-slunce--213700\/\" target=\"_blank\" rel=\"noopener\"><\/a><\/p>\n<p><a href=\"http:\/\/neoluxor.cz\/beletrie\/nocni-pad--213665\/\" target=\"_blank\" rel=\"noopener\"><\/a><\/p>\n<p><a href=\"http:\/\/neoluxor.cz\/detske\/poppy--213663\/\" target=\"_blank\" rel=\"noopener\"><\/a><\/p>\n<p><a href=\"http:\/\/neoluxor.cz\/beletrie\/zmrzlinove-sedme-nebe--213584\/\" target=\"_blank\" rel=\"noopener\"><\/a><\/p>\n<p><a href=\"http:\/\/neoluxor.cz\/detske\/cisty--213836\/\" target=\"_blank\" rel=\"noopener\"><\/a><\/p>\n<p><a href=\"http:\/\/neoluxor.cz\/beletrie\/kosti-zmizelych--213804\/\" target=\"_blank\" rel=\"noopener\"><\/a><\/p>\n<p><span style=\"color: rgb(0, 0, 0): line-height: 38px: font-size: 30px: font-weight: bold:\">Filmov\u00e9 novinky<\/span><\/p>\n<p><span style=\"line-height: 1.45em: background-color: initial:\">Pod\u00edvejte se na prvn\u00ed promo video k prvn\u00edmu d\u00edlu filmov\u00e9 adaptace <a href=\"http:\/\/neoluxor.cz\/detske\/hunger-games-3-sila-vzdoru--201271\/\" target=\"_blank\" rel=\"noopener\">Hunger Games: S\u00edla vzdoru<\/a>.<\/span><\/p>\n<p><span style=\"line-height: 1.45em: background-color: initial:\"><br \/><\/span><\/p>\n<p><span style=\"line-height: 1.45em: background-color: initial:\">Zve\u0159ejn\u011bn byl prvn\u00ed trailer nov\u00e9 adaptace slavn\u00e9ho p\u0159\u00edb\u011bhu o <a href=\"http:\/\/neoluxor.cz\/beletrie\/dracula--199695\/\" target=\"_blank\" rel=\"noopener\">Draculovi<\/a>. Premi\u00e9ra filmu <i>Dracula Untold<\/i> je pl\u00e1nov\u00e1na na 17. \u0159\u00edjna 2014.<br \/><\/span><\/p>\n<\/p>\n<p>Byly obsazeny hlavn\u00ed mu\u017esk\u00e9 role v chystan\u00e9 filmov\u00e9 adaptaci knihy <a href=\"http:\/\/neoluxor.cz\/beletrie\/pata-vlna--202728\/\" target=\"_blank\" rel=\"noopener\">P\u00e1t\u00e1 vlna<\/a>. Nick Robinson si zahraje Bena Parishe. D\u00e1le se ve filmu objev\u00ed i\u00a0Alex Roe jako Evan Walker. U\u017e d\u0159\u00edve byla do hlavn\u00ed \u017eensk\u00e9 role obsazena\u00a0Chloe Moretz. Nat\u00e1\u010den\u00ed by m\u011blo za\u010d\u00edt letos na podzim.<\/p>\n<\/p>\n<p>Na ofici\u00e1ln\u00ed facebookov\u00e9 str\u00e1nce filmu<i> Vamp\u00fdrsk\u00e1 akademie<\/i> se objevila <a href=\"https:\/\/www.facebook.com\/OfficialVampireAcademyMovie\/posts\/807876919246673\" target=\"_blank\" rel=\"noopener\">zpr\u00e1va<\/a>, \u017ee se sna\u017e\u00ed prosadit zfilmov\u00e1n\u00ed druh\u00e9ho d\u00edlu kni\u017en\u00ed s\u00e9rie Richelle Mead &#8211; <a href=\"http:\/\/neoluxor.cz\/beletrie\/vampyrska-akademie-2-mrazivy-polibek--41980\/\" target=\"_blank\" rel=\"noopener\">Mraziv\u00fd polibek<\/a>. Fanou\u0161ky vyz\u00fdvaj\u00ed k podpo\u0159e.<\/p>\n<p><span style=\"line-height: 1.45em: background-color: initial:\"><i>The 100<\/i>, seri\u00e1l nato\u010den\u00fd podle knihy <a href=\"http:\/\/neoluxor.cz\/beletrie\/prvnich-100--210212\/\" target=\"_blank\" rel=\"noopener\">Prvn\u00edch 100<\/a>, se s nov\u00fdmi d\u00edly vr\u00e1t\u00ed 22. \u0159\u00edjna.<\/span><\/p>\n<p><span style=\"line-height: 1.45em: background-color: initial:\">John Green na Facebooku potvrdil, \u017ee sc\u00e9n\u00e1\u0159 k filmov\u00e9 adaptaci jeho knihy <a href=\"http:\/\/neoluxor.cz\/beletrie\/hledani-aljasky--202341\/\" target=\"_blank\" rel=\"noopener\">Hled\u00e1n\u00ed Alja\u0161ky<\/a> nap\u00ed\u0161e\u00a0Sarah Polley.<\/span><\/p>\n<p><span style=\"line-height: 1.45em: background-color: initial:\">FX uvede seri\u00e1l na motivy knih\u00a0Chucka Hogana a Guillerma Del Toro s hlavn\u00edm hrdinou\u00a0Dr. Efraimem Goodweatherem (<a href=\"http:\/\/neoluxor.cz\/beletrie\/zhoubny-kmen-nakaza--41945\/\" target=\"_blank\" rel=\"noopener\">N\u00e1kaza<\/a>,\u00a0<a href=\"http:\/\/neoluxor.cz\/beletrie\/zhoubny-kmen-pad--91847\/\" target=\"_blank\" rel=\"noopener\">P\u00e1d<\/a>,\u00a0<a href=\"http:\/\/neoluxor.cz\/beletrie\/zhoubny-kmen-noc-az-naveky--174835\/\" target=\"_blank\" rel=\"noopener\">Noc a\u017e nav\u011bky<\/a>). Seri\u00e1l se bude jmenovat\u00a0<i>The Strain<\/i>\u00a0a odstartuje letos v l\u00e9t\u011b. Zve\u0159ejn\u011bno bylo dal\u0161\u00ed promo video.<\/span><\/p>\n<p><span style=\"line-height: 1.45em: background-color: initial:\">Dnes m\u00e1 premi\u00e9ru prvn\u00ed d\u00edl druh\u00e9 sez\u00f3ny seri\u00e1lu <\/span><i style=\"line-height: 1.45em: background-color: initial:\">Under The Dome<\/i><span style=\"line-height: 1.45em: background-color: initial:\">, kter\u00fd je inspirovan\u00fd knihou <\/span><a href=\"http:\/\/neoluxor.cz\/beletrie\/pod-kupoli--89321\/\" style=\"line-height: 1.45em: background-color: initial:\" target=\"_blank\" rel=\"noopener\">Pod kupol\u00ed<\/a><span style=\"line-height: 1.45em: background-color: initial:\"> Stephena Kinga. S\u00e1m autor napsal sc\u00e9n\u00e1\u0159 k t\u00e9to epizod\u011b.<\/span><\/p>\n<p><span style=\"line-height: 1.45em: background-color: initial:\"><br \/><\/span><\/p>\n<p><span style=\"line-height: 1.45em: background-color: initial:\">Pod\u00edvejte se na nov\u00e9 fotografie z filmu<i> If I Stay<\/i> (podle knihy <a href=\"http:\/\/neoluxor.cz\/beletrie\/jestli-zustanu--100065\/\" target=\"_blank\" rel=\"noopener\">Jestli z\u016fstanu<\/a>). Premi\u00e9ry se do\u010dk\u00e1me koncem srpna.<\/span><\/p>\n<p><span style=\"line-height: 1.45em: background-color: initial:\"><\/span><\/p>\n<p align=\"center\">\n<\/p>\n<p><span style=\"line-height: 1.45em: background-color: initial:\">Zdroje: Shelf-life.ew.com, Mediabistro.com, Collider.com, Hypable.com, Dailymotion.com, Pagetopremiere.com, Tor.com<\/span><\/p>\n<p>Autorka: Olga Biern\u00e1tov\u00e1<\/p>\n","protected":false},"excerpt":{"rendered":"<p>Raymond Chandler m\u00e1 hv\u011bzdu na hollywoodsk\u00e9m chodn\u00edku sl\u00e1vy, George R. R. Martin prozradil, na co se m\u016f\u017eeme t\u011b\u0161it ve Winds of Winter, byl zve\u0159ejn\u011bn prvn\u00ed promo klip z Mockingjay, pod\u00edvejte se na trailer nov\u00e9ho Draculy, obsazen\u00ed hlavn\u00edch rol\u00ed P\u00e1t\u00e9 vlny a p\u00e1r fotek z If I Stay.<\/p>\n","protected":false},"author":2,"featured_media":0,"comment_status":"open","ping_status":"open","sticky":false,"template":"","format":"standard","meta":{"_acf_changed":false,"_monsterinsights_skip_tracking":false,"_monsterinsights_sitenote_active":false,"_monsterinsights_sitenote_note":"","_monsterinsights_sitenote_category":0,"_EventAllDay":false,"_EventTimezone":"","_EventStartDate":"","_EventEndDate":"","_EventStartDateUTC":"","_EventEndDateUTC":"","_EventShowMap":false,"_EventShowMapLink":false,"_EventURL":"","_EventCost":"","_EventCostDescription":"","_EventCurrencySymbol":"","_EventCurrencyCode":"","_EventCurrencyPosition":"","_EventDateTimeSeparator":"","_EventTimeRangeSeparator":"","_EventOrganizerID":[],"_EventVenueID":[],"_OrganizerEmail":"","_OrganizerPhone":"","_OrganizerWebsite":"","_VenueAddress":"","_VenueCity":"","_VenueCountry":"","_VenueProvince":"","_VenueState":"","_VenueZip":"","_VenuePhone":"","_VenueURL":"","_VenueStateProvince":"","_VenueLat":"","_VenueLng":"","_VenueShowMap":false,"_VenueShowMapLink":false,"twitterCardType":"","cardImageID":0,"cardImage":"","cardTitle":"","cardDesc":"","cardImageAlt":"","cardPlayer":"","cardPlayerWidth":0,"cardPlayerHeight":0,"cardPlayerStream":"","cardPlayerCodec":"","footnotes":""},"categories":[1],"tags":[],"class_list":["post-2536","post","type-post","status-publish","format-standard","hentry","category-nezarazene"],"acf":{"related_products":null},"_links":{"self":[{"href":"https:\/\/www.luxor.cz\/blog\/wp-json\/wp\/v2\/posts\/2536","targetHints":{"allow":["GET"]}}],"collection":[{"href":"https:\/\/www.luxor.cz\/blog\/wp-json\/wp\/v2\/posts"}],"about":[{"href":"https:\/\/www.luxor.cz\/blog\/wp-json\/wp\/v2\/types\/post"}],"author":[{"embeddable":true,"href":"https:\/\/www.luxor.cz\/blog\/wp-json\/wp\/v2\/users\/2"}],"replies":[{"embeddable":true,"href":"https:\/\/www.luxor.cz\/blog\/wp-json\/wp\/v2\/comments?post=2536"}],"version-history":[{"count":0,"href":"https:\/\/www.luxor.cz\/blog\/wp-json\/wp\/v2\/posts\/2536\/revisions"}],"wp:attachment":[{"href":"https:\/\/www.luxor.cz\/blog\/wp-json\/wp\/v2\/media?parent=2536"}],"wp:term":[{"taxonomy":"category","embeddable":true,"href":"https:\/\/www.luxor.cz\/blog\/wp-json\/wp\/v2\/categories?post=2536"},{"taxonomy":"post_tag","embeddable":true,"href":"https:\/\/www.luxor.cz\/blog\/wp-json\/wp\/v2\/tags?post=2536"}],"curies":[{"name":"wp","href":"https:\/\/api.w.org\/{rel}","templated":true}]}}