{"id":2534,"date":"2014-06-24T16:34:00","date_gmt":"2014-06-24T14:34:00","guid":{"rendered":"https:\/\/www.luxor.cz\/blog\/nezarazene\/s-knihami-na-cesty\/"},"modified":"2023-01-06T16:15:28","modified_gmt":"2023-01-06T15:15:28","slug":"s-knihami-na-cesty-573","status":"publish","type":"post","link":"https:\/\/www.luxor.cz\/blog\/nezarazene\/s-knihami-na-cesty-573\/","title":{"rendered":"S knihami na cesty"},"content":{"rendered":"<\/p>\n<p>P\u0159ipn\u011bte si tuto infografiku na sv\u016fj Pinterest: <a href=\"\/\/www.pinterest.com\/pin\/create\/button\/?url=http%3A%2F%2Fnlx.cz%2Fs-knihami-na-cesty&#038;media=http%3A%2F%2Fneoluxor.cz%2Fmedia%2Fdovolena_3.png&#038;description=NEOLUXOR%3A%20S%20knihami%20na%20cesty%20%23infografika\" data-pin-do=\"buttonPin\" data-pin-config=\"none\" data-pin-color=\"red\" data-pin-height=\"28\"><\/a>    <\/p>\n","protected":false},"excerpt":{"rendered":"<p>Chyst\u00e1te se letos na zahrani\u010dn\u00ed dovolenou? P\u0159ibalte si do kufru knihy, kter\u00e9 pasuj\u00ed k va\u0161\u00ed c\u00edlov\u00e9 destinaci. A pokud n\u00e1hodou z\u016fst\u00e1v\u00e1te doma, m\u016f\u017eete se p\u0159en\u00e9st do ciz\u00edch kraj\u016f prost\u0159ednictv\u00edm n\u011bkter\u00e9ho z titul\u016f v na\u0161em v\u00fdb\u011bru.<\/p>\n","protected":false},"author":2,"featured_media":0,"comment_status":"open","ping_status":"open","sticky":false,"template":"","format":"standard","meta":{"_acf_changed":false,"_monsterinsights_skip_tracking":false,"_monsterinsights_sitenote_active":false,"_monsterinsights_sitenote_note":"","_monsterinsights_sitenote_category":0,"_EventAllDay":false,"_EventTimezone":"","_EventStartDate":"","_EventEndDate":"","_EventStartDateUTC":"","_EventEndDateUTC":"","_EventShowMap":false,"_EventShowMapLink":false,"_EventURL":"","_EventCost":"","_EventCostDescription":"","_EventCurrencySymbol":"","_EventCurrencyCode":"","_EventCurrencyPosition":"","_EventDateTimeSeparator":"","_EventTimeRangeSeparator":"","_EventOrganizerID":[],"_EventVenueID":[],"_OrganizerEmail":"","_OrganizerPhone":"","_OrganizerWebsite":"","_VenueAddress":"","_VenueCity":"","_VenueCountry":"","_VenueProvince":"","_VenueState":"","_VenueZip":"","_VenuePhone":"","_VenueURL":"","_VenueStateProvince":"","_VenueLat":"","_VenueLng":"","_VenueShowMap":false,"_VenueShowMapLink":false,"twitterCardType":"","cardImageID":0,"cardImage":"","cardTitle":"","cardDesc":"","cardImageAlt":"","cardPlayer":"","cardPlayerWidth":0,"cardPlayerHeight":0,"cardPlayerStream":"","cardPlayerCodec":"","footnotes":""},"categories":[1],"tags":[],"class_list":["post-2534","post","type-post","status-publish","format-standard","hentry","category-nezarazene"],"acf":{"related_products":null},"_links":{"self":[{"href":"https:\/\/www.luxor.cz\/blog\/wp-json\/wp\/v2\/posts\/2534","targetHints":{"allow":["GET"]}}],"collection":[{"href":"https:\/\/www.luxor.cz\/blog\/wp-json\/wp\/v2\/posts"}],"about":[{"href":"https:\/\/www.luxor.cz\/blog\/wp-json\/wp\/v2\/types\/post"}],"author":[{"embeddable":true,"href":"https:\/\/www.luxor.cz\/blog\/wp-json\/wp\/v2\/users\/2"}],"replies":[{"embeddable":true,"href":"https:\/\/www.luxor.cz\/blog\/wp-json\/wp\/v2\/comments?post=2534"}],"version-history":[{"count":0,"href":"https:\/\/www.luxor.cz\/blog\/wp-json\/wp\/v2\/posts\/2534\/revisions"}],"wp:attachment":[{"href":"https:\/\/www.luxor.cz\/blog\/wp-json\/wp\/v2\/media?parent=2534"}],"wp:term":[{"taxonomy":"category","embeddable":true,"href":"https:\/\/www.luxor.cz\/blog\/wp-json\/wp\/v2\/categories?post=2534"},{"taxonomy":"post_tag","embeddable":true,"href":"https:\/\/www.luxor.cz\/blog\/wp-json\/wp\/v2\/tags?post=2534"}],"curies":[{"name":"wp","href":"https:\/\/api.w.org\/{rel}","templated":true}]}}