{"id":2533,"date":"2014-06-23T15:39:00","date_gmt":"2014-06-23T13:39:00","guid":{"rendered":"https:\/\/www.luxor.cz\/blog\/nezarazene\/letni-cislo-magazinu-neoluxor-zive\/"},"modified":"2023-01-06T16:15:37","modified_gmt":"2023-01-06T15:15:37","slug":"letni-cislo-magazinu-neoluxor-zive-572","status":"publish","type":"post","link":"https:\/\/www.luxor.cz\/blog\/nezarazene\/letni-cislo-magazinu-neoluxor-zive-572\/","title":{"rendered":"Letn\u00ed \u010d\u00edslo magaz\u00ednu Neoluxor \u017eiv\u011b!"},"content":{"rendered":"<p>Johan Theorin uzav\u00edra \u00f6landskou tetralogii, Martin Pila\u0159 vypr\u00e1v\u00ed o tom, jak se d\u011blaj\u00ed audioknihy, zrecenzovali jsme to nejlep\u0161\u00ed nap\u00ednav\u00e9 \u010dten\u00ed na l\u00e9to, p\u0159in\u00e1\u0161\u00edme dal\u0161\u00ed v\u00e1rku novinek a tip\u016f, v\u00fdb\u011br knih pro ty, co maj\u00ed r\u00e1di Dana Browna, l\u00e1k\u00e1me na uk\u00e1zky, slevy a sout\u011b\u017e o letn\u00ed dovolenou v Doln\u00edm Rakousku.<\/p><\/p>\n","protected":false},"excerpt":{"rendered":"<p>U\u017e je to rok, co vyd\u00e1v\u00e1me n\u00e1\u0161 magaz\u00edn. Vyberte si z na\u0161eho jubilejn\u00edho letn\u00edho \u010d\u00edsla \u010dten\u00ed na dovolenou. V\u00e1\u0161 pr\u016fvodce kni\u017en\u00edm sv\u011btem a toho, co pr\u00e1v\u011b vych\u00e1z\u00ed, v\u00e1s nezklame.<\/p>\n","protected":false},"author":2,"featured_media":0,"comment_status":"open","ping_status":"open","sticky":false,"template":"","format":"standard","meta":{"_acf_changed":false,"_monsterinsights_skip_tracking":false,"_monsterinsights_sitenote_active":false,"_monsterinsights_sitenote_note":"","_monsterinsights_sitenote_category":0,"_EventAllDay":false,"_EventTimezone":"","_EventStartDate":"","_EventEndDate":"","_EventStartDateUTC":"","_EventEndDateUTC":"","_EventShowMap":false,"_EventShowMapLink":false,"_EventURL":"","_EventCost":"","_EventCostDescription":"","_EventCurrencySymbol":"","_EventCurrencyCode":"","_EventCurrencyPosition":"","_EventDateTimeSeparator":"","_EventTimeRangeSeparator":"","_EventOrganizerID":[],"_EventVenueID":[],"_OrganizerEmail":"","_OrganizerPhone":"","_OrganizerWebsite":"","_VenueAddress":"","_VenueCity":"","_VenueCountry":"","_VenueProvince":"","_VenueState":"","_VenueZip":"","_VenuePhone":"","_VenueURL":"","_VenueStateProvince":"","_VenueLat":"","_VenueLng":"","_VenueShowMap":false,"_VenueShowMapLink":false,"twitterCardType":"","cardImageID":0,"cardImage":"","cardTitle":"","cardDesc":"","cardImageAlt":"","cardPlayer":"","cardPlayerWidth":0,"cardPlayerHeight":0,"cardPlayerStream":"","cardPlayerCodec":"","footnotes":""},"categories":[1],"tags":[],"class_list":["post-2533","post","type-post","status-publish","format-standard","hentry","category-nezarazene"],"acf":{"related_products":null},"_links":{"self":[{"href":"https:\/\/www.luxor.cz\/blog\/wp-json\/wp\/v2\/posts\/2533","targetHints":{"allow":["GET"]}}],"collection":[{"href":"https:\/\/www.luxor.cz\/blog\/wp-json\/wp\/v2\/posts"}],"about":[{"href":"https:\/\/www.luxor.cz\/blog\/wp-json\/wp\/v2\/types\/post"}],"author":[{"embeddable":true,"href":"https:\/\/www.luxor.cz\/blog\/wp-json\/wp\/v2\/users\/2"}],"replies":[{"embeddable":true,"href":"https:\/\/www.luxor.cz\/blog\/wp-json\/wp\/v2\/comments?post=2533"}],"version-history":[{"count":0,"href":"https:\/\/www.luxor.cz\/blog\/wp-json\/wp\/v2\/posts\/2533\/revisions"}],"wp:attachment":[{"href":"https:\/\/www.luxor.cz\/blog\/wp-json\/wp\/v2\/media?parent=2533"}],"wp:term":[{"taxonomy":"category","embeddable":true,"href":"https:\/\/www.luxor.cz\/blog\/wp-json\/wp\/v2\/categories?post=2533"},{"taxonomy":"post_tag","embeddable":true,"href":"https:\/\/www.luxor.cz\/blog\/wp-json\/wp\/v2\/tags?post=2533"}],"curies":[{"name":"wp","href":"https:\/\/api.w.org\/{rel}","templated":true}]}}