{"id":2512,"date":"2014-06-13T07:55:00","date_gmt":"2014-06-13T05:55:00","guid":{"rendered":"https:\/\/www.luxor.cz\/blog\/nezarazene\/film-ktery-vas-rozpohybuje\/"},"modified":"2023-01-06T16:15:38","modified_gmt":"2023-01-06T15:15:38","slug":"film-ktery-vas-rozpohybuje-550","status":"publish","type":"post","link":"https:\/\/www.luxor.cz\/blog\/recenze\/film-ktery-vas-rozpohybuje-550\/","title":{"rendered":"Film, kter\u00fd v\u00e1s rozpohybuje"},"content":{"rendered":"<\/p>\n<p><span style=\"line-height: 1.45em: background-color: initial:\"><\/p>\n<p><\/span><\/p>\n<p><span style=\"line-height: 1.45em: background-color: initial:\">N\u00e1m\u011bt o Walter Mittym, na prvn\u00ed  pohled naprosto pr\u016fm\u011brn\u00e9m a sp\u00ed\u0161e pasivn\u00edm jedinci, se svou histori\u00ed sah\u00e1 do  roku 1939. Tehdy v \u010dasopise The New Yorker vy\u0161la pov\u00eddka Jamese Thurbera.  Netrvalo to ani deset let, kdy se j\u00ed chopil komik Danny Kay, na vyveden\u011bj\u0161\u00ed  interpretaci v\u0161ak musel p\u0159\u00edb\u011bh o <\/span>probuzen\u00e9m \u017eivotu<span style=\"line-height: 1.45em: background-color: initial:\">  po\u010dkat t\u00e9m\u011b\u0159 dal\u0161\u00edch pades\u00e1t let. A\u010dkoliv o zfilmov\u00e1n\u00ed uva\u017eoval t\u0159eba Spielberg  nebo Howard a a\u010dkoliv mezi zva\u017eovan\u00fdmi herci se p\u0159em\u00fd\u0161lelo o Jimu Carreym,  Owenu Willsonovoi nebo Willu Farrellovi, na re\u017eis\u00e9rskou sesli se posadil a do \u00fast\u0159edn\u00ed  postavy se v\u017eil nakonec Ben Stiller. Komediant \u010das od \u010dasu balancuj\u00edc\u00ed mezi pr\u016fm\u011brnost\u00ed  a\u017e trapnost\u00ed, jindy atakuj\u00edc\u00ed na\u0161e div\u00e1ck\u00e9 receptory velmi inteligentn\u00edm  humorem. <\/span><span style=\"line-height: 1.45em: background-color: initial:\"><a href=\"http:\/\/neoluxor.cz\/filmy\/bd-walter-mitty-a-jeho-tajny-zivot--212403\/\" target=\"_blank\" rel=\"noopener\">Walter Mitty a jeho tajn\u00fd \u017eivot<\/a><\/span><span style=\"line-height: 1.45em: background-color: initial:\">  pat\u0159\u00ed bezesporu do druh\u00e9, t\u00e9 lep\u0161\u00ed kategorie. Ba co v\u00edc, p\u0159edstavuje Stillerovu  re\u017eijn\u011b nejvyzr\u00e1lej\u0161\u00ed pr\u00e1ci. U\u017e proto, \u017ee um\u00ed s lehkost\u00ed uchopit hned n\u011bkolik  univerz\u00e1ln\u011b funguj\u00edc\u00edch a z\u00e1va\u017en\u00fdch t\u00e9mat. A p\u0159itom v\u0161em b\u00fdt je\u0161t\u011b i vizu\u00e1ln\u011b  zaj\u00edmav\u00fd.<\/span><\/p>\n<p><span style=\"line-height: 1.45em: background-color: initial:\"><br \/><\/span><\/p>\n<p>Naj\u00edt d\u016fvody, pro\u010d se na film pod\u00edvat,  nebude obt\u00ed\u017en\u00e9. T\u0159eba v\u00e1s oslovuje konfrontace star\u00e9ho  a nov\u00e9ho  sv\u011bta, analogu a digit\u00e1lu,  nebo pat\u0159\u00edte tak\u00e9 mezi ty, co v nejintenzivn\u011bj\u0161\u00ed chv\u00edle odkl\u00e1daj\u00ed fotoapar\u00e1ty a  kamery, abyste je pouze pro\u017eili. Dost mo\u017en\u00e1 ale m\u00e1te bl\u00edzko k Walterovi. Pro\u017e\u00edv\u00e1te  dny, ani\u017e byste z nich c\u00edtili jiskru. A\u0165 u\u017e m\u00e1te sny, nebo v\u00e1m je rutina vytla\u010dila  z mysli, neud\u011bl\u00e1te pro n\u011b tak\u0159ka nic. Bu\u010f slab\u00e1\/\u017e\u00e1dn\u00e1 motivace, v\u00fdmluva na  absenci p\u0159\u00edle\u017eitost\u00ed a mo\u017enost\u00ed, v\u0161e v\u00e1s pohlcuje a pomalou\u010dku p\u0159itla\u010duje k  zemi. Nemus\u00ed to b\u00fdt Syst\u00e9m, m\u016f\u017eete  to b\u00fdt jen a pouze vy sami, kdo se ob\u00edr\u00e1 o \u0161anci n\u011bco skute\u010dn\u011b za\u017e\u00edt. Tak jako  Walter Mitty. <\/p>\n<p>A i kdy\u017e l\u00e1ska zde hraje svoji d\u016fle\u017eitou  roli, inicia\u010dn\u00ed moment se skr\u00fdv\u00e1 jinde. Zd\u00e1nliv\u011b dokonce zcela mimo v\u00e1s &#8211;  Walter nap\u0159\u00edklad mus\u00ed naj\u00edt ztracen\u00fd negativ fotografie ur\u010den\u00e9 na tituln\u00ed str\u00e1nku  posledn\u00edho vyd\u00e1n\u00ed \u010dasopisu Life.  Jak ale nazna\u010duje m\u00edrn\u011b rozpohybovan\u00e1 fotografie se Seanem O&#8217;Connellem (Sean  Penn), na prvn\u00ed pohled vn\u011bj\u0161\u00ed okolnosti se odehr\u00e1vaj\u00ed jen a pouze ve v\u00e1s.  Fantazie a absurdity, kter\u00e9 na n\u00e1s v pr\u016fb\u011bhu v\u00fdvoje d\u011bje \u010dekaj\u00ed, de facto jen  hezky odr\u00e1\u017e\u00ed erupci nitra, kter\u00e9 se rozhodlo jednat &#8211; d\u00e1t se do pohybu. A pr\u00e1v\u011b  o takov\u00e9m rozhodnut\u00ed film vypr\u00e1v\u00ed.<\/p>\n<\/p>\n<p><\/p>\n<p><a href=\"http:\/\/neoluxor.cz\/filmy\/bd-walter-mitty-a-jeho-tajny-zivot--212403\/\" target=\"_blank\" rel=\"noopener\">Wallter Mitty a jeho tajn\u00fd \u017eivot<\/a>  m\u00e1 siln\u00fd n\u00e1boj. Spol\u00e9hat, \u017ee v\u00e1s n\u011bkam posune, by bylo naivn\u00ed. Rozhodn\u011b ale m\u016f\u017ee  probudit z\u00e1jem, chu\u0165, touhu probudit se stejn\u011b jako Walter. Co bude d\u00e1l, zda  vyb\u011bhnete ven, polet\u00edte na ostrov, poplav\u00edte se po mo\u0159i\u2026 to je jen a pouze na v\u00e1s.  Walter se rozhodl pro v\u0161e (a je\u0161t\u011b daleko v\u00edce). Sou\u010dasn\u011b, jak zjist\u00edte s  hrdinou na sam\u00e9m konci, nen\u00ed nic tak \u010dernob\u00edl\u00e9 a i zd\u00e1nliv\u011b ban\u00e1ln\u00ed pr\u00e1ce\/\u017eivot  obsahuje hodnoty, kter\u00e9 si t\u0159eba neuv\u011bdomujete, ale okol\u00ed ano. <\/p>\n<p>A te\u010f si k posl\u00e1n\u00ed filmu p\u0159ipo\u010dt\u011bte  dal\u0161\u00ed \u010dinitele, s nimi\u017e se kvalita a z\u00e1\u017eitek n\u00e1sob\u00ed. V Stillerov\u011b pod\u00e1n\u00ed se  obrazy rozpohybuj\u00ed do bujar\u00fdch viz\u00ed, mnohdy \u0159\u00e1dn\u011b absurdn\u00edch, st\u00e1le v\u0161ak jaksi  spjat\u00fdch s t\u00edm, co zn\u00e1me z reality. Jej\u00ed st\u0159et s fantazi\u00ed (\u010di t\u0159eba jen a pouze  na\u0161\u00edm vzdorem) p\u011bkn\u011b ilustruje sc\u00e9na po p\u0159\u00edletu na leti\u0161t\u011b v hlavn\u00edm m\u011bst\u011b Gr\u00f3nska.  Mitty dostane k pron\u00e1jmu na v\u00fdb\u011br \u010derven\u00e9 nebo modr\u00e9 auto, stejn\u011b jako m\u011bl  hlavn\u00ed hrdina Neo v Matrixu  na v\u00fdb\u011br \u010dervenou nebo modrou pilulku. (Mimochodem odkaz\u016f na jin\u00e1 d\u00edla ve filmu  najdete v\u00edce.)<\/p>\n<p>Obraz, kter\u00fd doporu\u010duji dop\u0159\u00e1t si  z Blu-Ray disku, vynik\u00e1 tu v\u00edce, tu m\u00e9n\u011b stylizovanou barevnost\u00ed, pohr\u00e1v\u00e1 si s  n\u00e1pisy za\u010dlen\u011bn\u00fdmi do mizansc\u00e9ny. Podbarvuje jej energi\u00ed nabit\u00fd soundtrack, kdy  songy st\u0159\u00edd\u00e1 zdrav\u011b patetick\u00e1 instrument\u00e1ln\u00ed a hrav\u00e1 muzika Theodore Shapira. <\/p>\n<p>Kamera, kter\u00e1 dostane zabrat p\u0159i ak\u010dn\u00edch sc\u00e9n\u00e1ch,  se doslova koch\u00e1 severskou krajinou (p\u0159\u00edsah\u00e1m, po zhl\u00e9dnut\u00ed budete cht\u00edt jet na  Island) a jen podtrhuje energii filmu. <\/p>\n<p>D\u00edv\u00e1te-li se na bonusov\u00fd materi\u00e1l,  m\u016f\u017ee v\u00e1s u n\u011bkter\u00fdch vyst\u0159i\u017een\u00fdch sc\u00e9n zamrzet, \u017ee se ve fin\u00e1le neobjevily. Rozhodn\u011b  pot\u011b\u0161\u00ed des\u00edtky minut ze z\u00e1kulis\u00ed, kter\u00e9 odkr\u00fdvaj\u00ed postupn\u011b r\u016fzn\u00e9 slo\u017eky filmu &#8211;  od herectv\u00ed, p\u0159es hudbu, a\u017e po v\u00fdb\u011br lokac\u00ed. <\/p>\n<p>Byla by velk\u00e1 \u0161koda si nechat <a href=\"http:\/\/neoluxor.cz\/filmy\/bd-walter-mitty-a-jeho-tajny-zivot--212403\/\" target=\"_blank\" rel=\"noopener\">Waltera Mittyho<\/a>  uniknout. A vlastn\u011b byla by i \u0161koda si jej pustit pouze jednou. Obsahuje toti\u017e  des\u00edtky drobnost\u00ed, kter\u00e9 bu\u010fto na poprv\u00e9 nezaregistrujete, nebo je p\u0159\u00edjemn\u00e9 se  jimi pot\u011b\u0161it opakovan\u011b.<\/p>\n<h2>Hodnocen\u00ed: 100 %<\/h2>\n<p>Autor: Luk\u00e1\u0161 Gregor<\/p>\n","protected":false},"excerpt":{"rendered":"<p>\u00d3da na procitnut\u00ed. I tak by mohlo zn\u00edt \u00fast\u0159edn\u00ed t\u00e9ma dal\u0161\u00edho re\u017eijn\u00edho po\u010dinu Bena Stillera, kter\u00fd by mohl b\u00fdt bez ostychu za\u0159azen mezi nejpoveden\u011bj\u0161\u00ed komedie lo\u0148sk\u00e9ho roku.<\/p>\n","protected":false},"author":2,"featured_media":0,"comment_status":"open","ping_status":"open","sticky":false,"template":"","format":"standard","meta":{"_acf_changed":false,"_monsterinsights_skip_tracking":false,"_monsterinsights_sitenote_active":false,"_monsterinsights_sitenote_note":"","_monsterinsights_sitenote_category":0,"_EventAllDay":false,"_EventTimezone":"","_EventStartDate":"","_EventEndDate":"","_EventStartDateUTC":"","_EventEndDateUTC":"","_EventShowMap":false,"_EventShowMapLink":false,"_EventURL":"","_EventCost":"","_EventCostDescription":"","_EventCurrencySymbol":"","_EventCurrencyCode":"","_EventCurrencyPosition":"","_EventDateTimeSeparator":"","_EventTimeRangeSeparator":"","_EventOrganizerID":[],"_EventVenueID":[],"_OrganizerEmail":"","_OrganizerPhone":"","_OrganizerWebsite":"","_VenueAddress":"","_VenueCity":"","_VenueCountry":"","_VenueProvince":"","_VenueState":"","_VenueZip":"","_VenuePhone":"","_VenueURL":"","_VenueStateProvince":"","_VenueLat":"","_VenueLng":"","_VenueShowMap":false,"_VenueShowMapLink":false,"twitterCardType":"","cardImageID":0,"cardImage":"","cardTitle":"","cardDesc":"","cardImageAlt":"","cardPlayer":"","cardPlayerWidth":0,"cardPlayerHeight":0,"cardPlayerStream":"","cardPlayerCodec":"","footnotes":""},"categories":[7],"tags":[],"class_list":["post-2512","post","type-post","status-publish","format-standard","hentry","category-recenze"],"acf":{"related_products":null},"_links":{"self":[{"href":"https:\/\/www.luxor.cz\/blog\/wp-json\/wp\/v2\/posts\/2512","targetHints":{"allow":["GET"]}}],"collection":[{"href":"https:\/\/www.luxor.cz\/blog\/wp-json\/wp\/v2\/posts"}],"about":[{"href":"https:\/\/www.luxor.cz\/blog\/wp-json\/wp\/v2\/types\/post"}],"author":[{"embeddable":true,"href":"https:\/\/www.luxor.cz\/blog\/wp-json\/wp\/v2\/users\/2"}],"replies":[{"embeddable":true,"href":"https:\/\/www.luxor.cz\/blog\/wp-json\/wp\/v2\/comments?post=2512"}],"version-history":[{"count":0,"href":"https:\/\/www.luxor.cz\/blog\/wp-json\/wp\/v2\/posts\/2512\/revisions"}],"wp:attachment":[{"href":"https:\/\/www.luxor.cz\/blog\/wp-json\/wp\/v2\/media?parent=2512"}],"wp:term":[{"taxonomy":"category","embeddable":true,"href":"https:\/\/www.luxor.cz\/blog\/wp-json\/wp\/v2\/categories?post=2512"},{"taxonomy":"post_tag","embeddable":true,"href":"https:\/\/www.luxor.cz\/blog\/wp-json\/wp\/v2\/tags?post=2512"}],"curies":[{"name":"wp","href":"https:\/\/api.w.org\/{rel}","templated":true}]}}