{"id":2506,"date":"2014-06-11T16:24:00","date_gmt":"2014-06-11T14:24:00","guid":{"rendered":"https:\/\/www.luxor.cz\/blog\/nezarazene\/na-vlne-ceske-fantasy\/"},"modified":"2023-01-06T16:15:38","modified_gmt":"2023-01-06T15:15:38","slug":"na-vlne-ceske-fantasy-543","status":"publish","type":"post","link":"https:\/\/www.luxor.cz\/blog\/recenze\/na-vlne-ceske-fantasy-543\/","title":{"rendered":"Na vln\u011b \u010desk\u00e9 fantasy"},"content":{"rendered":"<\/p>\n<p><span><\/span><\/p>\n<\/p>\n<p><span>Ond\u0159ej Jire\u0161 pat\u0159\u00ed v na\u0161\u00ed mal\u00e9 zemi k osob\u00e1m nejpovolan\u011bj\u0161\u00edm. Ji\u017e 14 let se v\u011bnuje jako editor a redaktor \u010desk\u00e9 fantasy a science fiction. Fanou\u0161ci tohoto \u017e\u00e1nru jej jist\u011b zaregistrovali mimo jin\u00e9 i jako \u0161\u00e9fredaktora internetov\u00e9ho magaz\u00ednu Fantasy Planet. Krom\u011b sv\u00e9 redaktorsk\u00e9 \u010dinnosti m\u00e1 za sebou tak\u00e9 n\u011bkolik vydan\u00fdch pov\u00eddkov\u00fdch sb\u00edrek. Za v\u0161echny m\u016f\u017eeme zm\u00ednit nap\u0159\u00edklad <a href=\"http:\/\/neoluxor.cz\/beletrie\/pisne-temnych-veku--194993\/\" target=\"_blank\" rel=\"noopener\">P\u00edsn\u011b temn\u00fdch v\u011bk\u016f<\/a>, nebo <a href=\"http:\/\/neoluxor.cz\/beletrie\/hvezdy-ceske-sci-fi--86294\/\" target=\"_blank\" rel=\"noopener\">Hv\u011bzdy \u010desk\u00e9 sci-fi<\/a>.<\/span><\/p>\n<p>Jeho nejnov\u011bj\u0161\u00ed projekt nese n\u00e1zev <a href=\"http:\/\/neoluxor.cz\/beletrie\/klenoty-ceske-fantasy--211756\/\" target=\"_blank\" rel=\"noopener\">Klenoty \u010desk\u00e9 fantasy<\/a> a Ond\u0159ej Jire\u0161 v n\u011bm p\u0159estavuje to nejlep\u0161\u00ed z pov\u00eddek a novel tohoto \u017e\u00e1nru u n\u00e1s. Ji\u017e zb\u011b\u017en\u00fd pohled na seznam autor\u016f mus\u00ed d\u00e1t Jire\u0161ovi za pravdu. V t\u00e9to rozs\u00e1hl\u00e9 antologii najdeme jm\u00e9na jako Kadle\u010dkov\u00e1, Neff, Kop\u0159iva, Neomillnerov\u00e1, nebo \u017damboch.<\/p>\n<p>V\u0161echna tato jm\u00e9na jsou nav\u00edc p\u0159\u00edslibem opravdov\u00e9 r\u016fznorodosti jednotliv\u00fdch text\u016f. A p\u0159esto\u017ee m\u00e1 fantasy v \u010cesk\u00e9 republice pom\u011brn\u011b kr\u00e1tkou tradici, ji\u017e zde stihla vyr\u016fst siln\u00e1 generace spisovatel\u016f, kte\u0159\u00ed se nesmazateln\u011b vryli do podv\u011bdom\u00ed fanou\u0161k\u016f. D\u00edky tomu nem\u011bl Jire\u0161 v\u016fbec jednoduchou pr\u00e1ci. Tuto nez\u00e1vid\u011bn\u00edhodnou pozici a v\u016fbec v\u00fdb\u011br text\u016f do sv\u00e9 antologie osv\u011btluje v p\u0159edmluv\u011b. D\u00e1le zde najdeme dva doslovy Borise Hokra &#8211; <i>Ta na\u0161e fantasy \u010desk\u00e1<\/i> a <i>\u010ce\u0161i sv\u00fdm antologi\u00edm rozum\u011bj\u00ed\u00a0<\/i>&#8211; a samoz\u0159ejmost\u00ed jsou medailonky jednotliv\u00fdch spisovatel\u016f.<\/p>\n<p>To, \u017ee se jedn\u00e1 o v\u00fdb\u011br vskutku exkluzivn\u00ed, je vid\u011bt ji\u017e na prvn\u00ed pohled. Toto sedmisetstr\u00e1nkov\u00e9 monstrum nab\u00fdv\u00e1 na v\u00fdjime\u010dnosti i kresbou Milana Mal\u00edka, kter\u00e1 celou knihu podtrhuje a dod\u00e1v\u00e1 j\u00ed opravdu skv\u011bl\u00fd vzhled.<\/p>\n<p>Autor se sna\u017eil poctiv\u011b obs\u00e1hnout cel\u00fdch cca 30 let historie \u010desk\u00e9 fantastiky. P\u0159edev\u0161\u00edm chud\u00e1 devades\u00e1t\u00e1 l\u00e9ta nebylo jednoduch\u00e9 zmapovat. Nakonec se p\u0159eci jen na\u0161la dv\u011b d\u00edlka, kter\u00e1 v tomto v\u00fdb\u011bru nemohla chyb\u011bt. Konkr\u00e9tn\u011b se jedn\u00e1 o <i>Poselstv\u00ed pro Ahla Mathona<\/i> z roku 1988 od Ond\u0159eje Neffa a <i>M\u00e9 rty budou tou\u017eit po krvi<\/i> z roku 1995 od Vilmy Kadle\u010dkov\u00e9, kter\u00e1 se v\u0161ak rozhodla svou pov\u00eddku pro nov\u00e9 vyd\u00e1n\u00ed lehce upravit. V\u0161echny ostatn\u00ed pov\u00eddky, kter\u00e9 najdeme v tomto sborn\u00edku, vy\u0161ly poprv\u00e9 a\u017e mezi lety 2000 a 2010.<\/p>\n<p>P\u0159esto\u017ee jsou v\u0161echny takov\u00e9to sborn\u00edky p\u0159edev\u0161\u00edm subjektivn\u00edm v\u00fdb\u011brem editora, Jire\u0161ovi se poda\u0159ilo vybrat opravdu reprezentativn\u00ed vzorek \u010desk\u00e9 fantastiky, kter\u00fd se rozhodn\u011b neztrat\u00ed v \u017e\u00e1dn\u00e9 knihovn\u011b. Nav\u00edc si zde d\u00edky celkov\u00e9 r\u016fznorodosti najde sv\u016fj obl\u00edben\u00fd kousek snad ka\u017ed\u00fd \u010dten\u00e1\u0159.<\/p>\n<h2>Hodnocen\u00ed 90 %<\/h2>\n<p>Autor: Petr \u010capek<\/p>\n","protected":false},"excerpt":{"rendered":"<p>Leto\u0161n\u00ed kv\u011bten byl pro \u010deskou fantastiku opravdu v\u00fdjime\u010dn\u00fd. Nejen \u017ee se tento \u017e\u00e1nr do\u010dkal zvl\u00e1\u0161tn\u00ed pozornosti na veletrhu Sv\u011bt knihy, kde zab\u00edral zna\u010dnou \u010d\u00e1st programu, nav\u00edc se \u010dten\u00e1\u0159i do\u010dkali i vcelku nev\u00eddan\u00e9 v\u011bci. B\u011bhem \u010dtrn\u00e1cti dn\u016f vy\u0161ly dv\u011b mamut\u00ed sb\u00edrky t\u011bch nejlep\u0161\u00edch fantasy pov\u00eddek. To je na \u010desk\u00e9 pom\u011bry v\u011bc opravdu neobvykl\u00e1. Za prvn\u00ed stoj\u00ed \u010dasopis Pevnost a nakladatelstv\u00ed Fantom Print, zat\u00edmco za druh\u00fdm po\u010dinem stoj\u00ed nakladatelstv\u00ed Argo a Ond\u0159ej Jire\u0161. A pr\u00e1v\u011b o n\u011bm je dnes \u0159e\u010d.<\/p>\n","protected":false},"author":2,"featured_media":0,"comment_status":"open","ping_status":"open","sticky":false,"template":"","format":"standard","meta":{"_acf_changed":false,"_monsterinsights_skip_tracking":false,"_monsterinsights_sitenote_active":false,"_monsterinsights_sitenote_note":"","_monsterinsights_sitenote_category":0,"_EventAllDay":false,"_EventTimezone":"","_EventStartDate":"","_EventEndDate":"","_EventStartDateUTC":"","_EventEndDateUTC":"","_EventShowMap":false,"_EventShowMapLink":false,"_EventURL":"","_EventCost":"","_EventCostDescription":"","_EventCurrencySymbol":"","_EventCurrencyCode":"","_EventCurrencyPosition":"","_EventDateTimeSeparator":"","_EventTimeRangeSeparator":"","_EventOrganizerID":[],"_EventVenueID":[],"_OrganizerEmail":"","_OrganizerPhone":"","_OrganizerWebsite":"","_VenueAddress":"","_VenueCity":"","_VenueCountry":"","_VenueProvince":"","_VenueState":"","_VenueZip":"","_VenuePhone":"","_VenueURL":"","_VenueStateProvince":"","_VenueLat":"","_VenueLng":"","_VenueShowMap":false,"_VenueShowMapLink":false,"twitterCardType":"","cardImageID":0,"cardImage":"","cardTitle":"","cardDesc":"","cardImageAlt":"","cardPlayer":"","cardPlayerWidth":0,"cardPlayerHeight":0,"cardPlayerStream":"","cardPlayerCodec":"","footnotes":""},"categories":[7],"tags":[],"class_list":["post-2506","post","type-post","status-publish","format-standard","hentry","category-recenze"],"acf":{"related_products":null},"_links":{"self":[{"href":"https:\/\/www.luxor.cz\/blog\/wp-json\/wp\/v2\/posts\/2506","targetHints":{"allow":["GET"]}}],"collection":[{"href":"https:\/\/www.luxor.cz\/blog\/wp-json\/wp\/v2\/posts"}],"about":[{"href":"https:\/\/www.luxor.cz\/blog\/wp-json\/wp\/v2\/types\/post"}],"author":[{"embeddable":true,"href":"https:\/\/www.luxor.cz\/blog\/wp-json\/wp\/v2\/users\/2"}],"replies":[{"embeddable":true,"href":"https:\/\/www.luxor.cz\/blog\/wp-json\/wp\/v2\/comments?post=2506"}],"version-history":[{"count":0,"href":"https:\/\/www.luxor.cz\/blog\/wp-json\/wp\/v2\/posts\/2506\/revisions"}],"wp:attachment":[{"href":"https:\/\/www.luxor.cz\/blog\/wp-json\/wp\/v2\/media?parent=2506"}],"wp:term":[{"taxonomy":"category","embeddable":true,"href":"https:\/\/www.luxor.cz\/blog\/wp-json\/wp\/v2\/categories?post=2506"},{"taxonomy":"post_tag","embeddable":true,"href":"https:\/\/www.luxor.cz\/blog\/wp-json\/wp\/v2\/tags?post=2506"}],"curies":[{"name":"wp","href":"https:\/\/api.w.org\/{rel}","templated":true}]}}