{"id":2500,"date":"2014-06-04T09:36:00","date_gmt":"2014-06-04T07:36:00","guid":{"rendered":"https:\/\/www.luxor.cz\/blog\/nezarazene\/ze-je-sever-drsny-a-co-potom-sever-koreje\/"},"modified":"2023-01-06T16:15:48","modified_gmt":"2023-01-06T15:15:48","slug":"ze-je-sever-drsny-a-co-potom-sever-koreje-537","status":"publish","type":"post","link":"https:\/\/www.luxor.cz\/blog\/recenze\/ze-je-sever-drsny-a-co-potom-sever-koreje-537\/","title":{"rendered":"\u017de je sever drsn\u00fd? A co potom sever Koreje?"},"content":{"rendered":"<\/p>\n<\/p>\n<p>Na prvn\u00ed pohled je <a href=\"http:\/\/neoluxor.cz\/beletrie\/syn-spravce-sirotcince--212659\/\" target=\"_blank\" rel=\"noopener\">Syn spr\u00e1vce sirot\u010dince<\/a><i> <\/i>pouhou variac\u00ed na proslul\u00fd Orwell\u016fv  rom\u00e1n <i>1984<\/i>.  Nenechte se ale oklamat. Hlavn\u00ed hrdina p\u0159\u00edb\u011bhu v\u00e1m bude neosobn\u011b, a\u017e  nep\u0159irozen\u011b stroze a um\u011ble, vypr\u00e1v\u011bt o zemi, kter\u00e1 se ut\u00e1p\u00ed v\u00a0neskute\u010dn\u00e9 b\u00edd\u011b  a hladomoru a jej\u00ed\u017e obyvatel\u00e9 u\u017e zapomn\u011bli na to, jak\u00e9 to v\u016fbec je b\u00fdt svobodn\u00fd  a m\u00edt vlastn\u00ed v\u016fli. Bezmezn\u011b a odhodlan\u011b obdivuj\u00ed sv\u00e9ho drah\u00e9ho v\u016fdce revoluce  a v\u011b\u0159\u00ed, \u017ee \u017eij\u00ed v\u00a0t\u00e9 nejlep\u0161\u00ed zemi na sv\u011bt\u011b.<\/p>\n<p>Rom\u00e1n, kter\u00fd se skl\u00e1d\u00e1 ze dvou \u010d\u00e1st\u00ed, je sugestivn\u00ed v\u00fdpravou  do pro n\u00e1s ji\u017e d\u00e1vno zapomenut\u00e9ho sv\u011bta totalitn\u00edho re\u017eimu. Vyprav\u011b\u010dem, pokud  je to tak mo\u017en\u00e9 napsat, je severokorejsk\u00fd sirotek Pak \u010cun Do. A\u010dkoliv sv\u00e9ho  otce znal, je i tak ofici\u00e1ln\u011b pova\u017eovan\u00fd za sirotka a s t\u00edmto stigmatem bojuje  cel\u00fd sv\u016fj \u017eivot. V\u0161echny d\u011bti bez rodi\u010d\u016f jsou toti\u017e v Korejsk\u00e9 lidov\u011b demokratick\u00e9  republice pova\u017eov\u00e1ny za m\u00e9n\u011bcenn\u011bj\u0161\u00ed. Nav\u00edc jsou osi\u0159el\u00ed chlapci povinn\u011b  odvedeni do arm\u00e1dy. V\u00fdcvikem, kter\u00fdm Pak pro\u0161el, z\u00edskal schopnosti, kter\u00e9 v  budoucnu bohat\u011b vyu\u017eije. Byl cvi\u010den k boji v naprost\u00e9 tm\u011b tajn\u00fdch podzemn\u00edch  tunel\u016f vedouc\u00edch ze Severn\u00ed do Ji\u017en\u00ed Koreje. <\/p>\n<p>Prvn\u00ed \u010d\u00e1st knihy nab\u00edz\u00ed skrze postavu Pak \u010cun Doa nesm\u00edrn\u011b  zaj\u00edmav\u00e9 nahl\u00e9dnut\u00ed do mysli obyvatele Severn\u00ed Koreje. Rom\u00e1n n\u00e1m, zpohodln\u011bl\u00fdm  St\u0159edoevropan\u016fm, ukazuje, \u017ee \u017eijeme ve velmi mal\u00e9m a r\u016f\u017eov\u00e9m sv\u011bt\u011b, zat\u00edmco mimo  na\u0161e hranice existuj\u00ed m\u00edsta, ve kter\u00fdch se pojet\u00ed lidsk\u00e9ho \u017eivota bl\u00ed\u017e\u00ed\u00a0 peklu na zemi, \u017eivot v\u00a0Severn\u00ed Koreji  jej v\u0161ak dost mo\u017en\u00e1 i p\u0159ed\u010d\u00ed. V\u00a0druh\u00e9 \u010d\u00e1sti se vypr\u00e1v\u011bn\u00ed Paka st\u0159\u00edd\u00e1  s\u00a0pohledem vy\u0161et\u0159ovatele, kter\u00fd ho vysl\u00fdch\u00e1. Do t\u00e9 doby poddajn\u00fd Pak si  za\u010d\u00edn\u00e1 uv\u011bdomovat, \u017ee \u017eije v\u00a0zemi, ve kter\u00e9 nen\u00ed v\u0161e v\u00a0po\u0159\u00e1dku a  roste jeho touha po zm\u011bn\u011b. D\u00e1 se ale v\u016fbec bojovat s\u00a0tak nekone\u010dn\u011b mocnou  silou? Ve chv\u00edl\u00edch, kdy autor popisuje bezmocnost jedin\u00e9ho \u010dlov\u011bka proti st\u00e1tn\u00ed  ma\u0161in\u00e9rii a neot\u0159esiteln\u00e9 doktr\u00edn\u011b, si sami uv\u011bdom\u00edte, jak k\u0159ehk\u00e1 je va\u0161e  vlastn\u00ed svoboda a jak m\u00e1lo sta\u010d\u00ed k\u00a0tomu, abyste o ni p\u0159i\u0161li.\u00a0<\/p>\n<p>Adam Johnson  dostal za sv\u016fj rom\u00e1n Pulitzerovu cenu a naprosto zaslou\u017een\u011b. Hled\u00e1te-li knihu, kter\u00e1  v\u00e1m umo\u017en\u00ed nahl\u00e9dnout na realitu totalitn\u00edho syst\u00e9mu z\u00a0jin\u00e9ho \u00fahlu a  ot\u0159ese va\u0161\u00edm p\u0159esv\u011bd\u010den\u00edm, <i><a href=\"http:\/\/neoluxor.cz\/beletrie\/syn-spravce-sirotcince--212659\/\" target=\"_blank\" rel=\"noopener\">Syn spr\u00e1vce sirot\u010dinceje<\/a><\/i>  pro v\u00e1s jasnou volbou.<\/p>\n<h2>Hodnocen\u00ed: 87 %<\/h2>\n<p>Autor: Petr Mach\u00e1\u010dek<\/p>\n","protected":false},"excerpt":{"rendered":"<p>Syn spr\u00e1vce sirot\u010dince je rom\u00e1n, kter\u00fd \u010dlov\u011bku otev\u0159e o\u010di. Pom\u016f\u017ee v\u00e1m uv\u011bdomit si, jak se vlastn\u011b m\u00e1te dob\u0159e a \u017ee by mohlo b\u00fdt i mnohem, ale mnohem h\u016f\u0159.<\/p>\n","protected":false},"author":2,"featured_media":0,"comment_status":"open","ping_status":"open","sticky":false,"template":"","format":"standard","meta":{"_acf_changed":false,"_monsterinsights_skip_tracking":false,"_monsterinsights_sitenote_active":false,"_monsterinsights_sitenote_note":"","_monsterinsights_sitenote_category":0,"_EventAllDay":false,"_EventTimezone":"","_EventStartDate":"","_EventEndDate":"","_EventStartDateUTC":"","_EventEndDateUTC":"","_EventShowMap":false,"_EventShowMapLink":false,"_EventURL":"","_EventCost":"","_EventCostDescription":"","_EventCurrencySymbol":"","_EventCurrencyCode":"","_EventCurrencyPosition":"","_EventDateTimeSeparator":"","_EventTimeRangeSeparator":"","_EventOrganizerID":[],"_EventVenueID":[],"_OrganizerEmail":"","_OrganizerPhone":"","_OrganizerWebsite":"","_VenueAddress":"","_VenueCity":"","_VenueCountry":"","_VenueProvince":"","_VenueState":"","_VenueZip":"","_VenuePhone":"","_VenueURL":"","_VenueStateProvince":"","_VenueLat":"","_VenueLng":"","_VenueShowMap":false,"_VenueShowMapLink":false,"twitterCardType":"","cardImageID":0,"cardImage":"","cardTitle":"","cardDesc":"","cardImageAlt":"","cardPlayer":"","cardPlayerWidth":0,"cardPlayerHeight":0,"cardPlayerStream":"","cardPlayerCodec":"","footnotes":""},"categories":[7],"tags":[],"class_list":["post-2500","post","type-post","status-publish","format-standard","hentry","category-recenze"],"acf":{"related_products":null},"_links":{"self":[{"href":"https:\/\/www.luxor.cz\/blog\/wp-json\/wp\/v2\/posts\/2500","targetHints":{"allow":["GET"]}}],"collection":[{"href":"https:\/\/www.luxor.cz\/blog\/wp-json\/wp\/v2\/posts"}],"about":[{"href":"https:\/\/www.luxor.cz\/blog\/wp-json\/wp\/v2\/types\/post"}],"author":[{"embeddable":true,"href":"https:\/\/www.luxor.cz\/blog\/wp-json\/wp\/v2\/users\/2"}],"replies":[{"embeddable":true,"href":"https:\/\/www.luxor.cz\/blog\/wp-json\/wp\/v2\/comments?post=2500"}],"version-history":[{"count":0,"href":"https:\/\/www.luxor.cz\/blog\/wp-json\/wp\/v2\/posts\/2500\/revisions"}],"wp:attachment":[{"href":"https:\/\/www.luxor.cz\/blog\/wp-json\/wp\/v2\/media?parent=2500"}],"wp:term":[{"taxonomy":"category","embeddable":true,"href":"https:\/\/www.luxor.cz\/blog\/wp-json\/wp\/v2\/categories?post=2500"},{"taxonomy":"post_tag","embeddable":true,"href":"https:\/\/www.luxor.cz\/blog\/wp-json\/wp\/v2\/tags?post=2500"}],"curies":[{"name":"wp","href":"https:\/\/api.w.org\/{rel}","templated":true}]}}