{"id":2498,"date":"2014-06-06T09:06:00","date_gmt":"2014-06-06T07:06:00","guid":{"rendered":"https:\/\/www.luxor.cz\/blog\/nezarazene\/pribeh-moderni-popelky\/"},"modified":"2023-01-06T16:15:47","modified_gmt":"2023-01-06T15:15:47","slug":"pribeh-moderni-popelky-535","status":"publish","type":"post","link":"https:\/\/www.luxor.cz\/blog\/nezarazene\/pribeh-moderni-popelky-535\/","title":{"rendered":"P\u0159\u00edb\u011bh modern\u00ed Popelky"},"content":{"rendered":"<\/p>\n<\/p>\n<p>Americk\u00e1 here\u010dka cel\u00fdm jm\u00e9nem Grace Patricia Kellyov\u00e1 se narodila 12. listopadu 1929 ve Philadelphii a u\u017e b\u011bhem \u0161koln\u00ed doch\u00e1zky se \u00fa\u010dastnila m\u00f3dn\u00edch p\u0159ehl\u00eddek a hr\u00e1la divadlo. Pozd\u011bji se zapsala na Americkou akademii dramatick\u00fdch um\u011bn\u00ed a brzy si zahr\u00e1la ve sv\u00e9 prvn\u00ed h\u0159e s n\u00e1zvem <i>Otec<\/i>. V jej\u00ed filmov\u00e9 kari\u00e9\u0159e nastal zlom ve chv\u00edli, kdy j\u00ed zavolal producent Stanley Kramer, od kter\u00e9ho dostala nab\u00eddku na vedlej\u0161\u00ed roli ve westernu <i>V prav\u00e9 poledne<\/i>. Brzy pot\u00e9 se do\u010dkala sedmilet\u00e9 smlouvy s MGM. Za sv\u016fj dal\u0161\u00ed film s n\u00e1zvem <i>Mogambo<\/i> z\u00edskala cenu Zlat\u00fd globus a nominaci na Oscara. Toto ocen\u011bn\u00ed pak z\u00edskala za film <i>Country girl<\/i> pod taktovkou George Seatona.<\/p>\n<p>B\u011bhem jedn\u00e9 ze sv\u00fdch n\u00e1v\u0161t\u011bv ve Francii se sezn\u00e1mila s monack\u00fdm kn\u00ed\u017eetem Raineirem III, od kter\u00e9ho pozd\u011bji p\u0159ijala nab\u00eddku k s\u0148atku, co\u017e pro ni znamenalo tak\u00e9 ukon\u010den\u00ed kari\u00e9ry. Dev\u011bt m\u011bs\u00edc\u016f po svatb\u011b se man\u017eelsk\u00e9mu p\u00e1ru narodila dcera Caroline Louise Marquerite. Dal\u0161\u00edm potomkem byl syn Albert II., kter\u00fd je sou\u010dasn\u00fdm vl\u00e1dcem Monaka a jako posledn\u00ed se man\u017eelsk\u00e9mu p\u00e1ru narodila dcera St\u00e9phanie Marie Elisabeth.<\/p>\n<p>\u017divot ale bohu\u017eel v\u011bt\u0161inou poh\u00e1dkov\u011b nekon\u010d\u00ed. Kn\u011b\u017ena Grace m\u011bla 13. z\u00e1\u0159\u00ed 1982 spole\u010dn\u011b se svou dcerou St\u00e9phanie autonehodu, p\u0159i kter\u00e9 se z\u0159\u00edtila ze sk\u00e1ly. Po t\u00e9to nehod\u011b upadla do k\u00f3matu, a jeliko\u017e jej\u00ed zran\u011bn\u00ed nebyla slu\u010diteln\u00e1 se \u017eivotem, o dva dny pozd\u011bji rozhodl kn\u00ed\u017ee Rainier III. o odpojen\u00ed od p\u0159\u00edstroj\u016f. T\u00edm ve v\u011bku 52 let skon\u010dil \u017eivot milovan\u00e9 hv\u011bzdy st\u0159\u00edbrn\u00e9ho pl\u00e1tna a monack\u00e9 kn\u011b\u017eny Grace.<\/p>\n<h2>O filmu<\/h2>\n<p>Film <i>Grace, kn\u011b\u017ena monack\u00e1<\/i> byl uveden na 67. ro\u010dn\u00edku festivalu v Cannes. Jeho c\u00edlem nebylo v\u011brn\u00e9 p\u0159evypr\u00e1vn\u00ed historie Monaka, n\u00fdbr\u017e zmapov\u00e1n\u00ed \u017eivota slavn\u00e9 here\u010dky, zejm\u00e9na od roku 1962. V t\u00e9 dob\u011b u\u017e m\u011bla kn\u011b\u017ena dv\u011b d\u011bti a od jej\u00ed svatby tak uplynulo 6 let. Jako hlavn\u00ed z\u00e1pletku si tv\u016frci vybrali obdob\u00ed, kdy Monako a Francie za\u017e\u00edvali krizi. Francie po\u017eadovala po kn\u00ed\u017eectv\u00ed finan\u010dn\u00ed n\u00e1hrady za da\u0148ov\u00e9 \u00faniky francouzsk\u00fdch podnikatel\u016f, kte\u0159\u00ed vyu\u017eili proslul\u00e9ho da\u0148ov\u00e9ho r\u00e1je. Konflikt vy\u00fastil ve vysl\u00e1n\u00ed francouzsk\u00fdch voj\u00e1k\u016f na hranice Monaka a hrozil tak vp\u00e1d ciz\u00edch vojsk do zem\u011b. Krom\u011b tohoto konfliktu ve filmu nechyb\u00ed ani poku\u0161en\u00ed v podob\u011b Alfreda Hitchcocka, kter\u00fd p\u0159ijde s nab\u00eddkou na novou roli a Grace tak bojuje mezi dv\u011bma sv\u011bty &#8211; aristokratick\u00fdm a t\u00edm filmov\u00fdm.<\/p>\n<p><\/p>\n<p>Hlavn\u00ed roli ztv\u00e1rnila Nicole Kidman, kter\u00e1 m\u00e1 na sv\u00e9m kont\u011b ji\u017e n\u011bkolik \u00fasp\u011b\u0161n\u00fdch filmov\u00fdch rol\u00ed, nap\u0159\u00edklad <i>N\u00e1vrat do Cold Mountain<\/i>, <i>Hodiny<\/i> nebo <i>Austr\u00e1lie<\/i>. Roli Raniera III. z\u00edskal Tim Roth zn\u00e1m\u00fd z filmu <i>Rob<\/i>, ve kter\u00e9m hr\u00e1l elegantn\u00edho Archibalda Cunninghama. Tato role mu vynesla nominaci na Oscara a Zlat\u00fd gl\u00f3bus. <\/p>\n<p>Re\u017eie se ujal Oliver Dahan, kter\u00fd m\u00e1 za sebou ji\u017e n\u011bkolik re\u017eijn\u00edch \u00fasp\u011bch\u016f, nap\u0159\u00edklad \u017eivotopisn\u00fd film <i>Edith Piaf<\/i>.<\/p>\n<p>Zat\u00edmco div\u00e1ci odch\u00e1z\u00ed z kina nad\u0161eni, kn\u00ed\u017eec\u00ed rodina se rozhodla sn\u00edmek nepodpo\u0159it a od filmu se distancovala z d\u016fvodu nedodr\u017een\u00ed historick\u00fdch p\u0159esnost\u00ed. U n\u00e1s se filmov\u00e9 premi\u00e9ry do\u010dk\u00e1me 12. \u010dervna 2014.<\/p>\n<p>Ned\u00e1vno vy\u0161la v nakladatelstv\u00ed Metafora kniha <a href=\"http:\/\/neoluxor.cz\/popularne-naucna\/grace-knezna-monacka--210974\/\" target=\"_blank\" rel=\"noopener\">Grace, kn\u011b\u017ena monack\u00e1<\/a> od spisovatele Jeffreyho Robinsona. Ten, ve spolupr\u00e1ci s rodinou, sepsal knihu, ve kter\u00e9 se sp\u00ed\u0161e ne\u017e p\u0159\u00edb\u011bhem o hv\u011bzdn\u00e9 kari\u00e9\u0159e zab\u00fdv\u00e1 \u017eivotem Grace v jej\u00ed pozd\u011bj\u0161\u00ed roli monack\u00e9 kn\u011b\u017eny. Kniha na pomez\u00ed literatury faktu a beletrie tak nab\u00edz\u00ed pohled na Grace o\u010dima jej\u00edch nejbli\u017e\u0161\u00edch.<\/p>\n<h2>Sout\u011b\u017e<\/h2>\n<p>Do 15. \u010dervna jsme na na\u0161\u00ed facebookov\u00e9 str\u00e1nce sout\u011b\u017eili o knihy, l\u00edstky do kina a filmov\u00e9 plak\u00e1ty. Tady jsou nejlep\u0161\u00ed odpov\u011bdi na ot\u00e1zku &#8222;Kdyby Grace Kellyov\u00e1 \u017eila v dne\u0161n\u00ed dob\u011b, do jak\u00e9ho filmu a role byste ji obsadili a pro\u010d?&#8220;<\/p>\n<p><i>Ordinace v r\u016f\u017eov\u00e9 zahrad\u011b&#8230; aby poznala co to je nekone\u010dn\u00fd seri\u00e1l.<\/i> Jan\u00a0<\/p>\n<p><i>Proto\u017ee by j\u00ed bylo u\u017e 85, tak do americk\u00e9ho remakeu Babi\u010dky od N\u011bmcov\u00e9, mohlo by to b\u00fdt zaj\u00edmav\u00e9 \ud83d\ude42<\/i> Vendula\u00a0<\/p>\n<p><i>Do filmu Zmizel\u00e1. Proto\u017ee ten, kdo dok\u00e1\u017ee bezvadn\u011b zahr\u00e1t v Hitchcockov\u011b filmu, ten dok\u00e1\u017ee podat vynikaj\u00edc\u00ed v\u00fdkon i v sou\u010dasn\u00e9m nejlep\u0161\u00edm temn\u00e9m d\u00edle. <\/i>Krist\u00fdna\u00a0<\/p>\n<p><i>Obsadila bych ji do filmu Den\u00edk B. Johnes, zaj\u00edmalo by m\u011b, jak by se tu jako elegantn\u00ed d\u00e1ma chovala, jak by \u0159e\u0161ila kila a vztahy.<\/i> Jana\u00a0<\/p>\n<p><i>Chicago, Roxie Hart. Proto\u017ee by si zaslou\u017eila hr\u00e1t trochu bl\u00e1znivou roli, kter\u00e1 by j\u00ed sedla, aby si odpo\u010dinula od dodr\u017eov\u00e1n\u00ed etikety a reprezentov\u00e1n\u00ed sv\u00e9ho man\u017eela. A Roxie by mohla b\u00fdt to prav\u00e9. <\/i>Jitka<\/p>\n<p>Zdroje: wikipedia.org, csfd.cz, idnes.cz, metafora.cz<\/p>\n<p>Autorka: Ema Krhovsk\u00e1<\/p>\n","protected":false},"excerpt":{"rendered":"<p>Je to ji\u017e 85 let od narozen\u00ed hollywoodsk\u00e9 here\u010dky Grace Kellyov\u00e9, kter\u00e1 za\u017eila p\u0159\u00edb\u011bh jako z poh\u00e1dky. Pot\u00e9, co se proslavila, se zamilovala do monack\u00e9ho kn\u00ed\u017eete a stala se kn\u011b\u017enou. Jej\u00ed p\u0159\u00edb\u011bh nyn\u00ed o\u017e\u00edv\u00e1 na filmov\u00e9m pl\u00e1tn\u011b.<\/p>\n","protected":false},"author":2,"featured_media":0,"comment_status":"open","ping_status":"open","sticky":false,"template":"","format":"standard","meta":{"_acf_changed":false,"_monsterinsights_skip_tracking":false,"_monsterinsights_sitenote_active":false,"_monsterinsights_sitenote_note":"","_monsterinsights_sitenote_category":0,"_EventAllDay":false,"_EventTimezone":"","_EventStartDate":"","_EventEndDate":"","_EventStartDateUTC":"","_EventEndDateUTC":"","_EventShowMap":false,"_EventShowMapLink":false,"_EventURL":"","_EventCost":"","_EventCostDescription":"","_EventCurrencySymbol":"","_EventCurrencyCode":"","_EventCurrencyPosition":"","_EventDateTimeSeparator":"","_EventTimeRangeSeparator":"","_EventOrganizerID":[],"_EventVenueID":[],"_OrganizerEmail":"","_OrganizerPhone":"","_OrganizerWebsite":"","_VenueAddress":"","_VenueCity":"","_VenueCountry":"","_VenueProvince":"","_VenueState":"","_VenueZip":"","_VenuePhone":"","_VenueURL":"","_VenueStateProvince":"","_VenueLat":"","_VenueLng":"","_VenueShowMap":false,"_VenueShowMapLink":false,"twitterCardType":"","cardImageID":0,"cardImage":"","cardTitle":"","cardDesc":"","cardImageAlt":"","cardPlayer":"","cardPlayerWidth":0,"cardPlayerHeight":0,"cardPlayerStream":"","cardPlayerCodec":"","footnotes":""},"categories":[1],"tags":[],"class_list":["post-2498","post","type-post","status-publish","format-standard","hentry","category-nezarazene"],"acf":{"related_products":null},"_links":{"self":[{"href":"https:\/\/www.luxor.cz\/blog\/wp-json\/wp\/v2\/posts\/2498","targetHints":{"allow":["GET"]}}],"collection":[{"href":"https:\/\/www.luxor.cz\/blog\/wp-json\/wp\/v2\/posts"}],"about":[{"href":"https:\/\/www.luxor.cz\/blog\/wp-json\/wp\/v2\/types\/post"}],"author":[{"embeddable":true,"href":"https:\/\/www.luxor.cz\/blog\/wp-json\/wp\/v2\/users\/2"}],"replies":[{"embeddable":true,"href":"https:\/\/www.luxor.cz\/blog\/wp-json\/wp\/v2\/comments?post=2498"}],"version-history":[{"count":0,"href":"https:\/\/www.luxor.cz\/blog\/wp-json\/wp\/v2\/posts\/2498\/revisions"}],"wp:attachment":[{"href":"https:\/\/www.luxor.cz\/blog\/wp-json\/wp\/v2\/media?parent=2498"}],"wp:term":[{"taxonomy":"category","embeddable":true,"href":"https:\/\/www.luxor.cz\/blog\/wp-json\/wp\/v2\/categories?post=2498"},{"taxonomy":"post_tag","embeddable":true,"href":"https:\/\/www.luxor.cz\/blog\/wp-json\/wp\/v2\/tags?post=2498"}],"curies":[{"name":"wp","href":"https:\/\/api.w.org\/{rel}","templated":true}]}}