{"id":2486,"date":"2014-05-21T10:54:00","date_gmt":"2014-05-21T08:54:00","guid":{"rendered":"https:\/\/www.luxor.cz\/blog\/nezarazene\/rozhovor-s-katerinou-winterovou\/"},"modified":"2023-01-06T16:15:59","modified_gmt":"2023-01-06T15:15:59","slug":"rozhovor-s-katerinou-winterovou-523","status":"publish","type":"post","link":"https:\/\/www.luxor.cz\/blog\/nezarazene\/rozhovor-s-katerinou-winterovou-523\/","title":{"rendered":"Rozhovor s Kate\u0159inou Winterovou"},"content":{"rendered":"<\/p>\n<p><b><\/b><\/p>\n<\/p>\n<p><b>P\u0159ipad\u00e1te si te\u010f sv\u00fdm  zp\u016fsobem jako \u201espisovatelka,\u201c kdy\u017e je venku i <a href=\"http:\/\/neoluxor.cz\/popularne-naucna\/varime-podle-herbare-200-receptu-a-rad--207958\/\" target=\"_blank\" rel=\"noopener\">kni\u017en\u00ed verze Herb\u00e1\u0159e<\/a>?<\/b><\/p>\n<p>To bych si nedovolila. Rozhodn\u011b ne. J\u00e1 si jako spisovatele  p\u0159edstavuju \u010dlov\u011bka, kter\u00fd vymysl\u00ed n\u011bjak\u00fd p\u0159\u00edb\u011bh a po\u0159\u00e1dn\u011b se j\u00edm zab\u00fdv\u00e1. My  jsme posb\u00edrali n\u011bjak\u00e9 v\u011bdomosti, kter\u00e9 u\u017e jsou kolem n\u00e1s tis\u00edce let, a ud\u011blali  jsme svoji verzi herb\u00e1\u0159e a z\u00e1rove\u0148 kucha\u0159ky. A j\u00e1 jsem vlastn\u011b jen medi\u00e1ln\u00ed  tv\u00e1\u0159 t\u011bch informac\u00ed. Ozna\u010dit se za spisovatelku bych si nedovolila.<\/p>\n<p><b>Kdy\u017e z\u016fstaneme u t\u00e9  kni\u017en\u00ed verze, jak velkou roli jste hr\u00e1la p\u0159i jej\u00edm psan\u00ed?<\/b><\/p>\n<p>Ona ta kn\u00ed\u017eka samoz\u0159ejm\u011b vznikla na z\u00e1klad\u011b stejnojmenn\u00e9ho po\u0159adu.<i> Herb\u00e1\u0159<\/i> je magaz\u00edn o \u017eivotn\u00edm  stylu p\u0159evle\u010den\u00fd za kucha\u0159skou show, a to p\u0159edev\u0161\u00edm proto, \u017ee magaz\u00edny o  \u017eivotn\u00edm stylu m\u016f\u017eou dost nudit. P\u0159eci jen se bav\u00edme o bylin\u00e1ch, kter\u00e9 \u010dlov\u011bk  u\u017e\u00edv\u00e1 sp\u00ed\u0161 vnit\u0159n\u011b a nejrad\u011bji k\u00a0j\u00eddlu. Ostatn\u011b v\u011bt\u0161ina herb\u00e1\u0159\u016f jsou  recepty na l\u00e9\u010div\u00e9 nebo chutn\u00e9 v\u011bci. Kdy\u017e se pod\u00edv\u00e1te t\u0159eba na to, co sepisuj\u00ed  mni\u0161i, a na jejich kucha\u0159ky, to jsou neuv\u011b\u0159iteln\u00e9 v\u011bci! Tak\u017ee sp\u00ed\u0161 to bylo  studium a sb\u011br r\u016fzn\u00fdch poznatk\u016f a k\u00a0tomu byl pot\u0159eba cel\u00fd t\u00fdm. Z\u00e1rove\u0148 ale  v\u00a0kucha\u0159ce nen\u00ed nic, s\u00a0\u010d\u00edm bych nesouhlasila a co by mi nebylo bl\u00edzk\u00e9.  Jsem dost perfekcionistka, p\u0159\u00edsn\u00e1 a kritick\u00e1, tak\u017ee ta supervize nakonec byla  dost velk\u00e1, ale p\u0159izn\u00e1m se, \u017ee bez t\u00fdmu bych to nezvl\u00e1dla. <\/p>\n<p><b>S\u00a0Lindou v televizi vystupujete naprosto uvoln\u011bn\u011b a  dalo by se \u0159\u00edct, \u017ee a\u017e improvizujete. Byla to sp\u00ed\u0161 pr\u00e1ce nebo z\u00e1bava?<\/b><\/p>\n<p>Rozhodn\u011b z\u00e1bava, a to proto, \u017ee se t\u00edm zab\u00fdv\u00e1me, zaj\u00edm\u00e1 n\u00e1s  to a chceme p\u0159edat n\u011bco dobr\u00e9ho d\u00e1l. Z\u00e1rove\u0148 je t\u011b\u017ek\u00e9 napsat pevn\u00fd sc\u00e9n\u00e1\u0159 a  vymyslet sc\u00e9nku tak, aby to vy\u0161lo. Samoz\u0159ejm\u011b \u017ee sc\u00e9n\u00e1\u0159 jsme m\u011bli, v\u00edme, co  va\u0159\u00edme a pro\u010d, jak\u00e1 je tam bylina a jak se kolem toho budeme motat. Ale re\u017eis\u00e9r  cht\u011bl, aby to z\u00e1rove\u0148 vypadalo autenticky, co\u017e nechal pr\u00e1v\u011b na n\u00e1s, proto\u017ee  s\u00a0Lindou jsme nejlep\u0161\u00ed kamar\u00e1dky\u2026 <i>(pan\u00ed  z\u00a0\u010cesk\u00e9 televize n\u00e1m p\u0159in\u00e1\u0161\u00ed bezinkov\u00fd lik\u00e9r uva\u0159en\u00fd pr\u00e1v\u011b podle Herb\u00e1\u0159e)<\/i>  J\u00e9, d\u011bkuju! Tak\u017ee ta improvizace na m\u00edst\u011b byla jasn\u00e1 a mysl\u00edm, \u017ee to bylo i  z\u00e1bavn\u00e9. <\/p>\n<p><b>Zp\u011bt od televizn\u00edho  Herb\u00e1\u0159e ke knih\u00e1m. Co te\u010f vlastn\u011b \u010dtete? N\u011bjak\u00fd obl\u00edben\u00fd autor? V\u00edm, \u017ee m\u00e1te  mal\u00e9 d\u011bti, tak\u017ee p\u0159edpokl\u00e1d\u00e1m, \u017ee asi \u0159eknete sp\u00ed\u0161e n\u011bjakou poh\u00e1dku.<\/b><\/p>\n<p>Pr\u00e1v\u011b \u017ee my poh\u00e1dky moc ne\u010dteme. J\u00e1 jim chci \u010d\u00edst n\u011bco, co  bav\u00ed i m\u011b. Nap\u0159\u00edklad Ond\u0159ej Sekora mi te\u010f  docela p\u0159ipad\u00e1 jako \u010dten\u00ed pro dosp\u011bl\u00e9 a objevuju v\u00a0n\u011bm hodn\u011b v\u011bc\u00ed, kter\u00e9  d\u011bti nepochop\u00ed a kter\u00e9 jsem ani j\u00e1 nevn\u00edmala, kdy\u017e jsem byla men\u0161\u00ed. A kdy\u017e to  \u010dtu te\u010f, tak se bav\u00edm t\u00edm, \u017ee tam nach\u00e1z\u00edm zaj\u00edmav\u00e1 t\u00e9mata i v\u00a0dosp\u011blosti.  Astrid Lindgrenov\u00e1 &#8211; to je klasika, to d\u011bti miluj\u00ed. Jeden \u010das je dokonce bavila  i Bible a biblick\u00e9 p\u0159\u00edb\u011bhy.<\/p>\n<p><b>Bible?<\/b><\/p>\n<p>No, tak jednou jsou pok\u0159t\u011bn\u00e9, tak budou sakra zn\u00e1t v\u0161echno! <i>(sm\u00edch)<\/i> Samoz\u0159ejm\u011b, \u017ee jsme ne\u010detli  klasickou Bibli, ale u babi\u010dky objevenou Bibli pro mlad\u00e9, kter\u00e1 m\u00e1 po\u0159\u00e1d ten  star\u00fd jazyk, ale u\u017e je to modern\u011bj\u0161\u00ed, aby tomu d\u011bti porozum\u011bly. Nav\u00edc to je  hrozn\u011b vtipn\u00e9. Te\u010f jsem je\u0161t\u011b koupila kn\u00ed\u017eku ocen\u011bnou Magnesi\u00ed Literou &#8211;  <a href=\"http:\/\/neoluxor.cz\/detske\/kosprd-a-teleci--190339\/\" target=\"_blank\" rel=\"noopener\">Kosprd a telec\u00ed<\/a>\u00a0&#8211; a u toho jsem se stra\u0161n\u011b sm\u00e1la. U\u017e jen ten samotn\u00fd n\u00e1zev &#8211;\u00a0<a href=\"http:\/\/neoluxor.cz\/detske\/kosprd-a-teleci--190339\/\" target=\"_blank\" rel=\"noopener\">Kosprd a telec\u00ed<\/a>!\u00a0To, \u017ee se tak  jmenuj\u00ed hlavn\u00ed hrdinov\u00e9, je super. Tohle mi p\u0159i\u0161lo stra\u0161n\u011b fajn a bylo mi l\u00edto, \u017ee  je ta kn\u00ed\u017eka tak \u00fatl\u00e1. Ale je je\u0161t\u011b spousta knih, kter\u00e9 jsme v\u016fbec ne\u010detli,  a na kter\u00e9 nem\u00e1m \u010das, tak\u017ee douf\u00e1m, \u017ee  na to je\u0161t\u011b p\u0159ijde. Chlapec n\u00e1m te\u010f ale \u010dte komiksy, tak j\u00e1 ho nech\u00e1v\u00e1m, aby  aspo\u0148 n\u011bco \u010detl.<\/p>\n<p><b>Tak snad se od  komiks\u016f dostane k\u00a0n\u011bjak\u00e9 dobr\u00e9 beletrii\u2026<\/b><\/p>\n<p>On se od Supermana vr\u00e1til k\u00a0\u010cty\u0159l\u00edstku, tak\u017ee te\u010f \u010dte  poctiv\u011b v\u0161echny d\u00edly a my mu po\u0159\u00e1d \u0159\u00edk\u00e1me <i>\u201eD\u00edvej,  tady je Mal\u00fd B\u016fh, to bylo v\u00a0ABC, to je taky dobr\u00e9,\u201c<\/i> ale to se mu  nel\u00edb\u00ed (sm\u00edch).<\/p>\n<p><b>D\u011bkuji za rozhovor. A  ten bezinkov\u00fd lik\u00e9r je vynikaj\u00edc\u00ed\u2026<\/b><\/p>\n<p>J\u00e1 a Linda d\u011bl\u00e1me lep\u0161\u00ed!<\/p>\n<p>Autor: Jakub \u0160im\u00e1\u010dek<\/p>\n<p>Zdroj obr\u00e1zku: \u010cesk\u00e1 televize<\/p>\n","protected":false},"excerpt":{"rendered":"<p>Kate\u0159ina Winterov\u00e1 je spole\u010dn\u011b s Lindou Rybovou moder\u00e1torkou po\u0159adu Herb\u00e1\u0159. A pr\u00e1v\u011b o n\u011bm a jeho kni\u017en\u00ed podob\u011b jsme si pov\u00eddali.<\/p>\n","protected":false},"author":2,"featured_media":0,"comment_status":"open","ping_status":"open","sticky":false,"template":"","format":"standard","meta":{"_acf_changed":false,"_monsterinsights_skip_tracking":false,"_monsterinsights_sitenote_active":false,"_monsterinsights_sitenote_note":"","_monsterinsights_sitenote_category":0,"_EventAllDay":false,"_EventTimezone":"","_EventStartDate":"","_EventEndDate":"","_EventStartDateUTC":"","_EventEndDateUTC":"","_EventShowMap":false,"_EventShowMapLink":false,"_EventURL":"","_EventCost":"","_EventCostDescription":"","_EventCurrencySymbol":"","_EventCurrencyCode":"","_EventCurrencyPosition":"","_EventDateTimeSeparator":"","_EventTimeRangeSeparator":"","_EventOrganizerID":[],"_EventVenueID":[],"_OrganizerEmail":"","_OrganizerPhone":"","_OrganizerWebsite":"","_VenueAddress":"","_VenueCity":"","_VenueCountry":"","_VenueProvince":"","_VenueState":"","_VenueZip":"","_VenuePhone":"","_VenueURL":"","_VenueStateProvince":"","_VenueLat":"","_VenueLng":"","_VenueShowMap":false,"_VenueShowMapLink":false,"twitterCardType":"","cardImageID":0,"cardImage":"","cardTitle":"","cardDesc":"","cardImageAlt":"","cardPlayer":"","cardPlayerWidth":0,"cardPlayerHeight":0,"cardPlayerStream":"","cardPlayerCodec":"","footnotes":""},"categories":[1],"tags":[],"class_list":["post-2486","post","type-post","status-publish","format-standard","hentry","category-nezarazene"],"acf":{"related_products":null},"_links":{"self":[{"href":"https:\/\/www.luxor.cz\/blog\/wp-json\/wp\/v2\/posts\/2486","targetHints":{"allow":["GET"]}}],"collection":[{"href":"https:\/\/www.luxor.cz\/blog\/wp-json\/wp\/v2\/posts"}],"about":[{"href":"https:\/\/www.luxor.cz\/blog\/wp-json\/wp\/v2\/types\/post"}],"author":[{"embeddable":true,"href":"https:\/\/www.luxor.cz\/blog\/wp-json\/wp\/v2\/users\/2"}],"replies":[{"embeddable":true,"href":"https:\/\/www.luxor.cz\/blog\/wp-json\/wp\/v2\/comments?post=2486"}],"version-history":[{"count":0,"href":"https:\/\/www.luxor.cz\/blog\/wp-json\/wp\/v2\/posts\/2486\/revisions"}],"wp:attachment":[{"href":"https:\/\/www.luxor.cz\/blog\/wp-json\/wp\/v2\/media?parent=2486"}],"wp:term":[{"taxonomy":"category","embeddable":true,"href":"https:\/\/www.luxor.cz\/blog\/wp-json\/wp\/v2\/categories?post=2486"},{"taxonomy":"post_tag","embeddable":true,"href":"https:\/\/www.luxor.cz\/blog\/wp-json\/wp\/v2\/tags?post=2486"}],"curies":[{"name":"wp","href":"https:\/\/api.w.org\/{rel}","templated":true}]}}