{"id":2481,"date":"2014-05-22T20:28:00","date_gmt":"2014-05-22T18:28:00","guid":{"rendered":"https:\/\/www.luxor.cz\/blog\/nezarazene\/patricna-citanka-od-patricneho-autora\/"},"modified":"2023-01-06T16:15:59","modified_gmt":"2023-01-06T15:15:59","slug":"patricna-citanka-od-patricneho-autora-515","status":"publish","type":"post","link":"https:\/\/www.luxor.cz\/blog\/recenze\/patricna-citanka-od-patricneho-autora-515\/","title":{"rendered":"Pat\u0159i\u010dn\u00e1 \u010d\u00edtanka od pat\u0159i\u010dn\u00e9ho autora"},"content":{"rendered":"<\/p>\n<\/p>\n<p>Martin Pat\u0159i\u010dn\u00fd pat\u0159\u00ed mezi na\u0161e sou\u010dasn\u00e9 nejv\u00fdznamn\u011bj\u0161\u00ed um\u011bleck\u00e9 \u0159ezb\u00e1\u0159e, o \u010dem\u017e sv\u011bd\u010d\u00ed i \u0159ada ocen\u011bn\u00ed, kter\u00fdmi se m\u016f\u017ee py\u0161nit. Do podv\u011bdom\u00ed \u0161ir\u0161\u00ed ve\u0159ejnosti se ov\u0161em dostal d\u00edky sv\u00e9 spolupr\u00e1ci na televizn\u00edm po\u0159adu <i>Kus d\u0159eva ze stromu<\/i>, j\u00edm\u017e i div\u00e1ky s\u00e1m prov\u00e1zel. Mimo to se v\u011bnuje tak\u00e9 psan\u00ed. A pr\u00e1v\u011b te\u010f vy\u0161la jeho <a href=\"http:\/\/neoluxor.cz\/beletrie\/citanka--211675\/\" target=\"_blank\" rel=\"noopener\">\u010c\u00edtanka<\/a>, ve kter\u00e9 se zam\u011b\u0159uje na svou dal\u0161\u00ed \u017eivotn\u00ed l\u00e1sku, knihy.<\/p>\n<p>\u010c\u00edtanka, pop\u0159\u00edpad\u011b \u010dten\u00e1\u0159sk\u00fd den\u00edk v\u017edy bude velmi subjektivn\u00ed. Jeliko\u017e m\u00e1 ka\u017ed\u00fd \u010dlov\u011bk trochu jin\u00fd vkus a zaujme ho n\u011bco jin\u00e9ho, ne v\u017edy se tref\u00edte do chuti v\u0161em. Pat\u0159i\u010dn\u00fd se pr\u00e1v\u011b o toto sna\u017e\u00ed. V\u00fdb\u011br knih, kter\u00e9 se rozhodl zahrnout do sv\u00e9ho d\u00edla, je opravdu rozs\u00e1hl\u00fd a d\u00edky tomu m\u00e1 ka\u017ed\u00fd \u010dten\u00e1\u0159 mo\u017enost naj\u00edt si sv\u00e9ho obl\u00edbence, nebo alespo\u0148 n\u011bco, co mu padne do noty. <a href=\"http:\/\/neoluxor.cz\/beletrie\/citanka--211675\/\" target=\"_blank\" rel=\"noopener\">Pat\u0159i\u010dn\u00e1 \u010d\u00edtanka<\/a> vznikala \u0159adu let. Na po\u010d\u00e1tku byly autorovy pozn\u00e1mky o knih\u00e1ch, ke kter\u00fdm se vrac\u00ed, nebo se vracel, kter\u00e9 podle jeho n\u00e1zoru m\u00e1 smysl vz\u00edt do ruky a do hlavy nejen podruh\u00e9, ale v\u00edckr\u00e1t.<\/p>\n<p>Z tohoto d\u00edlka je c\u00edtit na ka\u017ed\u00e9 stran\u011b, \u017ee byla d\u011bl\u00e1na opravdu s l\u00e1skou, skv\u011bl\u00fdm p\u0159\u00edkladem je styl, jak\u00fdm je kniha napsan\u00e1, a pe\u010dliv\u011b vybran\u00e9 uk\u00e1zky a koment\u00e1\u0159e. Autorovo vzpom\u00edn\u00e1n\u00ed na jeho obl\u00edben\u00e9 kousky doprov\u00e1z\u00ed \u0159ada p\u0159ekvapen\u00ed, zaj\u00edmav\u00fdch tip\u016f a n\u00e1pad\u016f. Nezapomn\u011blo se ani na obl\u00edben\u00e9 \u017eeb\u0159\u00ed\u010dky, pop\u0159\u00edpad\u011b NEJ knihu, postavu, toho a toho \u017e\u00e1nru.<\/p>\n<p>Pat\u0159i\u010dn\u00fd vyzdvihuje star\u00e9 klasiky a dnes ji\u017e polozapomenut\u00e9 autory, a tak je \u010c\u00edtanka i mal\u00fdm povzdechnut\u00edm nad modern\u00ed dobou, kdy se lid\u00e9 odkl\u00e1n\u00ed od literatury a pravideln\u00e9 \u010detby. Kdy\u017e u\u017e najdeme nad\u0161en\u00e9 mlad\u00e9 \u010dten\u00e1\u0159e, kolik z nich m\u016f\u017ee \u0159\u00edct, \u017ee \u010detlo Karla Maye nebo Remarqua? A pr\u00e1v\u011b tyto mlad\u00e9 se zde autor sna\u017e\u00ed oslovit zaj\u00edmav\u00fdmi \u00faryvky a poutav\u00fdm koment\u00e1\u0159em, kter\u00fd mo\u017en\u00e1 n\u011bkoho p\u0159esv\u011bd\u010d\u00ed, aby s\u00e1hl i po n\u011b\u010dem star\u0161\u00edm ne\u017e je Harry Potter.<\/p>\n<p><\/p>\n<p><a href=\"http:\/\/neoluxor.cz\/beletrie\/citanka--211675\/\" target=\"_blank\" rel=\"noopener\">Pat\u0159i\u010dn\u00e1 \u010d\u00edtanka<\/a> rozhodn\u011b nebude knihou pro masy, p\u0159esto si dovol\u00edm tvrdit, \u017ee ti, kte\u0159\u00ed daj\u00ed Martinu Pat\u0159i\u010dn\u00e9mu \u0161anci, budou z tohoto kousku nad\u0161eni. Neobvykl\u00e9 d\u00edlko, kter\u00e9 v sob\u011b snoub\u00ed zaj\u00edmav\u00fd n\u00e1m\u011bt a touhu vyk\u0159i\u010det do sv\u011bta sv\u00e9 poselstv\u00ed, dok\u00e1\u017ee zaujmout a nejeden nad\u0161en\u00ed \u010dten\u00e1\u0159i se k <a href=\"http:\/\/neoluxor.cz\/beletrie\/citanka--211675\/\" target=\"_blank\" rel=\"noopener\">\u010c\u00edtance<\/a> budou znovu a znovu vracet a hledat v n\u00ed dal\u0161\u00ed zaj\u00edmav\u00e9 kousky, kter\u00e9 ji\u017e pomalu v knihovn\u00e1ch zapad\u00e1vaj\u00ed prachem.<\/p>\n<h2>Hodnocen\u00ed: 80 %<\/h2>\n<p>Autor: Petr \u010capek<\/p><\/p>\n","protected":false},"excerpt":{"rendered":"<p>Ji\u017e od nepam\u011bti si lid\u00e9 zaznamen\u00e1vaj\u00ed sv\u00e9 my\u0161lenky a pocity. S p\u0159\u00edchodem knih jsme si za\u010dali poznamen\u00e1vat i \u00faryvky a post\u0159ehy, kter\u00e9 n\u00e1s zaujaly. Tak za\u010daly vznikat prvn\u00ed \u010dten\u00e1\u0159sk\u00e9 den\u00edky a \u010d\u00edtanky. A pr\u00e1v\u011b v t\u011bchto dnech p\u0159ich\u00e1z\u00ed v\u00fdtvarn\u00edk a spisovatel Martin Pat\u0159i\u010dn\u00fd ve spolupr\u00e1ci s nakladatelstv\u00edm Jonathan Livingston s Pat\u0159i\u010dnou \u010c\u00edtankou &#8211; knihou, kter\u00e1 je opravdu o tom, co slibuje n\u00e1zev.<\/p>\n","protected":false},"author":2,"featured_media":0,"comment_status":"open","ping_status":"open","sticky":false,"template":"","format":"standard","meta":{"_acf_changed":false,"_monsterinsights_skip_tracking":false,"_monsterinsights_sitenote_active":false,"_monsterinsights_sitenote_note":"","_monsterinsights_sitenote_category":0,"_EventAllDay":false,"_EventTimezone":"","_EventStartDate":"","_EventEndDate":"","_EventStartDateUTC":"","_EventEndDateUTC":"","_EventShowMap":false,"_EventShowMapLink":false,"_EventURL":"","_EventCost":"","_EventCostDescription":"","_EventCurrencySymbol":"","_EventCurrencyCode":"","_EventCurrencyPosition":"","_EventDateTimeSeparator":"","_EventTimeRangeSeparator":"","_EventOrganizerID":[],"_EventVenueID":[],"_OrganizerEmail":"","_OrganizerPhone":"","_OrganizerWebsite":"","_VenueAddress":"","_VenueCity":"","_VenueCountry":"","_VenueProvince":"","_VenueState":"","_VenueZip":"","_VenuePhone":"","_VenueURL":"","_VenueStateProvince":"","_VenueLat":"","_VenueLng":"","_VenueShowMap":false,"_VenueShowMapLink":false,"twitterCardType":"","cardImageID":0,"cardImage":"","cardTitle":"","cardDesc":"","cardImageAlt":"","cardPlayer":"","cardPlayerWidth":0,"cardPlayerHeight":0,"cardPlayerStream":"","cardPlayerCodec":"","footnotes":""},"categories":[7],"tags":[],"class_list":["post-2481","post","type-post","status-publish","format-standard","hentry","category-recenze"],"acf":{"related_products":null},"_links":{"self":[{"href":"https:\/\/www.luxor.cz\/blog\/wp-json\/wp\/v2\/posts\/2481","targetHints":{"allow":["GET"]}}],"collection":[{"href":"https:\/\/www.luxor.cz\/blog\/wp-json\/wp\/v2\/posts"}],"about":[{"href":"https:\/\/www.luxor.cz\/blog\/wp-json\/wp\/v2\/types\/post"}],"author":[{"embeddable":true,"href":"https:\/\/www.luxor.cz\/blog\/wp-json\/wp\/v2\/users\/2"}],"replies":[{"embeddable":true,"href":"https:\/\/www.luxor.cz\/blog\/wp-json\/wp\/v2\/comments?post=2481"}],"version-history":[{"count":0,"href":"https:\/\/www.luxor.cz\/blog\/wp-json\/wp\/v2\/posts\/2481\/revisions"}],"wp:attachment":[{"href":"https:\/\/www.luxor.cz\/blog\/wp-json\/wp\/v2\/media?parent=2481"}],"wp:term":[{"taxonomy":"category","embeddable":true,"href":"https:\/\/www.luxor.cz\/blog\/wp-json\/wp\/v2\/categories?post=2481"},{"taxonomy":"post_tag","embeddable":true,"href":"https:\/\/www.luxor.cz\/blog\/wp-json\/wp\/v2\/tags?post=2481"}],"curies":[{"name":"wp","href":"https:\/\/api.w.org\/{rel}","templated":true}]}}