{"id":2467,"date":"2014-05-06T09:51:00","date_gmt":"2014-05-06T07:51:00","guid":{"rendered":"https:\/\/www.luxor.cz\/blog\/nezarazene\/je-mi-sto-nejvyssi-cas-si-jeste-trochu-uzit\/"},"modified":"2023-01-06T16:16:11","modified_gmt":"2023-01-06T15:16:11","slug":"je-mi-sto-nejvyssi-cas-si-jeste-trochu-uzit-500","status":"publish","type":"post","link":"https:\/\/www.luxor.cz\/blog\/nezarazene\/je-mi-sto-nejvyssi-cas-si-jeste-trochu-uzit-500\/","title":{"rendered":"Je mi sto, nejvy\u0161\u0161\u00ed \u010das si je\u0161t\u011b trochu u\u017e\u00edt"},"content":{"rendered":"<\/p>\n<\/p>\n<p>Kniha <a href=\"http:\/\/neoluxor.cz\/beletrie\/stolety-starik-ktery-vylezl-z-okna-a-zmizel--178831\/\" target=\"_blank\" rel=\"noopener\">Stolet\u00fd sta\u0159\u00edk, kter\u00fd vylezl z\u00a0okna a zmizel<\/a>  vy\u0161la poprv\u00e9 v roce 2009 a \u010desk\u00e9ho p\u0159ekladu jsme se do\u010dkali v roce 2012 d\u00edky  nakladatelstv\u00ed Panteon. A\u010dkoliv od vyd\u00e1n\u00ed n\u011bjak\u00fd ten m\u011bs\u00edc u\u017e ub\u011bhl, o knize se  st\u00e1le mluv\u00ed a v\u0161ichni napjat\u011b o\u010dek\u00e1vaj\u00ed autorovo dal\u0161\u00ed d\u00edlo s n\u00e1zvem  <a href=\"http:\/\/neoluxor.cz\/pripravujeme\/analfabetka-ktera-umela-pocitat--612\/\" target=\"_blank\" rel=\"noopener\">Analfabetka, kter\u00e1 um\u011bla po\u010d\u00edtat<\/a>. Sv\u00e9r\u00e1zn\u00fd senior Alan Karlsson si  z\u00edskal srdce \u010dten\u00e1\u0159\u016f po cel\u00e9m sv\u011bt\u011b, o \u010dem\u017e sv\u011bd\u010d\u00ed i 8 milion\u016f prodan\u00fdch v\u00fdtisk\u016f  a p\u0159eklad do v\u00edce ne\u017e 40 jazyk\u016f. I v \u010cesku si kniha vede velmi dob\u0159e a na sv\u00e9m  kont\u011b m\u00e1 p\u0159es 50 tis\u00edc prodan\u00fdch kus\u016f. Nen\u00ed tedy divu, \u017ee se do\u010dkala filmov\u00e9ho  zpracov\u00e1n\u00ed. A kdy\u017e u\u017e film, tak s po\u0159\u00e1dnou pompou. Stal se nejdra\u017e\u0161\u00edm sn\u00edmkem ve \u0161v\u00e9dsk\u00e9 filmov\u00e9 historii.<\/p>\n<p>A o \u010dem tedy p\u0159\u00edb\u011bh je? Alan Karlsson \u017eije v domov\u011b d\u016fchodc\u016f  a ji\u017e brzy by m\u011bl oslavit \u201ebezv\u00fdznamn\u00e9\u201d st\u00e9 jubileum. Jen\u017ee Alan nen\u00ed zrovna  mu\u017eem, kter\u00fd by jen tak posed\u00e1val a rozhodne se, \u017ee je je\u0161t\u011b \u010das si trochu u\u017e\u00edt.  V \u017eivot\u011b ho prov\u00e1z\u00ed n\u00e1hody, d\u00edky kter\u00fdm za\u017e\u00edv\u00e1 neskute\u010dn\u00e9 situace a hned p\u0159i  prvn\u00ed p\u0159\u00edle\u017eitosti se mu povede \u201eomylem\u201c ukr\u00e1st kuf\u0159\u00edk. Kuf\u0159\u00edk, ve kter\u00e9m je 50  milion\u016f \u0161v\u00e9dsk\u00fdch korun a po kter\u00e9m prahne m\u00edstn\u00ed mafie. Alan Karlsson m\u00e1  prazvl\u00e1\u0161tn\u00ed dar, dok\u00e1\u017ee se p\u0159imotat k r\u016fzn\u00fdm ud\u00e1lostem a v jeho p\u0159\u00edpad\u011b tak zcela  jist\u011b plat\u00ed r\u010den\u00ed \u201eb\u00fdt ve spr\u00e1vnou chv\u00edli na spr\u00e1vn\u00e9m m\u00edst\u011b\u201d. Takt trochu  novodob\u00fd Forrest Gump v\u00e1s provede sv\u00fdm \u017eivotem a uk\u00e1\u017ee v\u00e1m, jak moc zam\u00edchal  historick\u00fdmi ud\u00e1lostmi v pr\u016fb\u011bhu 20. stolet\u00ed. <\/p>\n<p><i>&#8222;Je tak, jak je a bude tak, jak bude.&#8220;\u00a0<\/i><\/p>\n<p><\/p>\n<p>Film <i>Stolet\u00fd sta\u0159\u00edk, kter\u00fd vylezl z okna a zmizel <\/i>(pokud  chcete zap\u016fsobit na sv\u00e9 okol\u00ed, m\u016f\u017eete se nau\u010dit n\u00e1zev origin\u00e1lu: <i>Hundra\u00e5ringen  som klev ut genom f\u00f6nstret och f\u00f6rsvann<\/i>) byl nato\u010den v roce 2013 pod  re\u017eis\u00e9rskou taktovkou Felixe Herngrena, kter\u00fd m\u00e1 na sv\u00e9m kont\u011b ji\u017e n\u011bkolik filmov\u00fdch  po\u010din\u016f (nap\u0159\u00edklad <i>Adam a Eva<\/i> nebo <i>Nah\u00fd<\/i>). Hlavn\u00ed roli Alana Karlssona pak z\u00edskal  Robert Gustafsson, kter\u00fd hr\u00e1l nap\u0159\u00edklad ve sn\u00edmku <i>\u010cty\u0159i odst\u00edny hn\u011bd\u00e9<\/i>, ve  kter\u00e9m se p\u0159edstavuje komedi\u00e1ln\u00ed skupina Killingg\u00e4nget ve \u010dty\u0159ech r\u016fznorod\u00fdch  pov\u00eddk\u00e1ch. <\/p>\n<p>Premi\u00e9ry v rodn\u00e9m \u0160v\u00e9dsku se film do\u010dkal u\u017e 25. prosince  2013 a za dobu prom\u00edt\u00e1n\u00ed vyd\u011blal neuv\u011b\u0159iteln\u00fdch 20 milion\u016f dolar\u016f. Do \u010desk\u00fdch  kin vtrhne 15. kv\u011btna 2014.\u00a0<\/p>\n<h2>Sout\u011b\u017e<\/h2>\n<p><b>Sout\u011b\u017e byla ukon\u010dena. P\u0159e\u010dt\u011bte si vybran\u00e9 odpov\u011bdi na ot\u00e1zku &#8222;Kdybyste ve sv\u00fdch 100 letech utekli z domova d\u016fchodc\u016f, kam byste se vydali a pro\u010d?&#8220;<\/b><\/p>\n<p>\u0160el bych na bungee jumping a tvrdil bych, \u017ee u\u017e mi 18 bylo, ale ob\u010danku jsem zapomn\u011bl. Pro\u010d? Proto\u017ee bungee jumping skv\u011ble prot\u00e1hne t\u011blo. Tom\u00e1\u0161<\/p>\n<p>Do tetovac\u00edho sal\u00f3nu. Nechala bych si na biceps ud\u011blat k\u00e9rku &#8222;nejsem star\u00e1, jsem vintage!&#8220;, a pak si to hrd\u011b \u0161tr\u00e1dovala po m\u011bst\u011b a pohvizdovala na kolou\u0161ky. Mark\u00e9ta<\/p>\n<p>To je vcelku jedno kam bych \u0161el, proto\u017ee po p\u00e1r metrech bych to zapomn\u011bl a vr\u00e1til bych se op\u011bt do domova d\u016fchodc\u016f pr\u00e1v\u011b v\u010das na sva\u010dinku. Michal<\/p>\n<p>No j\u00e1 bych v tom v\u011bku (kter\u00fd mi bude ji\u017e za 45 let!) d\u011blala sam\u00e9 ps\u00ed kusy! Kandidovala bych na prezidentku, sk\u00e1kala s pad\u00e1kem, zalo\u017eila bych rockovou skupiny s n\u00e1zvem &#8222;Je mi u\u017e sto&#8220;, rozd\u00e1vala bych energii okolo a d\u011blala lidi \u0161\u0165astn\u00e9. P\u0159eci uznejte, kolik potk\u00e1te denn\u011b stolet\u00fdch lid\u00ed, kte\u0159\u00ed maj\u00ed el\u00e1n do \u017eivota? Spr\u00e1vn\u011b, nepotk\u00e1te, j\u00e1 bych byla prvn\u00ed \ud83d\ude42 Jako\u017eto matka dvou d\u011bt\u00ed v\u00edm, jak je n\u00e1ro\u010dn\u00e9 se postarat o rodinu, proto ve sto letech vysko\u010dit z okna a za\u010d\u00edt druh\u00fd \u017eivota by byl spr\u00e1vn\u00fd adrenalin! Lenka<\/p>\n<p>To bych taky r\u00e1d v\u011bd\u011bl, kam se bude d\u00e1t ut\u00edkat za 55 let \ud83d\ude42 Petr<\/p>\n<p>Dom\u016f, d\u00e1t na zadek t\u011bm spratk\u016fm, co m\u011b dali do domova d\u016fchodc\u016f. Kate\u0159ina<\/p>\n<p>Na stranu, na kterou je to v\u00edce z kopce, aby mi jel l\u00e9pe vozejk. David<\/p>\n<p>Ut\u00edkal bych po\u0159\u00e1d rovn\u011b, proto\u017ee smrt v tomhle v\u011bku \u010dek\u00e1 za ka\u017ed\u00fdm rohem. Ond\u0159ej<\/p>\n<p>Autorka: Ema Krhovsk\u00e1<\/p>\n<p>Zdroje: jonasjonasson.cz, bioscop.cz<\/p><\/p>\n","protected":false},"excerpt":{"rendered":"<p>Utekli byste z nejv\u011bt\u0161\u00ed p\u00e1rty sv\u00e9ho \u017eivota? Alan Karlsson se rozhodl vz\u00edt \u017eivot do vlastn\u00edch rukou a neposed\u00e1vat jen tak na jednom m\u00edst\u011b. Tento vit\u00e1ln\u00ed sta\u0159\u00edk v\u00e1s vezme na z\u00e1bavnou j\u00edzdu po 20. stolet\u00ed.<\/p>\n","protected":false},"author":2,"featured_media":0,"comment_status":"open","ping_status":"open","sticky":false,"template":"","format":"standard","meta":{"_acf_changed":false,"_monsterinsights_skip_tracking":false,"_monsterinsights_sitenote_active":false,"_monsterinsights_sitenote_note":"","_monsterinsights_sitenote_category":0,"_EventAllDay":false,"_EventTimezone":"","_EventStartDate":"","_EventEndDate":"","_EventStartDateUTC":"","_EventEndDateUTC":"","_EventShowMap":false,"_EventShowMapLink":false,"_EventURL":"","_EventCost":"","_EventCostDescription":"","_EventCurrencySymbol":"","_EventCurrencyCode":"","_EventCurrencyPosition":"","_EventDateTimeSeparator":"","_EventTimeRangeSeparator":"","_EventOrganizerID":[],"_EventVenueID":[],"_OrganizerEmail":"","_OrganizerPhone":"","_OrganizerWebsite":"","_VenueAddress":"","_VenueCity":"","_VenueCountry":"","_VenueProvince":"","_VenueState":"","_VenueZip":"","_VenuePhone":"","_VenueURL":"","_VenueStateProvince":"","_VenueLat":"","_VenueLng":"","_VenueShowMap":false,"_VenueShowMapLink":false,"twitterCardType":"","cardImageID":0,"cardImage":"","cardTitle":"","cardDesc":"","cardImageAlt":"","cardPlayer":"","cardPlayerWidth":0,"cardPlayerHeight":0,"cardPlayerStream":"","cardPlayerCodec":"","footnotes":""},"categories":[1],"tags":[],"class_list":["post-2467","post","type-post","status-publish","format-standard","hentry","category-nezarazene"],"acf":{"related_products":null},"_links":{"self":[{"href":"https:\/\/www.luxor.cz\/blog\/wp-json\/wp\/v2\/posts\/2467","targetHints":{"allow":["GET"]}}],"collection":[{"href":"https:\/\/www.luxor.cz\/blog\/wp-json\/wp\/v2\/posts"}],"about":[{"href":"https:\/\/www.luxor.cz\/blog\/wp-json\/wp\/v2\/types\/post"}],"author":[{"embeddable":true,"href":"https:\/\/www.luxor.cz\/blog\/wp-json\/wp\/v2\/users\/2"}],"replies":[{"embeddable":true,"href":"https:\/\/www.luxor.cz\/blog\/wp-json\/wp\/v2\/comments?post=2467"}],"version-history":[{"count":0,"href":"https:\/\/www.luxor.cz\/blog\/wp-json\/wp\/v2\/posts\/2467\/revisions"}],"wp:attachment":[{"href":"https:\/\/www.luxor.cz\/blog\/wp-json\/wp\/v2\/media?parent=2467"}],"wp:term":[{"taxonomy":"category","embeddable":true,"href":"https:\/\/www.luxor.cz\/blog\/wp-json\/wp\/v2\/categories?post=2467"},{"taxonomy":"post_tag","embeddable":true,"href":"https:\/\/www.luxor.cz\/blog\/wp-json\/wp\/v2\/tags?post=2467"}],"curies":[{"name":"wp","href":"https:\/\/api.w.org\/{rel}","templated":true}]}}