{"id":2459,"date":"2014-04-29T08:28:00","date_gmt":"2014-04-29T06:28:00","guid":{"rendered":"https:\/\/www.luxor.cz\/blog\/nezarazene\/audio-narodni-trida-cajk\/"},"modified":"2023-01-06T16:16:11","modified_gmt":"2023-01-06T15:16:11","slug":"audio-narodni-trida-cajk-492","status":"publish","type":"post","link":"https:\/\/www.luxor.cz\/blog\/recenze\/audio-narodni-trida-cajk-492\/","title":{"rendered":"Audio N\u00e1rodn\u00ed t\u0159\u00edda? Cajk!"},"content":{"rendered":"<p><i><\/i><\/p>\n<\/p>\n<p><i>Proto\u017ee to, co ti te\u010f \u0159eknu, ti nikdo jinej \u0159\u00edct nem\u016f\u017ee. Jenom j\u00e1 t\u011b m\u016f\u017eu pou\u010dit o \u017eivot\u011b. Jenom j\u00e1 t\u011b m\u016f\u017eu zachr\u00e1nit. Tak si sedni, nalej si a poslouchej.<\/i><\/p>\n<p>Do ticha, kter\u00e9 ob\u010das ru\u0161\u00ed zaprask\u00e1n\u00ed tab\u00e1ku a vyfukovan\u00fd d\u00fdm, v\u00e1m sv\u016fj p\u0159\u00edb\u011bh vypr\u00e1v\u00ed Vandam v pod\u00e1n\u00ed vynikaj\u00edc\u00edho Hynka \u010cerm\u00e1ka. Pr\u00e1v\u011b on vcelku zdlouhav\u00fd a trochu nudn\u00fd p\u0159\u00edb\u011bh pozved\u00e1v\u00e1 \u00fapln\u011b na jinou \u00farove\u0148. Najednou to nen\u00ed jen kn\u00ed\u017eka pln\u00e1 pr\u00e1zdn\u00fdch \u017ev\u00e1st\u016f, nen\u00ed to ani monot\u00f3nn\u011b namluven\u00e9 audio, kde skoro sly\u0161\u00edte obracen\u00ed str\u00e1nek, je to jako sed\u011bt v zakou\u0159en\u00e9 hospod\u011b u polit\u00e9ho stolu a poslouchat st\u00e1le se opakuj\u00edc\u00ed pravdy m\u00edstn\u00edho \u0161tamgasta.<\/p>\n<p>A Vandam t\u011bch pravd m\u00e1 na rozd\u00e1v\u00e1n\u00ed v\u00edc ne\u017e dost. Byl to toti\u017e on, kdo na N\u00e1rodn\u00ed t\u0159\u00edd\u011b dal tenkr\u00e1t prvn\u00ed r\u00e1nu (alespo\u0148 podle n\u011bj). Je to jeho z\u00e1sadn\u00ed p\u0159\u00ednos demokracii, spravedlnosti a slu\u0161nosti. A tak m\u016f\u017ee b\u00fdt s\u00e1m sob\u011b hrdinou a plivat na ten bordel, co tu po revoluci politici natropili, m\u00e1 na to prost\u011b pr\u00e1vo. Primitivn\u00ed probl\u00e9my vychlastan\u00e9ho chlapa tak ob\u010das protkne i n\u011bjak\u00e1 ta hlub\u0161\u00ed my\u0161lenka.<\/p>\n<p>Podobnou chv\u00e1lu jako Hynkovi \u010cerm\u00e1kovi v\u0161ak nemohu p\u0159iznat Krist\u00fdn\u011b Frejov\u00e9, kter\u00e1 prop\u016fj\u010dila sv\u016fj hlas serv\u00edrce ze Severky. A\u010dkoliv here\u010dka v\u011bkov\u011b sv\u00e9mu kni\u017en\u00edmu prot\u011bj\u0161ku odpov\u00edd\u00e1, hlas i pod\u00e1n\u00ed m\u00e1 a\u017e p\u0159\u00edli\u0161 mlad\u00e9, nevinn\u00e9, plytk\u00e9 a tak n\u011bjak bez chrapotu zku\u0161enost\u00ed. Zvukov\u011b tak audioknihu t\u00e1hne hlavn\u011b p\u0159edstavitel hlavn\u00ed role. Jeho interpretace neru\u0161\u00ed a za slovy tak jasn\u011b vid\u00edte rozlo\u017eitou Vandamovu postavu a dokonce tu\u0161\u00edte i ty jemn\u00e9 zm\u011bny ve v\u00fdrazu tv\u00e1\u0159e.<\/p>\n<\/p>\n<p>Knihu Jaroslava Rudi\u0161e jsem dop\u0159edu ne\u010detla, ud\u011blali to za m\u011b jin\u00ed a n\u00e1zory se r\u016fzn\u00ed. Zat\u00edmco Tereza Peckov\u00e1 na na\u0161em blogu <a href=\"http:\/\/neoluxor.cz\/blog\/recenze\/divoka-devadesata-panelaky-a-adolf-hitler--243\/\" target=\"_blank\" rel=\"noopener\">p\u011bla chv\u00e1lu<\/a>, Luk\u00e1\u0161 <a href=\"http:\/\/neoluxor.cz\/blog\/recenze\/jiny-pohled-na-narodni-tridu-jaroslava-rudise--251\/\" target=\"_blank\" rel=\"noopener\">dal st\u011b\u017e\u00ed 40 %<\/a>. A j\u00e1 jsem mo\u017en\u00e1 n\u011bkde uprost\u0159ed. To ale pr\u00e1v\u011b d\u00edky audioknize, kter\u00e1 z hol\u00e9ho textu prakticky o ni\u010dem vyk\u0159esala atmosf\u00e9ru, ve kter\u00e9 se m\u016f\u017eete do sytosti vyv\u00e1let. Atmosf\u00e9ru, kter\u00e1 v\u00e1s nejd\u0159\u00edv nalad\u00ed p\u0159\u00edv\u011btiv\u00fdm stylem prost\u00fdch existenc\u00ed, postupn\u011b graduje k agresivit\u011b a\u017e nakonec skon\u010d\u00ed u trosky choul\u00edc\u00ed se v kout\u011b. V\u0161echny tyto polohy si spolu s Vandamem pro\u017eijete&#8230; pokud ho budete poslouchat.<\/p>\n<h2>Hodnocen\u00ed: 85 %<\/h2>\n<p>Autorka: Olga Biern\u00e1tov\u00e1<\/p>\n","protected":false},"excerpt":{"rendered":"<p>Vandam je borec, kter\u00e9ho mo\u017en\u00e1 n\u011bkdy potk\u00e1te v n\u011bjak\u00e9m pajzlu a kter\u00fd je po t\u0159ech pivech na\u0161tvan\u00fd na cel\u00fd sv\u011bt a je to ochotn\u00fd vypr\u00e1v\u011bt komukoliv, kdo mu p\u0159ip\u00e1l\u00ed dal\u0161\u00ed c\u00edgo. Norm\u00e1ln\u011b bych ho p\u0159ehl\u00e9dla, ale ve form\u011b audioknihy byl dost cajk.<\/p>\n","protected":false},"author":2,"featured_media":0,"comment_status":"open","ping_status":"open","sticky":false,"template":"","format":"standard","meta":{"_acf_changed":false,"_monsterinsights_skip_tracking":false,"_monsterinsights_sitenote_active":false,"_monsterinsights_sitenote_note":"","_monsterinsights_sitenote_category":0,"_EventAllDay":false,"_EventTimezone":"","_EventStartDate":"","_EventEndDate":"","_EventStartDateUTC":"","_EventEndDateUTC":"","_EventShowMap":false,"_EventShowMapLink":false,"_EventURL":"","_EventCost":"","_EventCostDescription":"","_EventCurrencySymbol":"","_EventCurrencyCode":"","_EventCurrencyPosition":"","_EventDateTimeSeparator":"","_EventTimeRangeSeparator":"","_EventOrganizerID":[],"_EventVenueID":[],"_OrganizerEmail":"","_OrganizerPhone":"","_OrganizerWebsite":"","_VenueAddress":"","_VenueCity":"","_VenueCountry":"","_VenueProvince":"","_VenueState":"","_VenueZip":"","_VenuePhone":"","_VenueURL":"","_VenueStateProvince":"","_VenueLat":"","_VenueLng":"","_VenueShowMap":false,"_VenueShowMapLink":false,"twitterCardType":"","cardImageID":0,"cardImage":"","cardTitle":"","cardDesc":"","cardImageAlt":"","cardPlayer":"","cardPlayerWidth":0,"cardPlayerHeight":0,"cardPlayerStream":"","cardPlayerCodec":"","footnotes":""},"categories":[7],"tags":[],"class_list":["post-2459","post","type-post","status-publish","format-standard","hentry","category-recenze"],"acf":{"related_products":null},"_links":{"self":[{"href":"https:\/\/www.luxor.cz\/blog\/wp-json\/wp\/v2\/posts\/2459","targetHints":{"allow":["GET"]}}],"collection":[{"href":"https:\/\/www.luxor.cz\/blog\/wp-json\/wp\/v2\/posts"}],"about":[{"href":"https:\/\/www.luxor.cz\/blog\/wp-json\/wp\/v2\/types\/post"}],"author":[{"embeddable":true,"href":"https:\/\/www.luxor.cz\/blog\/wp-json\/wp\/v2\/users\/2"}],"replies":[{"embeddable":true,"href":"https:\/\/www.luxor.cz\/blog\/wp-json\/wp\/v2\/comments?post=2459"}],"version-history":[{"count":0,"href":"https:\/\/www.luxor.cz\/blog\/wp-json\/wp\/v2\/posts\/2459\/revisions"}],"wp:attachment":[{"href":"https:\/\/www.luxor.cz\/blog\/wp-json\/wp\/v2\/media?parent=2459"}],"wp:term":[{"taxonomy":"category","embeddable":true,"href":"https:\/\/www.luxor.cz\/blog\/wp-json\/wp\/v2\/categories?post=2459"},{"taxonomy":"post_tag","embeddable":true,"href":"https:\/\/www.luxor.cz\/blog\/wp-json\/wp\/v2\/tags?post=2459"}],"curies":[{"name":"wp","href":"https:\/\/api.w.org\/{rel}","templated":true}]}}