{"id":2449,"date":"2014-04-21T14:07:00","date_gmt":"2014-04-21T12:07:00","guid":{"rendered":"https:\/\/www.luxor.cz\/blog\/nezarazene\/letem-kniznim-svetem-16-tyden-2014\/"},"modified":"2023-01-06T16:16:11","modified_gmt":"2023-01-06T15:16:11","slug":"letem-kniznim-svetem-16-tyden-2014-482","status":"publish","type":"post","link":"https:\/\/www.luxor.cz\/blog\/nezarazene\/letem-kniznim-svetem-16-tyden-2014-482\/","title":{"rendered":"Letem kni\u017en\u00edm sv\u011btem (16. t\u00fdden 2014)"},"content":{"rendered":"<\/p>\n<p>Minul\u00fd t\u00fdden byly\u00a0vyhl\u00e1\u0161eny ceny MTV Movie Awards, a to znamen\u00e1 spoustu novinek, kter\u00e9 byly pr\u00e1v\u011b p\u0159i t\u00e9to p\u0159\u00edle\u017eitosti uvedeny. Sv\u011bt ale ne\u017eil jen filmov\u00fdmi cenami, ud\u011blena byla i Pulitzerova cena, ozn\u00e1meno bylo vyd\u00e1n\u00ed skv\u011bl\u00fdch knih a bohu\u017eel se s n\u00e1mi rozlou\u010dil i jeden velk\u00fd spisovatel.<\/p>\n<p>Pulitzerovu cenu za fikci z\u00edskala spisovatelka Donna Tartt za svoji knihu\u00a0<a href=\"http:\/\/neoluxor.cz\/cizojazycne-knihy\/goldfinch--201670\/\" target=\"_blank\" rel=\"noopener\">The Goldfinch<\/a>. P\u0159es sedm set stran dlouh\u00fd rom\u00e1n\u00a0byl Amazonem vyhl\u00e1\u0161en za knihu roku 2013 a redakto\u0159i<i>\u00a0New York Times Book Review<\/i> ji za\u0159adili mezi nejlep\u0161\u00ed knihy minul\u00e9ho roku. D\u011bj se odehr\u00e1v\u00e1 na Manhattanu a vypr\u00e1v\u00ed p\u0159\u00edb\u011bh mlad\u00e9ho chlapce, kter\u00fd se vyrovn\u00e1v\u00e1 se smrt\u00ed sv\u00e9 matky. Dal\u0161\u00edmi v\u00edt\u011bzi leto\u0161n\u00ed Pulitzerovy ceny jsou nap\u0159.\u00a0Vijay Seshadri za poezii\u00a0<i>3 Sections<\/i> a\u00a0Annie Baker za drama <i>The Flick<\/i>. Kompletn\u00ed v\u00fdsledky najdete na webu\u00a0<a href=\"http:\/\/www.pulitzer.org\/\" target=\"_blank\" rel=\"noopener\">http:\/\/www.pulitzer.org\/<\/a>.<\/p>\n<p>Ve sv\u00fdch 87 letech zem\u0159el v Mexiku kolumbijsk\u00fd spisovatel a dr\u017eitel Nobelovy ceny &#8211;\u00a0Gabriel Garc\u00eda M\u00e1rquez. Jeden z p\u0159edn\u00edch p\u0159edstavitel\u016f magick\u00e9ho realismu se narodil v roce 1927 v m\u011bste\u010dku\u00a0Aracataca. Na vysok\u00e9 \u0161kole studoval pr\u00e1va, kter\u00e1 v\u0161ak nedokon\u010dil. Od roku 1948 p\u016fsobil jako novin\u00e1\u0159 a v roce 1967 se dostavil velk\u00fd liter\u00e1rn\u00ed \u00fasp\u011bch doprov\u00e1zej\u00edc\u00ed jeho knihu <a href=\"http:\/\/neoluxor.cz\/beletrie\/sto-roku-samoty--12566\/\" target=\"_blank\" rel=\"noopener\"><\/a><a href=\"http:\/\/neoluxor.cz\/beletrie\/sto-roku-samoty--175344\/\" target=\"_blank\" rel=\"noopener\">Sto rok\u016f samoty<\/a>.<\/p>\n<p>J. K. Rowlingov\u00e1 na webu\u00a0<a href=\"https:\/\/www.pottermore.com\/\" target=\"_blank\" rel=\"noopener\">Pottermore.com<\/a>\u00a0zve\u0159ejnila 2 texty z\u00a0<i>History of the Quidditch World Cup<\/i>. Ginny Potter (d\u0159\u00edve Weasley) komentuje leto\u0161n\u00ed famfrp\u00e1lov\u00fd \u0161ampion\u00e1t, kter\u00fd se odehr\u00e1v\u00e1 v Patagonsk\u00e9 pou\u0161ti. V\u0161e je dostupn\u00e9 v sekci\u00a0<i>The\u00a0Daily Prophet<\/i>\u00a0na Pottermore. Sta\u010d\u00ed se registrovat. Na tuto ud\u00e1lost doporu\u010dujeme se p\u0159ipravit s knihou\u00a0<a href=\"http:\/\/neoluxor.cz\/detske\/famfrpal-v-prubehu-veku--199895\/\" target=\"_blank\" rel=\"noopener\">Famfrp\u00e1l v pr\u016fb\u011bhu v\u011bk\u016f<\/a>.<\/p>\n<\/p>\n<p><span style=\"color: rgb(0, 0, 0): font-size: 30px: font-weight: bold: line-height: 38px:\">P\u0159ipravovan\u00e9 knihy<\/span><\/p>\n<p>Pod\u00edvejte se do sekce <a href=\"http:\/\/neoluxor.cz\/pripravujeme\/\" target=\"_blank\" rel=\"noopener\">P\u0159ipravujeme<\/a> a zjist\u011bte, jak\u00e9 knihy vyjdou co nevid\u011bt u n\u00e1s.<\/p>\n<ul>\n<li><span style=\"line-height: 1.45em:\">Na podzim tohoto roku vyjde Davidu Mitchellovi, autorovi knihy <\/span><a href=\"http:\/\/neoluxor.cz\/beletrie\/atlas-mraku--182171\/\" style=\"line-height: 1.45em:\" target=\"_blank\" rel=\"noopener\">Atlas mrak\u016f<\/a><span style=\"line-height: 1.45em:\">, nov\u00e1 kniha s n\u00e1zvem\u00a0<\/span>The Bone Clocks. <span style=\"line-height: 1.45em:\">Mitchell nav\u00edc se sv\u00fdm nakladatelem dohodl vyd\u00e1n\u00ed dal\u0161\u00edch 3 knih, z nich\u017e jedna by m\u011bla b\u00fdt pokra\u010dov\u00e1n\u00edm jeho rom\u00e1nu\u00a0<\/span><i style=\"line-height: 1.45em:\">The Reason I Jump<\/i><span style=\"line-height: 1.45em:\">.<\/span><\/li>\n<\/ul>\n<ul>\n<li><span style=\"line-height: 1.45em:\">Letos v z\u00e1\u0159\u00ed se zva\u017euje vyd\u00e1n\u00ed kompilace\u00a0Dragons at Crumbling Castle. Nov\u00e1 kniha Terryho Pratchetta\u00a0je ur\u010dena p\u0159edev\u0161\u00edm mlad\u0161\u00edm \u010dten\u00e1\u0159\u016fm. Asi 400 str\u00e1nkov\u00e9 d\u00edlo bude obsahovat tak\u00e9 ilustrace\u00a0Marka Beeche. Pl\u00e1nuje se tak\u00e9 dal\u0161\u00ed d\u00edl\u00a0<i>Discworld Diaries<\/i>.<\/span><\/li>\n<\/ul>\n<ul>\n<li><span style=\"line-height: 1.45em:\">Laura Hillenbrand p\u0159epsala sv\u016fj rom\u00e1n <a href=\"http:\/\/neoluxor.cz\/beletrie\/nezlomeny-pribeh-z-druhe-svetove-valky--101939\/\" target=\"_blank\" rel=\"noopener\">Nezlomen\u00fd<\/a>\u00a0do young adult \u017e\u00e1nru. V origin\u00e1le vyjde v listopadu tohoto roku. Filmovou adaptaci p\u016fvodn\u00ed knihy re\u017e\u00edruje Angelina Jolie, premi\u00e9ra je pl\u00e1nov\u00e1na na leto\u0161n\u00ed V\u00e1noce.<\/span><\/li>\n<\/ul>\n<ul>\n<li><span style=\"line-height: 1.45em:\">Marie Lu, autorka dystopick\u00e9 trilogie <i>Legenda<\/i> (<a href=\"http:\/\/neoluxor.cz\/detske\/legenda--189590\/\" target=\"_blank\" rel=\"noopener\">Legenda<\/a>, <a href=\"http:\/\/neoluxor.cz\/detske\/fenomen--198359\/\" target=\"_blank\" rel=\"noopener\">Fenom\u00e9n<\/a>, <a href=\"http:\/\/neoluxor.cz\/detske\/sampion--205637\/\" target=\"_blank\" rel=\"noopener\">\u0160ampion<\/a>), pracuje na nov\u00e9 s\u00e9rii s n\u00e1zvem <i>The Young Elites<\/i>. \u017d\u00e1nrov\u011b spad\u00e1 do \u0161katulky paranorm\u00e1ln\u00ed fantasy. Hlavn\u00ed hrdinkou je\u00a0Adelina Amouteru, kter\u00e1 p\u0159e\u017eije epidemii moru a p\u0159id\u00e1v\u00e1 se do \u0159ad tajn\u00e9 organizace The Young Elites. D\u011bj je zasazen do doby, kter\u00e1 se podobn\u00e1 renesanci a prvn\u00ed d\u00edl vyjde v origin\u00e1le letos v \u0159\u00edjnu.<\/span><\/li>\n<\/ul>\n<ul>\n<li><span style=\"line-height: 1.45em:\">George R. R. Martin zve\u0159ejnil <a href=\"http:\/\/www.georgerrmartin.com\/world-of-ice-and-fire-sample\/\" target=\"_blank\" rel=\"noopener\">na sv\u00e9m webu<\/a> uk\u00e1zku z knihy <i>The World of Ice and Fire<\/i>. Jedn\u00e1 se o pr\u016fvodce po historii Sedmi kr\u00e1lovstv\u00ed. Pl\u00e1novan\u00e9 vyd\u00e1n\u00ed je \u0159\u00edjen 2014. Na autorov\u011b webu najdete tak\u00e9 uk\u00e1zky z chystan\u00e9ho 6. d\u00edlu s\u00e9rie <i>P\u00edse\u0148 ledu a ohn\u011b<\/i> s n\u00e1zvem <i>Winds of Winter<\/i>, kter\u00fd navazuje na <a href=\"http:\/\/neoluxor.cz\/beletrie\/tanec-s-draky--174093\/\" target=\"_blank\" rel=\"noopener\">Tanec s draky<\/a>.<\/span><\/li>\n<\/ul>\n<p><span style=\"color: rgb(0, 0, 0): font-size: 30px: font-weight: bold: line-height: 38px:\">Kni\u017en\u00ed novinky t\u00fddne<\/span><\/p>\n<p>Kompletn\u00ed p\u0159ehled novinek najdete v sekci <a href=\"http:\/\/neoluxor.cz\/nove-knihy\/\" target=\"_blank\" rel=\"noopener\">Nov\u00e9 knihy<\/a>.\u00a0<\/p>\n<\/p>\n<p><a href=\"http:\/\/neoluxor.cz\/beletrie\/jen-jeden-den--210137\/\" target=\"_blank\" rel=\"noopener\"><\/a><\/p>\n<\/p>\n<p><a href=\"http:\/\/neoluxor.cz\/beletrie\/half-bad-napul-zlly--210118\/\" target=\"_blank\" rel=\"noopener\"><\/a><\/p>\n<p><a href=\"http:\/\/neoluxor.cz\/beletrie\/anna-jaky-bude-rok-2082--210214\/\" target=\"_blank\" rel=\"noopener\"><\/a><\/p>\n<p><a href=\"http:\/\/neoluxor.cz\/beletrie\/prvnich-100--210212\/\" target=\"_blank\" rel=\"noopener\"><\/a><\/p>\n<p><a href=\"http:\/\/neoluxor.cz\/beletrie\/vek-x-1-sachovnice-bohu--210012\/\" target=\"_blank\" rel=\"noopener\"><\/a><\/p>\n<\/p>\n<p><a href=\"http:\/\/neoluxor.cz\/popularne-naucna\/pani-hemingwayova--210020\/\" target=\"_blank\" rel=\"noopener\"><\/a><\/p>\n<p><a href=\"http:\/\/neoluxor.cz\/beletrie\/andele-strazni--210001\/\" target=\"_blank\" rel=\"noopener\"><\/a><\/p>\n<p><a href=\"http:\/\/neoluxor.cz\/beletrie\/profesionalove--209949\/\" target=\"_blank\" rel=\"noopener\"><\/a><\/p>\n<p><a href=\"http:\/\/neoluxor.cz\/beletrie\/instinkt-dravce--209943\/\" target=\"_blank\" rel=\"noopener\"><\/a><\/p>\n<p><a href=\"http:\/\/neoluxor.cz\/beletrie\/stale-pulnoc--209934\/\" target=\"_blank\" rel=\"noopener\"><\/a><\/p>\n<p><span style=\"color: rgb(0, 0, 0): font-size: 30px: font-weight: bold: line-height: 38px:\">Filmov\u00e9 novinky<\/span><\/p>\n<p>Rom\u00e1n <a href=\"http:\/\/neoluxor.cz\/beletrie\/pokoj--101195\/\" target=\"_blank\" rel=\"noopener\">Pokoj<\/a> spisovatelky Emmy Donoghue zam\u00ed\u0159\u00ed na filmov\u00e1 pl\u00e1tna. Autorka na sv\u00e9m Twitteru uvedla, \u017ee si ve filmu zahraje\u00a0Brie Larson a re\u017eie se ujme\u00a0Lenny Abrahamson. Sc\u00e9n\u00e1\u0159 p\u00ed\u0161e sama autorka..<\/p>\n<\/p>\n<p>Za\u010dal casting na film podle knihy <a href=\"http:\/\/neoluxor.cz\/beletrie\/sirotcinec-slecny-peregrinove-pro-podivne-deti--176492\/\" target=\"_blank\" rel=\"noopener\">Sirot\u010dinec sle\u010dny Peregrinov\u00e9 pro podivn\u00e9 d\u011bti<\/a>. Film nato\u010d\u00ed pro studio 20th Century Fox zn\u00e1m\u00fd re\u017eis\u00e9r Tim Burton. Nat\u00e1\u010den\u00ed m\u00e1 za\u010d\u00edt letos v srpnu v Lond\u00fdn\u011b.<\/p>\n<p>Byl zve\u0159ejn\u011bn trailer na filmov\u00e9 zpracov\u00e1n\u00ed thrilleru <a href=\"http:\/\/neoluxor.cz\/beletrie\/zmizela--198031\/\" target=\"_blank\" rel=\"noopener\">Zmizel\u00e1<\/a> spisovatelky Gillian Flynnov\u00e9. V hlavn\u00ed roli se p\u0159edstav\u00ed Ben Afflec a\u00a0Rosamund Pike. Premi\u00e9ra je pl\u00e1nov\u00e1na na podzim 2014. Na pl\u00e1tna kin se p\u0159ipravuje tak\u00e9 dal\u0161\u00ed autor\u010dina kniha s n\u00e1zvem <a href=\"http:\/\/neoluxor.cz\/beletrie\/ostre-predmety--192099\/\" target=\"_blank\" rel=\"noopener\">Ostr\u00e9 p\u0159edm\u011bty<\/a>.<\/p>\n<p><\/p>\n<p>Dal\u0161\u00edm \u010derstv\u011b zve\u0159ejn\u011bn\u00fdm videem je trailer filmu <i>If I Stay<\/i> nato\u010den\u00fd podle knihy <a href=\"http:\/\/neoluxor.cz\/beletrie\/jestli-zustanu--100065\/\" target=\"_blank\" rel=\"noopener\">Jestli z\u016fstanu<\/a> Gayle Formanov\u00e9. Vypr\u00e1v\u00ed p\u0159\u00edb\u011bh \u0161estn\u00e1ctilet\u00e9 Mii, talentovan\u00e9 cellistky, kter\u00e1 jede s rodinou na v\u00fdlet, kdy\u017e do nich naraz\u00ed auto. Mia se vzbud\u00ed a nic nec\u00edt\u00ed, jen vid\u00ed sv\u00e9 mrtv\u00e9 rodi\u010de \u2013 a nakonec samu sebe. Jej\u00ed t\u011blo je v k\u00f3matu, ale ona sama m\u016f\u017ee vid\u011bt a sly\u0161et v\u0161e, co se kolem d\u011bje. Skrze jej\u00ed vzpom\u00ednky pomalu odkr\u00fdv\u00e1me jej\u00ed d\u011btstv\u00ed, pozn\u00e1v\u00e1me jej\u00ed rodinu i jej\u00edho kluka Adama, se kter\u00fdm sd\u00edlela l\u00e1sku k hudb\u011b.<\/p>\n<p><\/p>\n<p>Z chystan\u00e9 filmov\u00e9 adaptace knihy <a href=\"http:\/\/neoluxor.cz\/beletrie\/hvezdy-nam-nepraly--189632\/\" target=\"_blank\" rel=\"noopener\">Hv\u011bzdy n\u00e1m nep\u0159\u00e1ly<\/a>, kter\u00e1 bude do \u010desk\u00fdch knih uvedena u\u017e za\u010d\u00e1tkem \u010dervna, byla zve\u0159ejn\u011bna po traileru prvn\u00ed uk\u00e1zka. Z\u00e1rove\u0148 byl p\u0159edstaven kompletn\u00ed soundtrack, kter\u00e9mu v\u00e9vod\u00ed p\u00edse\u0148\u00a0<i>All Of The Stars<\/i> hudebn\u00edka Eda\u00a0Sheerana, kter\u00fd nazp\u00edval tak\u00e9 tituln\u00ed p\u00edse\u0148 k druh\u00e9mu d\u00edlu filmov\u00e9ho Hobita (<a href=\"https:\/\/www.youtube.com\/watch?v=uf8Fwiy0Bkc\" target=\"_blank\" rel=\"noopener\">I See Fire<\/a>).<\/p>\n<p><\/p>\n<p>Zdroje: Kniznivesmir.cz, Shelf-life.ew.com,\u00a0Bookriot.com, Mediabistro.com, Publishersweekly.com, Tor.com<\/p>\n<p>Autorka: Olga Biern\u00e1tov\u00e1<\/p><\/p>\n","protected":false},"excerpt":{"rendered":"<p>Novinky ze sv\u011bta knih od n\u00e1s i ze zahrani\u010d\u00ed. Co vych\u00e1z\u00ed, co vy\u0161lo, co se chyst\u00e1, na jakou filmovou adaptaci se t\u011b\u0161it a dal\u0161\u00ed aktuality.<\/p>\n","protected":false},"author":2,"featured_media":0,"comment_status":"open","ping_status":"open","sticky":false,"template":"","format":"standard","meta":{"_acf_changed":false,"_monsterinsights_skip_tracking":false,"_monsterinsights_sitenote_active":false,"_monsterinsights_sitenote_note":"","_monsterinsights_sitenote_category":0,"_EventAllDay":false,"_EventTimezone":"","_EventStartDate":"","_EventEndDate":"","_EventStartDateUTC":"","_EventEndDateUTC":"","_EventShowMap":false,"_EventShowMapLink":false,"_EventURL":"","_EventCost":"","_EventCostDescription":"","_EventCurrencySymbol":"","_EventCurrencyCode":"","_EventCurrencyPosition":"","_EventDateTimeSeparator":"","_EventTimeRangeSeparator":"","_EventOrganizerID":[],"_EventVenueID":[],"_OrganizerEmail":"","_OrganizerPhone":"","_OrganizerWebsite":"","_VenueAddress":"","_VenueCity":"","_VenueCountry":"","_VenueProvince":"","_VenueState":"","_VenueZip":"","_VenuePhone":"","_VenueURL":"","_VenueStateProvince":"","_VenueLat":"","_VenueLng":"","_VenueShowMap":false,"_VenueShowMapLink":false,"twitterCardType":"","cardImageID":0,"cardImage":"","cardTitle":"","cardDesc":"","cardImageAlt":"","cardPlayer":"","cardPlayerWidth":0,"cardPlayerHeight":0,"cardPlayerStream":"","cardPlayerCodec":"","footnotes":""},"categories":[1],"tags":[],"class_list":["post-2449","post","type-post","status-publish","format-standard","hentry","category-nezarazene"],"acf":{"related_products":null},"_links":{"self":[{"href":"https:\/\/www.luxor.cz\/blog\/wp-json\/wp\/v2\/posts\/2449","targetHints":{"allow":["GET"]}}],"collection":[{"href":"https:\/\/www.luxor.cz\/blog\/wp-json\/wp\/v2\/posts"}],"about":[{"href":"https:\/\/www.luxor.cz\/blog\/wp-json\/wp\/v2\/types\/post"}],"author":[{"embeddable":true,"href":"https:\/\/www.luxor.cz\/blog\/wp-json\/wp\/v2\/users\/2"}],"replies":[{"embeddable":true,"href":"https:\/\/www.luxor.cz\/blog\/wp-json\/wp\/v2\/comments?post=2449"}],"version-history":[{"count":0,"href":"https:\/\/www.luxor.cz\/blog\/wp-json\/wp\/v2\/posts\/2449\/revisions"}],"wp:attachment":[{"href":"https:\/\/www.luxor.cz\/blog\/wp-json\/wp\/v2\/media?parent=2449"}],"wp:term":[{"taxonomy":"category","embeddable":true,"href":"https:\/\/www.luxor.cz\/blog\/wp-json\/wp\/v2\/categories?post=2449"},{"taxonomy":"post_tag","embeddable":true,"href":"https:\/\/www.luxor.cz\/blog\/wp-json\/wp\/v2\/tags?post=2449"}],"curies":[{"name":"wp","href":"https:\/\/api.w.org\/{rel}","templated":true}]}}